{"id":6817,"date":"2012-05-31T11:49:05","date_gmt":"2012-05-31T09:49:05","guid":{"rendered":"https:\/\/preblogs.deusto.es\/empleo\/?p=2655"},"modified":"2012-05-31T11:49:05","modified_gmt":"2012-05-31T09:49:05","slug":"chatdeustoalumni-conecta-en-directo-con-especialistas-en-temas-de-actualidad","status":"publish","type":"post","link":"https:\/\/blogs.deusto.es\/alumni\/chatdeustoalumni-conecta-en-directo-con-especialistas-en-temas-de-actualidad\/","title":{"rendered":"#chatdeustoalumni, conecta en directo con especialistas en temas de actualidad"},"content":{"rendered":"<p>Comenzamos los\u00a0<strong>#chatdeustoalumni<\/strong>, una iniciativa de\u00a0Deusto Alumni para conectar en directo con expertos en distintos temas de actualidad.<\/p>\n<p>La iniciativa aprovecha la inmediatez que nos ofrece la red social Twitter y para participar, s\u00f3lo ten\u00e9is que plantear vuestras preguntas o enviar vuestros comentarios usando el hasgtag\u00a0<strong>#chatdeustoalumni<\/strong>\u00a0y desde nuestro perfil en Twitter (@DeustoAlumni) contestaremos en directo durante un per\u00edodo de tiempo determinado. Os informaremos con antelaci\u00f3n de la fecha y horario de cada cita y del tema a tratar.<\/p>\n<p>Cada #chatdeustoalumni se resumir\u00e1 y compartir\u00e1 posteriormente en este blog, en nuestro grupo Deusto Alumni en LinkedIn y en nuestra Fanpage.<\/p>\n<p>El primero de ellos ser\u00e1:<\/p>\n<blockquote><p>\u201c\u00bfPreparad@ para buscar\u00a0<strong>#empleo<\/strong>?\u201d,<\/p><\/blockquote>\n<p>Expertas de nuestro servicio de empleo, <a title=\"DeustuLan, Servicio de Empleo de la Universidad de Deusto \" href=\"http:\/\/www.deustulan.deusto.es\/servlet\/Satellite\/Page\/1110283406725\/_cast\/%231110283406725\/UniversidadDeusto\/Page\/DeustulanTPL\" target=\"_blank\">DeustuLan<\/a>, con cerca de 10 a\u00f1os de experiencia en la Intermediaci\u00f3n y Orientaci\u00f3n laboral responder\u00e1n en directo a dudas que quer\u00e1is plantear.<\/p>\n<p><strong>Cu\u00e1ndo<\/strong>: el jueves 7 de junio de 10,00 a 12,00h.<\/p>\n<p><strong>D\u00f3nde<\/strong>: en el hasgtag\u00a0<strong>#chatdeustoalumni<\/strong><\/p>\n<p>\u00a1Os animamos a participar!<\/p>\n","protected":false},"excerpt":{"rendered":"<p>Comenzamos los\u00a0#chatdeustoalumni, una iniciativa de\u00a0Deusto Alumni para conectar en directo con expertos en distintos temas de actualidad. La iniciativa aprovecha la inmediatez que nos ofrece la red social Twitter y para participar, s\u00f3lo ten\u00e9is que plantear vuestras preguntas o enviar vuestros comentarios usando el hasgtag\u00a0#chatdeustoalumni\u00a0y desde nuestro perfil en Twitter (@DeustoAlumni) contestaremos en directo durante [&hellip;]<\/p>\n","protected":false},"author":557,"featured_media":2657,"comment_status":"open","ping_status":"open","sticky":false,"template":"","format":"standard","meta":{"site-sidebar-layout":"default","site-content-layout":"","ast-site-content-layout":"default","site-content-style":"default","site-sidebar-style":"default","ast-global-header-display":"","ast-banner-title-visibility":"","ast-main-header-display":"","ast-hfb-above-header-display":"","ast-hfb-below-header-display":"","ast-hfb-mobile-header-display":"","site-post-title":"","ast-breadcrumbs-content":"","ast-featured-img":"","footer-sml-layout":"","ast-disable-related-posts":"","theme-transparent-header-meta":"","adv-header-id-meta":"","stick-header-meta":"","header-above-stick-meta":"","header-main-stick-meta":"","header-below-stick-meta":"","astra-migrate-meta-layouts":"default","ast-page-background-enabled":"default","ast-page-background-meta":{"desktop":{"background-color":"var(--ast-global-color-4)","background-image":"","background-repeat":"repeat","background-position":"center center","background-size":"auto","background-attachment":"scroll","background-type":"","background-media":"","overlay-type":"","overlay-color":"","overlay-opacity":"","overlay-gradient":""},"tablet":{"background-color":"","background-image":"","background-repeat":"repeat","background-position":"center center","background-size":"auto","background-attachment":"scroll","background-type":"","background-media":"","overlay-type":"","overlay-color":"","overlay-opacity":"","overlay-gradient":""},"mobile":{"background-color":"","background-image":"","background-repeat":"repeat","background-position":"center center","background-size":"auto","background-attachment":"scroll","background-type":"","background-media":"","overlay-type":"","overlay-color":"","overlay-opacity":"","overlay-gradient":""}},"ast-content-background-meta":{"desktop":{"background-color":"var(--ast-global-color-5)","background-image":"","background-repeat":"repeat","background-position":"center center","background-size":"auto","background-attachment":"scroll","background-type":"","background-media":"","overlay-type":"","overlay-color":"","overlay-opacity":"","overlay-gradient":""},"tablet":{"background-color":"var(--ast-global-color-5)","background-image":"","background-repeat":"repeat","background-position":"center center","background-size":"auto","background-attachment":"scroll","background-type":"","background-media":"","overlay-type":"","overlay-color":"","overlay-opacity":"","overlay-gradient":""},"mobile":{"background-color":"var(--ast-global-color-5)","background-image":"","background-repeat":"repeat","background-position":"center center","background-size":"auto","background-attachment":"scroll","background-type":"","background-media":"","overlay-type":"","overlay-color":"","overlay-opacity":"","overlay-gradient":""}},"footnotes":""},"categories":[319],"tags":[52],"class_list":["post-6817","post","type-post","status-publish","format-standard","has-post-thumbnail","hentry","category-busqueda-de-empleo-2","tag-chatdeustoalumni"],"_links":{"self":[{"href":"https:\/\/blogs.deusto.es\/alumni\/wp-json\/wp\/v2\/posts\/6817","targetHints":{"allow":["GET"]}}],"collection":[{"href":"https:\/\/blogs.deusto.es\/alumni\/wp-json\/wp\/v2\/posts"}],"about":[{"href":"https:\/\/blogs.deusto.es\/alumni\/wp-json\/wp\/v2\/types\/post"}],"author":[{"embeddable":true,"href":"https:\/\/blogs.deusto.es\/alumni\/wp-json\/wp\/v2\/users\/557"}],"replies":[{"embeddable":true,"href":"https:\/\/blogs.deusto.es\/alumni\/wp-json\/wp\/v2\/comments?post=6817"}],"version-history":[{"count":0,"href":"https:\/\/blogs.deusto.es\/alumni\/wp-json\/wp\/v2\/posts\/6817\/revisions"}],"wp:featuredmedia":[{"embeddable":true,"href":"https:\/\/blogs.deusto.es\/alumni\/wp-json\/"}],"wp:attachment":[{"href":"https:\/\/blogs.deusto.es\/alumni\/wp-json\/wp\/v2\/media?parent=6817"}],"wp:term":[{"taxonomy":"category","embeddable":true,"href":"https:\/\/blogs.deusto.es\/alumni\/wp-json\/wp\/v2\/categories?post=6817"},{"taxonomy":"post_tag","embeddable":true,"href":"https:\/\/blogs.deusto.es\/alumni\/wp-json\/wp\/v2\/tags?post=6817"}],"curies":[{"name":"wp","href":"https:\/\/api.w.org\/{rel}","templated":true}]}}