{"id":187,"date":"2016-03-22T09:59:51","date_gmt":"2016-03-22T08:59:51","guid":{"rendered":"https:\/\/preblogs.deusto.es\/aprender-ensenar\/?p=187"},"modified":"2016-04-20T08:44:19","modified_gmt":"2016-04-20T06:44:19","slug":"5-claves-para-ser-un-buen-gestor-de-proyectos","status":"publish","type":"post","link":"https:\/\/blogs.deusto.es\/aprender-ensenar\/5-claves-para-ser-un-buen-gestor-de-proyectos\/","title":{"rendered":"5 claves para ser un buen gestor de proyectos"},"content":{"rendered":"<p>La gesti\u00f3n de proyectos es una competencia profesional relevante en cualquier sector de actividad. Tanto o m\u00e1s importante que los conocimientos que adquirimos en nuestra formaci\u00f3n, lo son las habilidades y las actitudes que desarrollamos y que demostramos en un puesto de trabajo.\u00a0 En este sentido, aquello que puede hacernos destacar y diferenciarnos de otras personas es el desarrollo de competencias, una de ellas, la gesti\u00f3n de proyectos.<\/p>\n<p>No s\u00f3lo en el mercado laboral es relevante la capacidad de gestionar proyectos, en el \u00e1rea acad\u00e9mica, es decir, en cualquier programa de grado universitario, se desarrollan multitud de proyectos colaborativos que ponen a prueba nuestra capacidad como gestores de proyectos.<\/p>\n<p>\u00bfY qu\u00e9 hay que hacer para ser un buen gestor de proyectos?<\/p>\n<ol>\n<li><strong>Constituir un equipo de trabajo y hacer part\u00edcipe a todo el equipo en la definici\u00f3n y el alcance del proyecto<\/strong>. Esto es, cuando en un equipo todos sus miembros son conocedores de los objetivos que se persiguen y participan en la definici\u00f3n de los l\u00edmites y de los resultados esperados del proyecto, aumentan sus posibilidades de \u00e9xito.<\/li>\n<li><strong>Definir las fases del proyecto de forma detallada y realista<\/strong>. La definici\u00f3n de las tareas y subtareas de un proyecto es decisiva y cuanto mayor nivel de detalle exista, mayor claridad y nivel de desarrollo habr\u00e1 por parte de los miembros del proyecto. Mediante un Diagrama de Gantt\u00a0 podemos exponer gr\u00e1ficamente el listado de actividades o tareas de un proyecto y su temporalizaci\u00f3n. Para ello, <a href=\"http:\/\/gantter.com\/\">Gantter<\/a> es una herramienta tecnol\u00f3gica on-line y gratuita que nos facilita este proceso y muchas otras funciones relacionadas con la gesti\u00f3n de proyectos. \u00a0 \u00a0 \u00a0 \u00a0 \u00a0 \u00a0 \u00a0 \u00a0 \u00a0 \u00a0 \u00a0 \u00a0 \u00a0 \u00a0 \u00a0 \u00a0 \u00a0 \u00a0 \u00a0 \u00a0 \u00a0 \u00a0 \u00a0 \u00a0 \u00a0 \u00a0 \u00a0 \u00a0 \u00a0 \u00a0 \u00a0 \u00a0 \u00a0 \u00a0 \u00a0 \u00a0 \u00a0 \u00a0 \u00a0 \u00a0 \u00a0 \u00a0 \u00a0 \u00a0 \u00a0 \u00a0 \u00a0 \u00a0 \u00a0 \u00a0 \u00a0 \u00a0 \u00a0 \u00a0 \u00a0 \u00a0 \u00a0 \u00a0 \u00a0 \u00a0 \u00a0 \u00a0 \u00a0 \u00a0 \u00a0 \u00a0 \u00a0 \u00a0 \u00a0 \u00a0 \u00a0 \u00a0 \u00a0 \u00a0 \u00a0 \u00a0 \u00a0 \u00a0 \u00a0 \u00a0 \u00a0 \u00a0 \u00a0 \u00a0 \u00a0 \u00a0 \u00a0 \u00a0 \u00a0 \u00a0 \u00a0 \u00a0 \u00a0 \u00a0 \u00a0 \u00a0 \u00a0 \u00a0 \u00a0 \u00a0 \u00a0 \u00a0 \u00a0 \u00a0 \u00a0 \u00a0 \u00a0 \u00a0 \u00a0 \u00a0 \u00a0 \u00a0 \u00a0<a href=\"https:\/\/blogs.deusto.es\/aprender-ensenar\/wp-content\/uploads\/sites\/7\/2016\/03\/imagen-post.png\"><img decoding=\"async\" class=\" wp-image-188 aligncenter\" src=\"https:\/\/blogs.deusto.es\/aprender-ensenar\/wp-content\/uploads\/sites\/7\/2016\/03\/imagen-post-300x106.png\" alt=\"imagen post\" width=\"325\" height=\"115\" srcset=\"https:\/\/blogs.deusto.es\/wp-content\/uploads\/sites\/7\/2016\/03\/imagen-post-300x106.png 300w, https:\/\/blogs.deusto.es\/wp-content\/uploads\/sites\/7\/2016\/03\/imagen-post-960x340.png 960w, https:\/\/blogs.deusto.es\/wp-content\/uploads\/sites\/7\/2016\/03\/imagen-post.png 1009w\" sizes=\"(max-width: 325px) 100vw, 325px\" \/><\/a><\/li>\n<li><strong>Realizar una asignaci\u00f3n de responsables realista y equitativa<\/strong>. A la hora de asignar responsables a las tareas y subtareas del proyecto, hay que tener en cuenta los intereses, las fortalezas y las limitaciones de los miembros del equipo y equilibrar la carga de trabajo entre ellos. \u201cEl todo es m\u00e1s que la suma de las partes\u201d. Arist\u00f3teles.<\/li>\n<li><strong>Tener un control constante sobre el desarrollo del proyecto<\/strong>. Para evitar sorpresas de \u00faltima hora, es muy importante ser consciente en todo momento del estado actual de cada tarea y del proyecto en general. Forma parte de nuestra competencia de gesti\u00f3n de proyectos nuestra capacidad a la hora de revisar si se est\u00e1 cumpliendo la planificaci\u00f3n, si se est\u00e1n cumpliendo los objetivos y si todos los miembros del equipo llevan a cabo las tareas asignadas. Esto no quiere decir que no se puedan realizar ajustes en la planificaci\u00f3n, estos ajustes no son negativos, quiere decir que tambi\u00e9n somos capaces de ajustar la planificaci\u00f3n a las necesidades que van surgiendo.<\/li>\n<li><strong>Utilizar herramientas de comunicaci\u00f3n y de colaboraci\u00f3n. <\/strong>El trabajo en equipo es otra competencia que est\u00e1 necesariamente relacionada con la gesti\u00f3n de proyectos. Para ser un buen gestor de proyectos es necesario utilizar herramientas que permitan tener una comunicaci\u00f3n fluida entre los miembros del equipo y que permita tomar decisiones sobre el desarrollo del proyecto. Gracias a herramientas colaborativas como \u201c<a href=\"https:\/\/www.google.com\/docs\">Google docs<\/a>\u201d podemos trabajar en cualquier momento y desde cualquier lugar junto con nuestro equipo de proyecto, comunicarnos y debatir determinadas cuestiones.<\/li>\n<\/ol>\n<p>Para evaluar la competencia de gesti\u00f3n de proyectos, en la Universidad de Deusto se est\u00e1 llevando a cabo una investigaci\u00f3n en la que participan cerca de 300 alumnos de la Universidad. La investigaci\u00f3n dirigida por Iratxe Menchaca,consiste en estudiar los datos extra\u00eddos del uso que realizan los alumnos de las herramientas Gantter y Google Docs, para analizar su competencia de gesti\u00f3n de proyectos y ofrecerles un feedback continuado sobre su nivel de desarrollo de la competencia. \u00a0Los resultados del estudio\u00a0se conocer\u00e1n hacia final de a\u00f1o y permitir\u00e1n dar un paso adelante en la mejora de los procesos de evaluaci\u00f3n de competencias.<\/p>\n","protected":false},"excerpt":{"rendered":"<p>La gesti\u00f3n de proyectos es una competencia profesional relevante en cualquier sector de actividad. Tanto o m\u00e1s importante que los conocimientos que adquirimos en nuestra formaci\u00f3n, lo son las habilidades y las actitudes que desarrollamos y que demostramos en un&#8230; <a class=\"more-link\" href=\"https:\/\/blogs.deusto.es\/aprender-ensenar\/5-claves-para-ser-un-buen-gestor-de-proyectos\/\">Seguir leyendo &rarr;<\/a><\/p>\n","protected":false},"author":174,"featured_media":202,"comment_status":"open","ping_status":"open","sticky":false,"template":"","format":"standard","meta":{"footnotes":""},"categories":[1],"tags":[43,41,13,42],"class_list":["post-187","post","type-post","status-publish","format-standard","has-post-thumbnail","hentry","category-sin-categorizar","tag-desarollo","tag-gestor","tag-herramientas","tag-proyecto"],"yoast_head":"<!-- This site is optimized with the Yoast SEO plugin v27.4 - https:\/\/yoast.com\/product\/yoast-seo-wordpress\/ -->\n<title>5 claves para ser un buen gestor de proyectos - Aprender para ense\u00f1ar<\/title>\n<meta name=\"robots\" content=\"index, follow, max-snippet:-1, max-image-preview:large, max-video-preview:-1\" \/>\n<link rel=\"canonical\" href=\"https:\/\/blogs.deusto.es\/aprender-ensenar\/5-claves-para-ser-un-buen-gestor-de-proyectos\/\" \/>\n<meta property=\"og:locale\" content=\"es_ES\" \/>\n<meta property=\"og:type\" content=\"article\" \/>\n<meta property=\"og:title\" content=\"5 claves para ser un buen gestor de proyectos - Aprender para ense\u00f1ar\" \/>\n<meta property=\"og:description\" content=\"La gesti\u00f3n de proyectos es una competencia profesional relevante en cualquier sector de actividad. Tanto o m\u00e1s importante que los conocimientos que adquirimos en nuestra formaci\u00f3n, lo son las habilidades y las actitudes que desarrollamos y que demostramos en un... Seguir leyendo &rarr;\" \/>\n<meta property=\"og:url\" content=\"https:\/\/blogs.deusto.es\/aprender-ensenar\/5-claves-para-ser-un-buen-gestor-de-proyectos\/\" \/>\n<meta property=\"og:site_name\" content=\"Aprender para ense\u00f1ar\" \/>\n<meta property=\"article:published_time\" content=\"2016-03-22T08:59:51+00:00\" \/>\n<meta property=\"article:modified_time\" content=\"2016-04-20T06:44:19+00:00\" \/>\n<meta property=\"og:image\" content=\"https:\/\/blogs.deusto.es\/alumni\/wp-content\/uploads\/sites\/7\/2016\/03\/work-management-907670_1280.jpg\" \/>\n\t<meta property=\"og:image:width\" content=\"1280\" \/>\n\t<meta property=\"og:image:height\" content=\"822\" \/>\n\t<meta property=\"og:image:type\" content=\"image\/jpeg\" \/>\n<meta name=\"author\" content=\"Iratxe Mentxaka Sierra\" \/>\n<meta name=\"twitter:card\" content=\"summary_large_image\" \/>\n<meta name=\"twitter:label1\" content=\"Escrito por\" \/>\n\t<meta name=\"twitter:data1\" content=\"Iratxe Mentxaka Sierra\" \/>\n\t<meta name=\"twitter:label2\" content=\"Tiempo de lectura\" \/>\n\t<meta name=\"twitter:data2\" content=\"3 minutos\" \/>\n<script type=\"application\/ld+json\" class=\"yoast-schema-graph\">{\"@context\":\"https:\\\/\\\/schema.org\",\"@graph\":[{\"@type\":\"Article\",\"@id\":\"https:\\\/\\\/blogs.deusto.es\\\/aprender-ensenar\\\/5-claves-para-ser-un-buen-gestor-de-proyectos\\\/#article\",\"isPartOf\":{\"@id\":\"https:\\\/\\\/blogs.deusto.es\\\/aprender-ensenar\\\/5-claves-para-ser-un-buen-gestor-de-proyectos\\\/\"},\"author\":{\"name\":\"Iratxe Mentxaka Sierra\",\"@id\":\"https:\\\/\\\/blogs.deusto.es\\\/aprender-ensenar\\\/#\\\/schema\\\/person\\\/017ef59085d94425bb784c5798e6e2e3\"},\"headline\":\"5 claves para ser un buen gestor de proyectos\",\"datePublished\":\"2016-03-22T08:59:51+00:00\",\"dateModified\":\"2016-04-20T06:44:19+00:00\",\"mainEntityOfPage\":{\"@id\":\"https:\\\/\\\/blogs.deusto.es\\\/aprender-ensenar\\\/5-claves-para-ser-un-buen-gestor-de-proyectos\\\/\"},\"wordCount\":661,\"commentCount\":0,\"image\":{\"@id\":\"https:\\\/\\\/blogs.deusto.es\\\/aprender-ensenar\\\/5-claves-para-ser-un-buen-gestor-de-proyectos\\\/#primaryimage\"},\"thumbnailUrl\":\"https:\\\/\\\/blogs.deusto.es\\\/wp-content\\\/uploads\\\/sites\\\/7\\\/2016\\\/03\\\/work-management-907670_1280.jpg\",\"keywords\":[\"Desarollo\",\"Gestor\",\"Herramientas\",\"Proyecto\"],\"articleSection\":[\"Sin categorizar\"],\"inLanguage\":\"es\",\"potentialAction\":[{\"@type\":\"CommentAction\",\"name\":\"Comment\",\"target\":[\"https:\\\/\\\/blogs.deusto.es\\\/aprender-ensenar\\\/5-claves-para-ser-un-buen-gestor-de-proyectos\\\/#respond\"]}]},{\"@type\":\"WebPage\",\"@id\":\"https:\\\/\\\/blogs.deusto.es\\\/aprender-ensenar\\\/5-claves-para-ser-un-buen-gestor-de-proyectos\\\/\",\"url\":\"https:\\\/\\\/blogs.deusto.es\\\/aprender-ensenar\\\/5-claves-para-ser-un-buen-gestor-de-proyectos\\\/\",\"name\":\"5 claves para ser un buen gestor de proyectos - Aprender para ense\u00f1ar\",\"isPartOf\":{\"@id\":\"https:\\\/\\\/blogs.deusto.es\\\/aprender-ensenar\\\/#website\"},\"primaryImageOfPage\":{\"@id\":\"https:\\\/\\\/blogs.deusto.es\\\/aprender-ensenar\\\/5-claves-para-ser-un-buen-gestor-de-proyectos\\\/#primaryimage\"},\"image\":{\"@id\":\"https:\\\/\\\/blogs.deusto.es\\\/aprender-ensenar\\\/5-claves-para-ser-un-buen-gestor-de-proyectos\\\/#primaryimage\"},\"thumbnailUrl\":\"https:\\\/\\\/blogs.deusto.es\\\/wp-content\\\/uploads\\\/sites\\\/7\\\/2016\\\/03\\\/work-management-907670_1280.jpg\",\"datePublished\":\"2016-03-22T08:59:51+00:00\",\"dateModified\":\"2016-04-20T06:44:19+00:00\",\"author\":{\"@id\":\"https:\\\/\\\/blogs.deusto.es\\\/aprender-ensenar\\\/#\\\/schema\\\/person\\\/017ef59085d94425bb784c5798e6e2e3\"},\"breadcrumb\":{\"@id\":\"https:\\\/\\\/blogs.deusto.es\\\/aprender-ensenar\\\/5-claves-para-ser-un-buen-gestor-de-proyectos\\\/#breadcrumb\"},\"inLanguage\":\"es\",\"potentialAction\":[{\"@type\":\"ReadAction\",\"target\":[\"https:\\\/\\\/blogs.deusto.es\\\/aprender-ensenar\\\/5-claves-para-ser-un-buen-gestor-de-proyectos\\\/\"]}]},{\"@type\":\"ImageObject\",\"inLanguage\":\"es\",\"@id\":\"https:\\\/\\\/blogs.deusto.es\\\/aprender-ensenar\\\/5-claves-para-ser-un-buen-gestor-de-proyectos\\\/#primaryimage\",\"url\":\"https:\\\/\\\/blogs.deusto.es\\\/wp-content\\\/uploads\\\/sites\\\/7\\\/2016\\\/03\\\/work-management-907670_1280.jpg\",\"contentUrl\":\"https:\\\/\\\/blogs.deusto.es\\\/wp-content\\\/uploads\\\/sites\\\/7\\\/2016\\\/03\\\/work-management-907670_1280.jpg\",\"width\":1280,\"height\":822},{\"@type\":\"BreadcrumbList\",\"@id\":\"https:\\\/\\\/blogs.deusto.es\\\/aprender-ensenar\\\/5-claves-para-ser-un-buen-gestor-de-proyectos\\\/#breadcrumb\",\"itemListElement\":[{\"@type\":\"ListItem\",\"position\":1,\"name\":\"Portada\",\"item\":\"https:\\\/\\\/blogs.deusto.es\\\/aprender-ensenar\\\/\"},{\"@type\":\"ListItem\",\"position\":2,\"name\":\"5 claves para ser un buen gestor de proyectos\"}]},{\"@type\":\"WebSite\",\"@id\":\"https:\\\/\\\/blogs.deusto.es\\\/aprender-ensenar\\\/#website\",\"url\":\"https:\\\/\\\/blogs.deusto.es\\\/aprender-ensenar\\\/\",\"name\":\"Aprender para ense\u00f1ar\",\"description\":\"Innovaci\u00f3n docente, Formaci\u00f3n Online, Formaci\u00f3n Dual  y TIC en la Universidad de Deusto\",\"potentialAction\":[{\"@type\":\"SearchAction\",\"target\":{\"@type\":\"EntryPoint\",\"urlTemplate\":\"https:\\\/\\\/blogs.deusto.es\\\/aprender-ensenar\\\/?s={search_term_string}\"},\"query-input\":{\"@type\":\"PropertyValueSpecification\",\"valueRequired\":true,\"valueName\":\"search_term_string\"}}],\"inLanguage\":\"es\"},{\"@type\":\"Person\",\"@id\":\"https:\\\/\\\/blogs.deusto.es\\\/aprender-ensenar\\\/#\\\/schema\\\/person\\\/017ef59085d94425bb784c5798e6e2e3\",\"name\":\"Iratxe Mentxaka Sierra\",\"image\":{\"@type\":\"ImageObject\",\"inLanguage\":\"es\",\"@id\":\"https:\\\/\\\/secure.gravatar.com\\\/avatar\\\/e44cc39642c443b78adbe3507967f528c32b6042ccaceb7397cd4f95779457e1?s=96&d=mm&r=g\",\"url\":\"https:\\\/\\\/secure.gravatar.com\\\/avatar\\\/e44cc39642c443b78adbe3507967f528c32b6042ccaceb7397cd4f95779457e1?s=96&d=mm&r=g\",\"contentUrl\":\"https:\\\/\\\/secure.gravatar.com\\\/avatar\\\/e44cc39642c443b78adbe3507967f528c32b6042ccaceb7397cd4f95779457e1?s=96&d=mm&r=g\",\"caption\":\"Iratxe Mentxaka Sierra\"},\"description\":\"Pedagoga e Investigadora en Tecnolog\u00eda Educativa. Deusto Learning - Facultad de Ingenier\u00eda UD\",\"url\":\"https:\\\/\\\/blogs.deusto.es\\\/aprender-ensenar\\\/author\\\/iratxe-mentxaka\\\/\"}]}<\/script>\n<!-- \/ Yoast SEO plugin. -->","yoast_head_json":{"title":"5 claves para ser un buen gestor de proyectos - Aprender para ense\u00f1ar","robots":{"index":"index","follow":"follow","max-snippet":"max-snippet:-1","max-image-preview":"max-image-preview:large","max-video-preview":"max-video-preview:-1"},"canonical":"https:\/\/blogs.deusto.es\/aprender-ensenar\/5-claves-para-ser-un-buen-gestor-de-proyectos\/","og_locale":"es_ES","og_type":"article","og_title":"5 claves para ser un buen gestor de proyectos - Aprender para ense\u00f1ar","og_description":"La gesti\u00f3n de proyectos es una competencia profesional relevante en cualquier sector de actividad. Tanto o m\u00e1s importante que los conocimientos que adquirimos en nuestra formaci\u00f3n, lo son las habilidades y las actitudes que desarrollamos y que demostramos en un... Seguir leyendo &rarr;","og_url":"https:\/\/blogs.deusto.es\/aprender-ensenar\/5-claves-para-ser-un-buen-gestor-de-proyectos\/","og_site_name":"Aprender para ense\u00f1ar","article_published_time":"2016-03-22T08:59:51+00:00","article_modified_time":"2016-04-20T06:44:19+00:00","og_image":[{"width":1280,"height":822,"url":"https:\/\/blogs.deusto.es\/alumni\/wp-content\/uploads\/sites\/7\/2016\/03\/work-management-907670_1280.jpg","type":"image\/jpeg"}],"author":"Iratxe Mentxaka Sierra","twitter_card":"summary_large_image","twitter_misc":{"Escrito por":"Iratxe Mentxaka Sierra","Tiempo de lectura":"3 minutos"},"schema":{"@context":"https:\/\/schema.org","@graph":[{"@type":"Article","@id":"https:\/\/blogs.deusto.es\/aprender-ensenar\/5-claves-para-ser-un-buen-gestor-de-proyectos\/#article","isPartOf":{"@id":"https:\/\/blogs.deusto.es\/aprender-ensenar\/5-claves-para-ser-un-buen-gestor-de-proyectos\/"},"author":{"name":"Iratxe Mentxaka Sierra","@id":"https:\/\/blogs.deusto.es\/aprender-ensenar\/#\/schema\/person\/017ef59085d94425bb784c5798e6e2e3"},"headline":"5 claves para ser un buen gestor de proyectos","datePublished":"2016-03-22T08:59:51+00:00","dateModified":"2016-04-20T06:44:19+00:00","mainEntityOfPage":{"@id":"https:\/\/blogs.deusto.es\/aprender-ensenar\/5-claves-para-ser-un-buen-gestor-de-proyectos\/"},"wordCount":661,"commentCount":0,"image":{"@id":"https:\/\/blogs.deusto.es\/aprender-ensenar\/5-claves-para-ser-un-buen-gestor-de-proyectos\/#primaryimage"},"thumbnailUrl":"https:\/\/blogs.deusto.es\/wp-content\/uploads\/sites\/7\/2016\/03\/work-management-907670_1280.jpg","keywords":["Desarollo","Gestor","Herramientas","Proyecto"],"articleSection":["Sin categorizar"],"inLanguage":"es","potentialAction":[{"@type":"CommentAction","name":"Comment","target":["https:\/\/blogs.deusto.es\/aprender-ensenar\/5-claves-para-ser-un-buen-gestor-de-proyectos\/#respond"]}]},{"@type":"WebPage","@id":"https:\/\/blogs.deusto.es\/aprender-ensenar\/5-claves-para-ser-un-buen-gestor-de-proyectos\/","url":"https:\/\/blogs.deusto.es\/aprender-ensenar\/5-claves-para-ser-un-buen-gestor-de-proyectos\/","name":"5 claves para ser un buen gestor de proyectos - Aprender para ense\u00f1ar","isPartOf":{"@id":"https:\/\/blogs.deusto.es\/aprender-ensenar\/#website"},"primaryImageOfPage":{"@id":"https:\/\/blogs.deusto.es\/aprender-ensenar\/5-claves-para-ser-un-buen-gestor-de-proyectos\/#primaryimage"},"image":{"@id":"https:\/\/blogs.deusto.es\/aprender-ensenar\/5-claves-para-ser-un-buen-gestor-de-proyectos\/#primaryimage"},"thumbnailUrl":"https:\/\/blogs.deusto.es\/wp-content\/uploads\/sites\/7\/2016\/03\/work-management-907670_1280.jpg","datePublished":"2016-03-22T08:59:51+00:00","dateModified":"2016-04-20T06:44:19+00:00","author":{"@id":"https:\/\/blogs.deusto.es\/aprender-ensenar\/#\/schema\/person\/017ef59085d94425bb784c5798e6e2e3"},"breadcrumb":{"@id":"https:\/\/blogs.deusto.es\/aprender-ensenar\/5-claves-para-ser-un-buen-gestor-de-proyectos\/#breadcrumb"},"inLanguage":"es","potentialAction":[{"@type":"ReadAction","target":["https:\/\/blogs.deusto.es\/aprender-ensenar\/5-claves-para-ser-un-buen-gestor-de-proyectos\/"]}]},{"@type":"ImageObject","inLanguage":"es","@id":"https:\/\/blogs.deusto.es\/aprender-ensenar\/5-claves-para-ser-un-buen-gestor-de-proyectos\/#primaryimage","url":"https:\/\/blogs.deusto.es\/wp-content\/uploads\/sites\/7\/2016\/03\/work-management-907670_1280.jpg","contentUrl":"https:\/\/blogs.deusto.es\/wp-content\/uploads\/sites\/7\/2016\/03\/work-management-907670_1280.jpg","width":1280,"height":822},{"@type":"BreadcrumbList","@id":"https:\/\/blogs.deusto.es\/aprender-ensenar\/5-claves-para-ser-un-buen-gestor-de-proyectos\/#breadcrumb","itemListElement":[{"@type":"ListItem","position":1,"name":"Portada","item":"https:\/\/blogs.deusto.es\/aprender-ensenar\/"},{"@type":"ListItem","position":2,"name":"5 claves para ser un buen gestor de proyectos"}]},{"@type":"WebSite","@id":"https:\/\/blogs.deusto.es\/aprender-ensenar\/#website","url":"https:\/\/blogs.deusto.es\/aprender-ensenar\/","name":"Aprender para ense\u00f1ar","description":"Innovaci\u00f3n docente, Formaci\u00f3n Online, Formaci\u00f3n Dual  y TIC en la Universidad de Deusto","potentialAction":[{"@type":"SearchAction","target":{"@type":"EntryPoint","urlTemplate":"https:\/\/blogs.deusto.es\/aprender-ensenar\/?s={search_term_string}"},"query-input":{"@type":"PropertyValueSpecification","valueRequired":true,"valueName":"search_term_string"}}],"inLanguage":"es"},{"@type":"Person","@id":"https:\/\/blogs.deusto.es\/aprender-ensenar\/#\/schema\/person\/017ef59085d94425bb784c5798e6e2e3","name":"Iratxe Mentxaka Sierra","image":{"@type":"ImageObject","inLanguage":"es","@id":"https:\/\/secure.gravatar.com\/avatar\/e44cc39642c443b78adbe3507967f528c32b6042ccaceb7397cd4f95779457e1?s=96&d=mm&r=g","url":"https:\/\/secure.gravatar.com\/avatar\/e44cc39642c443b78adbe3507967f528c32b6042ccaceb7397cd4f95779457e1?s=96&d=mm&r=g","contentUrl":"https:\/\/secure.gravatar.com\/avatar\/e44cc39642c443b78adbe3507967f528c32b6042ccaceb7397cd4f95779457e1?s=96&d=mm&r=g","caption":"Iratxe Mentxaka Sierra"},"description":"Pedagoga e Investigadora en Tecnolog\u00eda Educativa. Deusto Learning - Facultad de Ingenier\u00eda UD","url":"https:\/\/blogs.deusto.es\/aprender-ensenar\/author\/iratxe-mentxaka\/"}]}},"_links":{"self":[{"href":"https:\/\/blogs.deusto.es\/aprender-ensenar\/wp-json\/wp\/v2\/posts\/187","targetHints":{"allow":["GET"]}}],"collection":[{"href":"https:\/\/blogs.deusto.es\/aprender-ensenar\/wp-json\/wp\/v2\/posts"}],"about":[{"href":"https:\/\/blogs.deusto.es\/aprender-ensenar\/wp-json\/wp\/v2\/types\/post"}],"author":[{"embeddable":true,"href":"https:\/\/blogs.deusto.es\/aprender-ensenar\/wp-json\/wp\/v2\/users\/174"}],"replies":[{"embeddable":true,"href":"https:\/\/blogs.deusto.es\/aprender-ensenar\/wp-json\/wp\/v2\/comments?post=187"}],"version-history":[{"count":9,"href":"https:\/\/blogs.deusto.es\/aprender-ensenar\/wp-json\/wp\/v2\/posts\/187\/revisions"}],"predecessor-version":[{"id":283,"href":"https:\/\/blogs.deusto.es\/aprender-ensenar\/wp-json\/wp\/v2\/posts\/187\/revisions\/283"}],"wp:featuredmedia":[{"embeddable":true,"href":"https:\/\/blogs.deusto.es\/aprender-ensenar\/wp-json\/wp\/v2\/media\/202"}],"wp:attachment":[{"href":"https:\/\/blogs.deusto.es\/aprender-ensenar\/wp-json\/wp\/v2\/media?parent=187"}],"wp:term":[{"taxonomy":"category","embeddable":true,"href":"https:\/\/blogs.deusto.es\/aprender-ensenar\/wp-json\/wp\/v2\/categories?post=187"},{"taxonomy":"post_tag","embeddable":true,"href":"https:\/\/blogs.deusto.es\/aprender-ensenar\/wp-json\/wp\/v2\/tags?post=187"}],"curies":[{"name":"wp","href":"https:\/\/api.w.org\/{rel}","templated":true}]}}