{"id":2862,"date":"2019-10-01T10:00:29","date_gmt":"2019-10-01T08:00:29","guid":{"rendered":"https:\/\/preblogs.deusto.es\/aprender-ensenar\/?p=2862"},"modified":"2019-10-04T09:14:43","modified_gmt":"2019-10-04T07:14:43","slug":"tus-ultimas-calificaciones-en-la-palma-de-la-mano","status":"publish","type":"post","link":"https:\/\/blogs.deusto.es\/aprender-ensenar\/tus-ultimas-calificaciones-en-la-palma-de-la-mano\/","title":{"rendered":"Tus \u00faltimas calificaciones en la palma de la mano"},"content":{"rendered":"\n<p>NOTA: Post dedicado al\nalumnado de la Universidad de Deusto, que sabemos que tambi\u00e9n nos sigue.&nbsp;<\/p>\n\n\n\n<p>\u00bfEst\u00e1s cansado de tener que pasar por toda la Extranet y toda la secretar\u00eda virtual para poder ver las calificaciones de las asignaturas que cursas? Eso puede cambiar ya que desde la Universidad hemos lanzado una aplicaci\u00f3n v\u00e1lida tanto para sistemas IOs como para Android. En ella podr\u00e1s ver las calificaciones finales de tus asignaturas cuando est\u00e9n disponibles, tan solo con un click en una aplicaci\u00f3n de tu dispositivo m\u00f3vil.<\/p>\n\n\n\n<p>Para poder descargarla tendr\u00e1s que ir al \u201cPlay Store\u201d si est\u00e1s en un sistema Android o por lo contrario a la \u201cApp Store\u201d si est\u00e1s en un sistema IOs. <\/p>\n\n\n\n<p>Lo primero ser\u00e1 poner en el buscador \u201cDeusto App\u201d:<\/p>\n\n\n\n<div class=\"wp-block-image\"><figure class=\"aligncenter is-resized\"><img fetchpriority=\"high\" decoding=\"async\" src=\"https:\/\/blogs.deusto.es\/aprender-ensenar\/wp-content\/uploads\/sites\/7\/2019\/09\/1-1.png\" alt=\"\" class=\"wp-image-2864\" width=\"199\" height=\"356\" srcset=\"https:\/\/blogs.deusto.es\/wp-content\/uploads\/sites\/7\/2019\/09\/1-1.png 327w, https:\/\/blogs.deusto.es\/wp-content\/uploads\/sites\/7\/2019\/09\/1-1-168x300.png 168w\" sizes=\"(max-width: 199px) 100vw, 199px\" \/><\/figure><\/div>\n\n\n\n<p>Una vez lo hayas puesto, le dar\u00e1s al bot\u00f3n de buscar.<\/p>\n\n\n\n<p>Elegimos la app, la que se muestra en la imagen inferior, y de tendr\u00e1s que tocar sobre descargar.:<\/p>\n\n\n\n<div class=\"wp-block-image\"><figure class=\"aligncenter is-resized\"><img decoding=\"async\" src=\"https:\/\/blogs.deusto.es\/aprender-ensenar\/wp-content\/uploads\/sites\/7\/2019\/09\/2.png\" alt=\"\" class=\"wp-image-2866\" width=\"200\" height=\"357\" srcset=\"https:\/\/blogs.deusto.es\/wp-content\/uploads\/sites\/7\/2019\/09\/2.png 346w, https:\/\/blogs.deusto.es\/wp-content\/uploads\/sites\/7\/2019\/09\/2-168x300.png 168w\" sizes=\"(max-width: 200px) 100vw, 200px\" \/><\/figure><\/div>\n\n\n\n<p>Una vez descargado e instalado, tendr\u00e1s que proceder a introducir tu correo y tu contrase\u00f1a, tal y como se muestra en la imagen de abajo.<\/p>\n\n\n\n<div class=\"wp-block-image\"><figure class=\"aligncenter is-resized\"><img decoding=\"async\" src=\"https:\/\/blogs.deusto.es\/aprender-ensenar\/wp-content\/uploads\/sites\/7\/2019\/09\/3-1.png\" alt=\"\" class=\"wp-image-2867\" width=\"202\" height=\"359\" srcset=\"https:\/\/blogs.deusto.es\/wp-content\/uploads\/sites\/7\/2019\/09\/3-1.png 310w, https:\/\/blogs.deusto.es\/wp-content\/uploads\/sites\/7\/2019\/09\/3-1-168x300.png 168w\" sizes=\"(max-width: 202px) 100vw, 202px\" \/><\/figure><\/div>\n\n\n\n<p>Si tienes cualquier duda, puedes contactar con aula.tic@deusto.es.<\/p>\n\n\n\n<p>Ah, por cierto, si\nquieres contarnos c\u00f3mo has vivido innovaciones docentes en tus asignaturas,\ns\u00f3lo tienes que ponerte en contacto con nosotros y mandarnos un mail a&nbsp;<a href=\"mailto:aarruti@deusto.es\" target=\"_blank\" rel=\"noreferrer noopener\">aarruti@deusto.es<\/a>&nbsp;(Arantza\nArruti).<\/p>\n","protected":false},"excerpt":{"rendered":"<p>NOTA: Post dedicado al alumnado de la Universidad de Deusto, que sabemos que tambi\u00e9n nos sigue.&nbsp; \u00bfEst\u00e1s cansado de tener que pasar por toda la Extranet y toda la secretar\u00eda virtual para poder ver las calificaciones de las asignaturas que&#8230; <a class=\"more-link\" href=\"https:\/\/blogs.deusto.es\/aprender-ensenar\/tus-ultimas-calificaciones-en-la-palma-de-la-mano\/\">Seguir leyendo &rarr;<\/a><\/p>\n","protected":false},"author":581,"featured_media":2870,"comment_status":"open","ping_status":"open","sticky":false,"template":"","format":"standard","meta":{"footnotes":""},"categories":[1],"tags":[225,180,507,506,255],"class_list":["post-2862","post","type-post","status-publish","format-standard","has-post-thumbnail","hentry","category-sin-categorizar","tag-aplicacion","tag-aulatic","tag-calificaciones","tag-deustoapp","tag-iktgela"],"yoast_head":"<!-- This site is optimized with the Yoast SEO plugin v27.4 - https:\/\/yoast.com\/product\/yoast-seo-wordpress\/ -->\n<title>Tus \u00faltimas calificaciones en la palma de la mano - Aprender para ense\u00f1ar<\/title>\n<meta name=\"robots\" content=\"index, follow, max-snippet:-1, max-image-preview:large, max-video-preview:-1\" \/>\n<link rel=\"canonical\" href=\"https:\/\/blogs.deusto.es\/aprender-ensenar\/tus-ultimas-calificaciones-en-la-palma-de-la-mano\/\" \/>\n<meta property=\"og:locale\" content=\"es_ES\" \/>\n<meta property=\"og:type\" content=\"article\" \/>\n<meta property=\"og:title\" content=\"Tus \u00faltimas calificaciones en la palma de la mano - Aprender para ense\u00f1ar\" \/>\n<meta property=\"og:description\" content=\"NOTA: Post dedicado al alumnado de la Universidad de Deusto, que sabemos que tambi\u00e9n nos sigue.&nbsp; \u00bfEst\u00e1s cansado de tener que pasar por toda la Extranet y toda la secretar\u00eda virtual para poder ver las calificaciones de las asignaturas que... Seguir leyendo &rarr;\" \/>\n<meta property=\"og:url\" content=\"https:\/\/blogs.deusto.es\/aprender-ensenar\/tus-ultimas-calificaciones-en-la-palma-de-la-mano\/\" \/>\n<meta property=\"og:site_name\" content=\"Aprender para ense\u00f1ar\" \/>\n<meta property=\"article:published_time\" content=\"2019-10-01T08:00:29+00:00\" \/>\n<meta property=\"article:modified_time\" content=\"2019-10-04T07:14:43+00:00\" \/>\n<meta property=\"og:image\" content=\"https:\/\/blogs.deusto.es\/alumni\/wp-content\/uploads\/sites\/7\/2019\/09\/4.png\" \/>\n\t<meta property=\"og:image:width\" content=\"191\" \/>\n\t<meta property=\"og:image:height\" content=\"202\" \/>\n\t<meta property=\"og:image:type\" content=\"image\/png\" \/>\n<meta name=\"author\" content=\"Aitor Piris\" \/>\n<meta name=\"twitter:card\" content=\"summary_large_image\" \/>\n<meta name=\"twitter:label1\" content=\"Escrito por\" \/>\n\t<meta name=\"twitter:data1\" content=\"Aitor Piris\" \/>\n\t<meta name=\"twitter:label2\" content=\"Tiempo de lectura\" \/>\n\t<meta name=\"twitter:data2\" content=\"1 minuto\" \/>\n<script type=\"application\/ld+json\" class=\"yoast-schema-graph\">{\"@context\":\"https:\\\/\\\/schema.org\",\"@graph\":[{\"@type\":\"Article\",\"@id\":\"https:\\\/\\\/blogs.deusto.es\\\/aprender-ensenar\\\/tus-ultimas-calificaciones-en-la-palma-de-la-mano\\\/#article\",\"isPartOf\":{\"@id\":\"https:\\\/\\\/blogs.deusto.es\\\/aprender-ensenar\\\/tus-ultimas-calificaciones-en-la-palma-de-la-mano\\\/\"},\"author\":{\"name\":\"Aitor Piris\",\"@id\":\"https:\\\/\\\/blogs.deusto.es\\\/aprender-ensenar\\\/#\\\/schema\\\/person\\\/01b3c1dcc65148789e01877d24dcaf9b\"},\"headline\":\"Tus \u00faltimas calificaciones en la palma de la mano\",\"datePublished\":\"2019-10-01T08:00:29+00:00\",\"dateModified\":\"2019-10-04T07:14:43+00:00\",\"mainEntityOfPage\":{\"@id\":\"https:\\\/\\\/blogs.deusto.es\\\/aprender-ensenar\\\/tus-ultimas-calificaciones-en-la-palma-de-la-mano\\\/\"},\"wordCount\":252,\"commentCount\":0,\"image\":{\"@id\":\"https:\\\/\\\/blogs.deusto.es\\\/aprender-ensenar\\\/tus-ultimas-calificaciones-en-la-palma-de-la-mano\\\/#primaryimage\"},\"thumbnailUrl\":\"https:\\\/\\\/blogs.deusto.es\\\/wp-content\\\/uploads\\\/sites\\\/7\\\/2019\\\/09\\\/4.png\",\"keywords\":[\"aplicaci\u00f3n\",\"AulaTIC\",\"Calificaciones\",\"DeustoApp\",\"IKTgela\"],\"articleSection\":[\"Sin categorizar\"],\"inLanguage\":\"es\",\"potentialAction\":[{\"@type\":\"CommentAction\",\"name\":\"Comment\",\"target\":[\"https:\\\/\\\/blogs.deusto.es\\\/aprender-ensenar\\\/tus-ultimas-calificaciones-en-la-palma-de-la-mano\\\/#respond\"]}]},{\"@type\":\"WebPage\",\"@id\":\"https:\\\/\\\/blogs.deusto.es\\\/aprender-ensenar\\\/tus-ultimas-calificaciones-en-la-palma-de-la-mano\\\/\",\"url\":\"https:\\\/\\\/blogs.deusto.es\\\/aprender-ensenar\\\/tus-ultimas-calificaciones-en-la-palma-de-la-mano\\\/\",\"name\":\"Tus \u00faltimas calificaciones en la palma de la mano - Aprender para ense\u00f1ar\",\"isPartOf\":{\"@id\":\"https:\\\/\\\/blogs.deusto.es\\\/aprender-ensenar\\\/#website\"},\"primaryImageOfPage\":{\"@id\":\"https:\\\/\\\/blogs.deusto.es\\\/aprender-ensenar\\\/tus-ultimas-calificaciones-en-la-palma-de-la-mano\\\/#primaryimage\"},\"image\":{\"@id\":\"https:\\\/\\\/blogs.deusto.es\\\/aprender-ensenar\\\/tus-ultimas-calificaciones-en-la-palma-de-la-mano\\\/#primaryimage\"},\"thumbnailUrl\":\"https:\\\/\\\/blogs.deusto.es\\\/wp-content\\\/uploads\\\/sites\\\/7\\\/2019\\\/09\\\/4.png\",\"datePublished\":\"2019-10-01T08:00:29+00:00\",\"dateModified\":\"2019-10-04T07:14:43+00:00\",\"author\":{\"@id\":\"https:\\\/\\\/blogs.deusto.es\\\/aprender-ensenar\\\/#\\\/schema\\\/person\\\/01b3c1dcc65148789e01877d24dcaf9b\"},\"breadcrumb\":{\"@id\":\"https:\\\/\\\/blogs.deusto.es\\\/aprender-ensenar\\\/tus-ultimas-calificaciones-en-la-palma-de-la-mano\\\/#breadcrumb\"},\"inLanguage\":\"es\",\"potentialAction\":[{\"@type\":\"ReadAction\",\"target\":[\"https:\\\/\\\/blogs.deusto.es\\\/aprender-ensenar\\\/tus-ultimas-calificaciones-en-la-palma-de-la-mano\\\/\"]}]},{\"@type\":\"ImageObject\",\"inLanguage\":\"es\",\"@id\":\"https:\\\/\\\/blogs.deusto.es\\\/aprender-ensenar\\\/tus-ultimas-calificaciones-en-la-palma-de-la-mano\\\/#primaryimage\",\"url\":\"https:\\\/\\\/blogs.deusto.es\\\/wp-content\\\/uploads\\\/sites\\\/7\\\/2019\\\/09\\\/4.png\",\"contentUrl\":\"https:\\\/\\\/blogs.deusto.es\\\/wp-content\\\/uploads\\\/sites\\\/7\\\/2019\\\/09\\\/4.png\",\"width\":191,\"height\":202},{\"@type\":\"BreadcrumbList\",\"@id\":\"https:\\\/\\\/blogs.deusto.es\\\/aprender-ensenar\\\/tus-ultimas-calificaciones-en-la-palma-de-la-mano\\\/#breadcrumb\",\"itemListElement\":[{\"@type\":\"ListItem\",\"position\":1,\"name\":\"Portada\",\"item\":\"https:\\\/\\\/blogs.deusto.es\\\/aprender-ensenar\\\/\"},{\"@type\":\"ListItem\",\"position\":2,\"name\":\"Tus \u00faltimas calificaciones en la palma de la mano\"}]},{\"@type\":\"WebSite\",\"@id\":\"https:\\\/\\\/blogs.deusto.es\\\/aprender-ensenar\\\/#website\",\"url\":\"https:\\\/\\\/blogs.deusto.es\\\/aprender-ensenar\\\/\",\"name\":\"Aprender para ense\u00f1ar\",\"description\":\"Innovaci\u00f3n docente, Formaci\u00f3n Online, Formaci\u00f3n Dual  y TIC en la Universidad de Deusto\",\"potentialAction\":[{\"@type\":\"SearchAction\",\"target\":{\"@type\":\"EntryPoint\",\"urlTemplate\":\"https:\\\/\\\/blogs.deusto.es\\\/aprender-ensenar\\\/?s={search_term_string}\"},\"query-input\":{\"@type\":\"PropertyValueSpecification\",\"valueRequired\":true,\"valueName\":\"search_term_string\"}}],\"inLanguage\":\"es\"},{\"@type\":\"Person\",\"@id\":\"https:\\\/\\\/blogs.deusto.es\\\/aprender-ensenar\\\/#\\\/schema\\\/person\\\/01b3c1dcc65148789e01877d24dcaf9b\",\"name\":\"Aitor Piris\",\"image\":{\"@type\":\"ImageObject\",\"inLanguage\":\"es\",\"@id\":\"https:\\\/\\\/blogs.deusto.es\\\/wp-content\\\/uploads\\\/sites\\\/7\\\/2019\\\/10\\\/Captura-de-pantalla-2019-10-03-a-las-16.41.02-150x150.png\",\"url\":\"https:\\\/\\\/blogs.deusto.es\\\/wp-content\\\/uploads\\\/sites\\\/7\\\/2019\\\/10\\\/Captura-de-pantalla-2019-10-03-a-las-16.41.02-150x150.png\",\"contentUrl\":\"https:\\\/\\\/blogs.deusto.es\\\/wp-content\\\/uploads\\\/sites\\\/7\\\/2019\\\/10\\\/Captura-de-pantalla-2019-10-03-a-las-16.41.02-150x150.png\",\"caption\":\"Aitor Piris\"},\"url\":\"https:\\\/\\\/blogs.deusto.es\\\/aprender-ensenar\\\/author\\\/aitorpiris\\\/\"}]}<\/script>\n<!-- \/ Yoast SEO plugin. -->","yoast_head_json":{"title":"Tus \u00faltimas calificaciones en la palma de la mano - Aprender para ense\u00f1ar","robots":{"index":"index","follow":"follow","max-snippet":"max-snippet:-1","max-image-preview":"max-image-preview:large","max-video-preview":"max-video-preview:-1"},"canonical":"https:\/\/blogs.deusto.es\/aprender-ensenar\/tus-ultimas-calificaciones-en-la-palma-de-la-mano\/","og_locale":"es_ES","og_type":"article","og_title":"Tus \u00faltimas calificaciones en la palma de la mano - Aprender para ense\u00f1ar","og_description":"NOTA: Post dedicado al alumnado de la Universidad de Deusto, que sabemos que tambi\u00e9n nos sigue.&nbsp; \u00bfEst\u00e1s cansado de tener que pasar por toda la Extranet y toda la secretar\u00eda virtual para poder ver las calificaciones de las asignaturas que... Seguir leyendo &rarr;","og_url":"https:\/\/blogs.deusto.es\/aprender-ensenar\/tus-ultimas-calificaciones-en-la-palma-de-la-mano\/","og_site_name":"Aprender para ense\u00f1ar","article_published_time":"2019-10-01T08:00:29+00:00","article_modified_time":"2019-10-04T07:14:43+00:00","og_image":[{"width":191,"height":202,"url":"https:\/\/blogs.deusto.es\/alumni\/wp-content\/uploads\/sites\/7\/2019\/09\/4.png","type":"image\/png"}],"author":"Aitor Piris","twitter_card":"summary_large_image","twitter_misc":{"Escrito por":"Aitor Piris","Tiempo de lectura":"1 minuto"},"schema":{"@context":"https:\/\/schema.org","@graph":[{"@type":"Article","@id":"https:\/\/blogs.deusto.es\/aprender-ensenar\/tus-ultimas-calificaciones-en-la-palma-de-la-mano\/#article","isPartOf":{"@id":"https:\/\/blogs.deusto.es\/aprender-ensenar\/tus-ultimas-calificaciones-en-la-palma-de-la-mano\/"},"author":{"name":"Aitor Piris","@id":"https:\/\/blogs.deusto.es\/aprender-ensenar\/#\/schema\/person\/01b3c1dcc65148789e01877d24dcaf9b"},"headline":"Tus \u00faltimas calificaciones en la palma de la mano","datePublished":"2019-10-01T08:00:29+00:00","dateModified":"2019-10-04T07:14:43+00:00","mainEntityOfPage":{"@id":"https:\/\/blogs.deusto.es\/aprender-ensenar\/tus-ultimas-calificaciones-en-la-palma-de-la-mano\/"},"wordCount":252,"commentCount":0,"image":{"@id":"https:\/\/blogs.deusto.es\/aprender-ensenar\/tus-ultimas-calificaciones-en-la-palma-de-la-mano\/#primaryimage"},"thumbnailUrl":"https:\/\/blogs.deusto.es\/wp-content\/uploads\/sites\/7\/2019\/09\/4.png","keywords":["aplicaci\u00f3n","AulaTIC","Calificaciones","DeustoApp","IKTgela"],"articleSection":["Sin categorizar"],"inLanguage":"es","potentialAction":[{"@type":"CommentAction","name":"Comment","target":["https:\/\/blogs.deusto.es\/aprender-ensenar\/tus-ultimas-calificaciones-en-la-palma-de-la-mano\/#respond"]}]},{"@type":"WebPage","@id":"https:\/\/blogs.deusto.es\/aprender-ensenar\/tus-ultimas-calificaciones-en-la-palma-de-la-mano\/","url":"https:\/\/blogs.deusto.es\/aprender-ensenar\/tus-ultimas-calificaciones-en-la-palma-de-la-mano\/","name":"Tus \u00faltimas calificaciones en la palma de la mano - Aprender para ense\u00f1ar","isPartOf":{"@id":"https:\/\/blogs.deusto.es\/aprender-ensenar\/#website"},"primaryImageOfPage":{"@id":"https:\/\/blogs.deusto.es\/aprender-ensenar\/tus-ultimas-calificaciones-en-la-palma-de-la-mano\/#primaryimage"},"image":{"@id":"https:\/\/blogs.deusto.es\/aprender-ensenar\/tus-ultimas-calificaciones-en-la-palma-de-la-mano\/#primaryimage"},"thumbnailUrl":"https:\/\/blogs.deusto.es\/wp-content\/uploads\/sites\/7\/2019\/09\/4.png","datePublished":"2019-10-01T08:00:29+00:00","dateModified":"2019-10-04T07:14:43+00:00","author":{"@id":"https:\/\/blogs.deusto.es\/aprender-ensenar\/#\/schema\/person\/01b3c1dcc65148789e01877d24dcaf9b"},"breadcrumb":{"@id":"https:\/\/blogs.deusto.es\/aprender-ensenar\/tus-ultimas-calificaciones-en-la-palma-de-la-mano\/#breadcrumb"},"inLanguage":"es","potentialAction":[{"@type":"ReadAction","target":["https:\/\/blogs.deusto.es\/aprender-ensenar\/tus-ultimas-calificaciones-en-la-palma-de-la-mano\/"]}]},{"@type":"ImageObject","inLanguage":"es","@id":"https:\/\/blogs.deusto.es\/aprender-ensenar\/tus-ultimas-calificaciones-en-la-palma-de-la-mano\/#primaryimage","url":"https:\/\/blogs.deusto.es\/wp-content\/uploads\/sites\/7\/2019\/09\/4.png","contentUrl":"https:\/\/blogs.deusto.es\/wp-content\/uploads\/sites\/7\/2019\/09\/4.png","width":191,"height":202},{"@type":"BreadcrumbList","@id":"https:\/\/blogs.deusto.es\/aprender-ensenar\/tus-ultimas-calificaciones-en-la-palma-de-la-mano\/#breadcrumb","itemListElement":[{"@type":"ListItem","position":1,"name":"Portada","item":"https:\/\/blogs.deusto.es\/aprender-ensenar\/"},{"@type":"ListItem","position":2,"name":"Tus \u00faltimas calificaciones en la palma de la mano"}]},{"@type":"WebSite","@id":"https:\/\/blogs.deusto.es\/aprender-ensenar\/#website","url":"https:\/\/blogs.deusto.es\/aprender-ensenar\/","name":"Aprender para ense\u00f1ar","description":"Innovaci\u00f3n docente, Formaci\u00f3n Online, Formaci\u00f3n Dual  y TIC en la Universidad de Deusto","potentialAction":[{"@type":"SearchAction","target":{"@type":"EntryPoint","urlTemplate":"https:\/\/blogs.deusto.es\/aprender-ensenar\/?s={search_term_string}"},"query-input":{"@type":"PropertyValueSpecification","valueRequired":true,"valueName":"search_term_string"}}],"inLanguage":"es"},{"@type":"Person","@id":"https:\/\/blogs.deusto.es\/aprender-ensenar\/#\/schema\/person\/01b3c1dcc65148789e01877d24dcaf9b","name":"Aitor Piris","image":{"@type":"ImageObject","inLanguage":"es","@id":"https:\/\/blogs.deusto.es\/wp-content\/uploads\/sites\/7\/2019\/10\/Captura-de-pantalla-2019-10-03-a-las-16.41.02-150x150.png","url":"https:\/\/blogs.deusto.es\/wp-content\/uploads\/sites\/7\/2019\/10\/Captura-de-pantalla-2019-10-03-a-las-16.41.02-150x150.png","contentUrl":"https:\/\/blogs.deusto.es\/wp-content\/uploads\/sites\/7\/2019\/10\/Captura-de-pantalla-2019-10-03-a-las-16.41.02-150x150.png","caption":"Aitor Piris"},"url":"https:\/\/blogs.deusto.es\/aprender-ensenar\/author\/aitorpiris\/"}]}},"_links":{"self":[{"href":"https:\/\/blogs.deusto.es\/aprender-ensenar\/wp-json\/wp\/v2\/posts\/2862","targetHints":{"allow":["GET"]}}],"collection":[{"href":"https:\/\/blogs.deusto.es\/aprender-ensenar\/wp-json\/wp\/v2\/posts"}],"about":[{"href":"https:\/\/blogs.deusto.es\/aprender-ensenar\/wp-json\/wp\/v2\/types\/post"}],"author":[{"embeddable":true,"href":"https:\/\/blogs.deusto.es\/aprender-ensenar\/wp-json\/wp\/v2\/users\/581"}],"replies":[{"embeddable":true,"href":"https:\/\/blogs.deusto.es\/aprender-ensenar\/wp-json\/wp\/v2\/comments?post=2862"}],"version-history":[{"count":4,"href":"https:\/\/blogs.deusto.es\/aprender-ensenar\/wp-json\/wp\/v2\/posts\/2862\/revisions"}],"predecessor-version":[{"id":2918,"href":"https:\/\/blogs.deusto.es\/aprender-ensenar\/wp-json\/wp\/v2\/posts\/2862\/revisions\/2918"}],"wp:featuredmedia":[{"embeddable":true,"href":"https:\/\/blogs.deusto.es\/aprender-ensenar\/wp-json\/wp\/v2\/media\/2870"}],"wp:attachment":[{"href":"https:\/\/blogs.deusto.es\/aprender-ensenar\/wp-json\/wp\/v2\/media?parent=2862"}],"wp:term":[{"taxonomy":"category","embeddable":true,"href":"https:\/\/blogs.deusto.es\/aprender-ensenar\/wp-json\/wp\/v2\/categories?post=2862"},{"taxonomy":"post_tag","embeddable":true,"href":"https:\/\/blogs.deusto.es\/aprender-ensenar\/wp-json\/wp\/v2\/tags?post=2862"}],"curies":[{"name":"wp","href":"https:\/\/api.w.org\/{rel}","templated":true}]}}