{"id":4651,"date":"2021-03-30T10:00:00","date_gmt":"2021-03-30T08:00:00","guid":{"rendered":"https:\/\/preblogs.deusto.es\/aprender-ensenar\/?p=4651"},"modified":"2021-03-30T10:05:31","modified_gmt":"2021-03-30T08:05:31","slug":"autorregulacion-del-aprendizaje-un-reto-en-la-formacion-online","status":"publish","type":"post","link":"https:\/\/blogs.deusto.es\/aprender-ensenar\/autorregulacion-del-aprendizaje-un-reto-en-la-formacion-online\/","title":{"rendered":"Autorregulaci\u00f3n del aprendizaje: un reto en la formaci\u00f3n online"},"content":{"rendered":"\n<p class=\"has-text-align-right\"><em>En una era de distracciones constantes en forma de tel\u00e9fonos port\u00e1tiles, reproductores de cd, computadoras y televisores, incluso para ni\u00f1os peque\u00f1os, no es sorprendente descubrir que muchos estudiantes no han aprendido a autorregular muy bien sus estudios acad\u00e9micos<\/em>. (Zimmerman,2002)<\/p>\n\n\n\n<p>Han pasado casi dos d\u00e9cadas de la afirmaci\u00f3n de Zimmerman y vivimos inmersos en un entorno distractivo a\u00fan mayor que entonces, su afirmaci\u00f3n sigue estando vigente, y todav\u00eda encontramos en nuestras clases estudiantes que no han aprendido a regular eficientemente su aprendizaje.<\/p>\n\n\n\n<p><img fetchpriority=\"high\" decoding=\"async\" width=\"567\" height=\"287\" alt=\"C:\\Users\\anmartin\\AppData\\Local\\Microsoft\\Windows\\INetCache\\Content.Word\\definici\u00f3n de autorregulaci\u00f3n.png\" src=\"https:\/\/lh6.googleusercontent.com\/JggHwBH8pD9XbuCEjzEBdUJ3ad5AIDxBwXKMphbsy6wFurCtUgcbfuCGxFYkYVnR5td7VA4Y5l47QGnXJ5Zv6Uwo7cbYMvuRz7Md8oDM9HKtUBAQfvvFu2-GpoxU0rAHkkwLKFGG\">&nbsp;<\/p>\n\n\n\n<p>Hacernos preguntas, discernir las ideas, argumentar, relacionar, sacar conclusiones, aplicar procedimientos, concentrar la atenci\u00f3n &#8230;&nbsp; A lo largo de los estudios, aprendemos t\u00e9cnicas de aprendizaje, estrategias cognitivas, de gesti\u00f3n de tiempo, de control de las emociones\u2026&nbsp; El objetivo no es hacer una relaci\u00f3n de las mismas, sino lanzar una pregunta: \u00bfpodr\u00edamos ayudar de alguna otra manera a que nuestros estudiantes online regulen m\u00e1s eficientemente su aprendizaje?, \u00bfquiz\u00e1s con alg\u00fan peque\u00f1o cambio en el dise\u00f1o de nuestros cursos, o utilizando alg\u00fan recurso de la plataforma?&nbsp;<\/p>\n\n\n\n<p>Tomando como referencia el modelo c\u00edclico de autorregulaci\u00f3n del aprendizaje de Barry Zimmerman, pondremos algunos sencillos ejemplos:<\/p>\n\n\n\n<p>El modelo de Zimmermann se desarrolla en tres fases, cada una con dos subfactores, en el que el estudiante, ante una secuencia de aprendizaje, planifica el modo en que va a realizar la tarea, supervisa y regula su desempe\u00f1o y reflexiona sobre el proceso, evaluando las decisiones tomadas y adaptando sus conclusiones para prepararse para la pr\u00f3xima tarea. Este proceso no siempre es el mismo para todos los estudiantes o tareas. Elementos personales de motivaci\u00f3n, autoexpectativas y valoraci\u00f3n de las tareas, entre otros, tienen una gran influencia en el logro. Las fases no son completamente estancas, ya que el monitoreo que el estudiante hace de su trabajo durante el desempe\u00f1o puede llevarle a reconsiderar decisiones tomadas en la fase anterior, cambiando o ajustando metas o estrategias planificadas.<\/p>\n\n\n\n<p><strong>1. Planificaci\u00f3n: <\/strong>fase de<strong> conocer <\/strong>y comprender<strong> <\/strong>tarea, valorar su dificultad, establecer metas para su realizaci\u00f3n y seleccionar las habilidades y estrategias del repertorio personal que pueden ayudarle a resolverla. El segundo subproceso es m\u00e1s personal, con variables como la <strong>percepci\u00f3n de la propia capacidad <\/strong>de cumplir la tarea; el inter\u00e9s y valor que le da a la misma y la propia orientaci\u00f3n a la meta.&nbsp;<\/p>\n\n\n\n<p><strong>2. De desempe\u00f1o de la tarea: <\/strong>fase de <strong>control<\/strong> de la autoinstrucci\u00f3n, del entorno y focalizaci\u00f3n en la tarea y de <strong>autoobservaci\u00f3n <\/strong>del proceso, monitorizando comprobando si las metas, estrategias o el esfuerzo est\u00e1n siendo adecuadas o hay que realizar alg\u00fan ajuste o cambio<\/p>\n\n\n\n<p><strong>3. Autorreflexi\u00f3n: <\/strong>el estudiante autorreflexiona y autoeval\u00faa su rendimiento y realiza la atribuci\u00f3n causal de los resultados, que influyen en la autorreacci\u00f3n de los estudiantes: su autosatisfacci\u00f3n y las inferencias positivas o negativas que le provoquen. Sus conclusiones se utilizar\u00e1n en la autorregulaci\u00f3n de la siguiente situaci\u00f3n de aprendizaje<\/p>\n\n\n\n<figure class=\"wp-block-image\"><img decoding=\"async\" src=\"https:\/\/lh4.googleusercontent.com\/f5xIxJM68C-uBKeAoCJaJsV-baoR7SbBpBUbVvSJRIR34KWSIK7AoGtMY7-M13F3_GanWfBSRUvh-8p-VjIrLIS2V_RGj6DMwQsp4WX3OgOapgQzYb4N1hVPpcbivveGvacnZCP3\" alt=\"https:\/\/iseprostorglive.blob.core.windows.net\/user-assets\/projects\/lFAFiA7EDSM2kcgMGlbWcBMnxw59utr8\/assets\/mc-fe7aef19499066d228fbac4eef8b1d92.png\" \/><figcaption><strong>Figura: fases y subprocesos de la autorregulaci\u00f3n.<br>Fuente: Zimmermann, 2002.<\/strong><\/figcaption><\/figure>\n\n\n\n<p><strong>Algunas claves para facilitar la autorregulaci\u00f3n del aprendizaje de nuestros estudiantes online<\/strong><\/p>\n\n\n\n<p><strong>Planificaci\u00f3n<\/strong><\/p>\n\n\n\n<ul class=\"wp-block-list\"><li><strong>Ayudar a establecer metas factibles:<\/strong> una meta es un punto de referencia para las acciones del estudiante. Las metas pueden ser a largo, medio o corto plazo. Mientras que las metas a largo plazo pueden llegar a desanimar, podemos orientar al estudiante para que establezca metas de m\u00e1s corto alcance pero cuya consecuci\u00f3n sea factible, por ejemplo, metas de comprensi\u00f3n de un concepto, aplicaci\u00f3n de un procedimiento\u2026dentro de un tema o unidad. Les ayudar\u00e1 a seguir su propio progreso.<\/li><li>Es importante que vea <strong>valor en la tarea<\/strong> a realizar: que le desaf\u00ede, y comprenda su pertinencia, por ejemplo, a trav\u00e9s de un v\u00eddeo corto de introducci\u00f3n que explique la tarea, relacion\u00e1ndola con conocimientos anteriores o aprendizajes futuros.&nbsp;<\/li><li>Al solicitar una tarea, (ver un v\u00eddeo, hacer una lectura\u2026etc,) <strong>recomendar el uso de alguna estrategia<\/strong> (de ensayo, elaboraci\u00f3n, organizaci\u00f3n, de comprensi\u00f3n) por parte del estudiante.&nbsp;<\/li><li>Una de las caracter\u00edsticas de un aprendiz autorregulado es que al estudiar la tarea identifica y explora qu\u00e9 puede necesitar para cumplir las tareas de aprendizaje (recursos humanos o materiales), <strong>busca ayuda<\/strong>. Se puede fomentar esta conducta de b\u00fasqueda de ayuda si en la descripci\u00f3n explicitamos las condiciones adecuadas para dicha b\u00fasqueda: desde encontrar un documento, software, manual\u2026 hasta direcciones de consulta, modo de comunicar con el profesor o creaci\u00f3n de espacios de encuentros y consultas entre compa\u00f1eros de estudiantes (foros, salas virtuales\u2026).<\/li><li><strong>Prever el tiempo de dedicaci\u00f3n <\/strong>a una tarea<strong>: <\/strong>informar de que una lectura o actividad concreta puede llevar x tiempo aproximadamente, ayuda a que planifique mejor su tiempo de trabajo.<\/li><\/ul>\n\n\n\n<p><strong>Autocontrol\/Automonitoreo<\/strong><\/p>\n\n\n\n<ul class=\"wp-block-list\"><li>Ofrecer en las tareas de entrega de la plataforma<a href=\"https:\/\/blogs.deusto.es\/aprender-ensenar\/rubricas-de-evaluacion\/\" target=\"_blank\" rel=\"noreferrer noopener\"> r\u00fabricas<\/a> o gu\u00edas de evaluaci\u00f3n. Para el estudiante es una referencia valorativa con la que ir comparando la realizaci\u00f3n de su trabajo.<strong>&nbsp;<\/strong><\/li><li>Utilizar el calendario de eventos de la plataforma. El estudiante tiene visibles las fechas de entrega de trabajos, etc.<\/li><li>Habilitar las opciones de la plataforma que permiten visualizar al estudiante su seguimiento del curso: rastreo de finalizaci\u00f3n de las actividades, a\u00f1adir el bloque de progreso, \u201clevel up\u201d\u2026&nbsp;&nbsp;<\/li><li>Recomendar la actividad \u201cDiario\u201d de la plataforma Moodle\/Alud para que el estudiante anote las observaciones que haga sobre su aprendizaje (de asignatura o tarea en concreto). Para el estudiante es una manera de <strong>monitorear su aprendizaje<\/strong> y al docente le permite hacer un seguimiento de sus progresos o dificultades, dando feedback o apoyos directos cuando sea necesario.&nbsp; En el curso puede ofrecerse a la clase indicaciones puntuales para autoobservaci\u00f3n y reflexi\u00f3n, referidas a puntos concretos o simplemente exploratorias, que vayan guiando en el desempe\u00f1o de la tarea.&nbsp; Otra herramienta complementaria para el docente es <a href=\"https:\/\/blogs.deusto.es\/aprender-ensenar\/analiticas-de-aprendizaje-en-alud-informes-ud\/\" target=\"_blank\" rel=\"noreferrer noopener\">el informe de seguimiento<\/a>.<\/li><li><strong>Estar conectado con los estudiantes<\/strong>. Aunque la investigaci\u00f3n est\u00e1 demostrando que los estudiantes online tienen una mejor autorregulaci\u00f3n del aprendizaje, tambi\u00e9n revela que la sensaci\u00f3n de soledad\u201d (los per\u00edodos de estudio suelen ser as\u00edncronos con compa\u00f1eros y\/o docente) puede llegar a ser un problema, por lo que es importante hacer un seguimiento comunicativo. Anuncios peri\u00f3dicos generales a trav\u00e9s del foro de avisos (\u201cTe recuerdo que\u2026\u201d), m\u00e1s personales, a trav\u00e9s de la propia mensajer\u00eda de ALUD, o, por supuesto, compartir un plan de tutor\u00eda para dar feedback, con reuniones concertadas de videoconferencia.<\/li><\/ul>\n\n\n\n<p><strong>Autorreflexi\u00f3n<\/strong><\/p>\n\n\n\n<ul class=\"wp-block-list\"><li>El \u201cDiario\u201d sigue siendo un buen instrumento para el estudiante, y el ofrecer el feedback de la tarea realizada. Pero tambi\u00e9n fomentar una autonom\u00eda evaluativa ofreciendo pautas o criterios para la evaluaci\u00f3n contrastada con un compa\u00f1ero y\/o que se autoeval\u00fae,&nbsp;<\/li><\/ul>\n\n\n\n<p>La autorregulaci\u00f3n del aprendizaje es una capacidad que todos tenemos y podemos desarrollar, est\u00e1 reconocida como un elemento de \u00e9xito para el rendimiento y la autoeficacia acad\u00e9mica y es particularmente necesaria en estudiantes de t\u00edtulos online. En este post se han ofrecido algunas propuestas para apoyarla, pero el listado podr\u00eda ser mucho m\u00e1s largo, \u00bfte animas a compartir tu experiencia como docente o estudiante online?<\/p>\n\n\n\n<p><\/p>\n\n\n\n<p>Referencias:<\/p>\n\n\n\n<p>Zimmerman, B.J, \u00a0(2002)\u00a0Convertirse en un alumno autorregulado: una descripci\u00f3n general, la\u00a0teor\u00eda en la pr\u00e1ctica,\u00a041: 2,\u00a064-70,:\u00a0<a href=\"https:\/\/doi.org\/10.1207\/s15430421tip4102_2\" target=\"_blank\" rel=\"noreferrer noopener\">DOI.org\/10.1207\/s15430421tip4102_2<\/a><\/p>\n\n\n\n<p>Zumbrunn, S., Tadlock, J., &amp; Roberts, E. D. (2011). Encouraging self-regulated learning in the classroom: A review of the literature. Metropolitan Educational Research Consortium (MERC).<\/p>\n","protected":false},"excerpt":{"rendered":"<p>En una era de distracciones constantes en forma de tel\u00e9fonos port\u00e1tiles, reproductores de cd, computadoras y televisores, incluso para ni\u00f1os peque\u00f1os, no es sorprendente descubrir que muchos estudiantes no han aprendido a autorregular muy bien sus estudios acad\u00e9micos. (Zimmerman,2002) Han&#8230; <a class=\"more-link\" href=\"https:\/\/blogs.deusto.es\/aprender-ensenar\/autorregulacion-del-aprendizaje-un-reto-en-la-formacion-online\/\">Seguir leyendo &rarr;<\/a><\/p>\n","protected":false},"author":160,"featured_media":4652,"comment_status":"open","ping_status":"open","sticky":false,"template":"","format":"standard","meta":{"footnotes":""},"categories":[1],"tags":[134,700,466,527,701],"class_list":["post-4651","post","type-post","status-publish","format-standard","has-post-thumbnail","hentry","category-sin-categorizar","tag-aprendizaje","tag-autorregulaciom","tag-deusto-online","tag-formacion-on-line","tag-zimmerman"],"yoast_head":"<!-- This site is optimized with the Yoast SEO plugin v27.4 - https:\/\/yoast.com\/product\/yoast-seo-wordpress\/ -->\n<title>Autorregulaci\u00f3n del aprendizaje: un reto en la formaci\u00f3n online - Aprender para ense\u00f1ar<\/title>\n<meta name=\"robots\" content=\"index, follow, max-snippet:-1, max-image-preview:large, max-video-preview:-1\" \/>\n<link rel=\"canonical\" href=\"https:\/\/blogs.deusto.es\/aprender-ensenar\/autorregulacion-del-aprendizaje-un-reto-en-la-formacion-online\/\" \/>\n<meta property=\"og:locale\" content=\"es_ES\" \/>\n<meta property=\"og:type\" content=\"article\" \/>\n<meta property=\"og:title\" content=\"Autorregulaci\u00f3n del aprendizaje: un reto en la formaci\u00f3n online - Aprender para ense\u00f1ar\" \/>\n<meta property=\"og:description\" content=\"En una era de distracciones constantes en forma de tel\u00e9fonos port\u00e1tiles, reproductores de cd, computadoras y televisores, incluso para ni\u00f1os peque\u00f1os, no es sorprendente descubrir que muchos estudiantes no han aprendido a autorregular muy bien sus estudios acad\u00e9micos. (Zimmerman,2002) Han... Seguir leyendo &rarr;\" \/>\n<meta property=\"og:url\" content=\"https:\/\/blogs.deusto.es\/aprender-ensenar\/autorregulacion-del-aprendizaje-un-reto-en-la-formacion-online\/\" \/>\n<meta property=\"og:site_name\" content=\"Aprender para ense\u00f1ar\" \/>\n<meta property=\"article:published_time\" content=\"2021-03-30T08:00:00+00:00\" \/>\n<meta property=\"article:modified_time\" content=\"2021-03-30T08:05:31+00:00\" \/>\n<meta property=\"og:image\" content=\"https:\/\/blogs.deusto.es\/alumni\/wp-content\/uploads\/sites\/7\/2021\/03\/Screenshot_27.png\" \/>\n\t<meta property=\"og:image:width\" content=\"932\" \/>\n\t<meta property=\"og:image:height\" content=\"467\" \/>\n\t<meta property=\"og:image:type\" content=\"image\/png\" \/>\n<meta name=\"author\" content=\"Ana Mart\u00ednez\" \/>\n<meta name=\"twitter:card\" content=\"summary_large_image\" \/>\n<meta name=\"twitter:label1\" content=\"Escrito por\" \/>\n\t<meta name=\"twitter:data1\" content=\"Ana Mart\u00ednez\" \/>\n\t<meta name=\"twitter:label2\" content=\"Tiempo de lectura\" \/>\n\t<meta name=\"twitter:data2\" content=\"6 minutos\" \/>\n<script type=\"application\/ld+json\" class=\"yoast-schema-graph\">{\"@context\":\"https:\\\/\\\/schema.org\",\"@graph\":[{\"@type\":\"Article\",\"@id\":\"https:\\\/\\\/blogs.deusto.es\\\/aprender-ensenar\\\/autorregulacion-del-aprendizaje-un-reto-en-la-formacion-online\\\/#article\",\"isPartOf\":{\"@id\":\"https:\\\/\\\/blogs.deusto.es\\\/aprender-ensenar\\\/autorregulacion-del-aprendizaje-un-reto-en-la-formacion-online\\\/\"},\"author\":{\"name\":\"Ana Mart\u00ednez\",\"@id\":\"https:\\\/\\\/blogs.deusto.es\\\/aprender-ensenar\\\/#\\\/schema\\\/person\\\/f5ea956a19fc5971603bde68146109a9\"},\"headline\":\"Autorregulaci\u00f3n del aprendizaje: un reto en la formaci\u00f3n online\",\"datePublished\":\"2021-03-30T08:00:00+00:00\",\"dateModified\":\"2021-03-30T08:05:31+00:00\",\"mainEntityOfPage\":{\"@id\":\"https:\\\/\\\/blogs.deusto.es\\\/aprender-ensenar\\\/autorregulacion-del-aprendizaje-un-reto-en-la-formacion-online\\\/\"},\"wordCount\":1299,\"commentCount\":2,\"image\":{\"@id\":\"https:\\\/\\\/blogs.deusto.es\\\/aprender-ensenar\\\/autorregulacion-del-aprendizaje-un-reto-en-la-formacion-online\\\/#primaryimage\"},\"thumbnailUrl\":\"https:\\\/\\\/blogs.deusto.es\\\/wp-content\\\/uploads\\\/sites\\\/7\\\/2021\\\/03\\\/Screenshot_27.png\",\"keywords\":[\"Aprendizaje\",\"autorregulaci\u00f3m\",\"Deusto Online\",\"formacion on line\",\"Zimmerman\"],\"articleSection\":[\"Sin categorizar\"],\"inLanguage\":\"es\",\"potentialAction\":[{\"@type\":\"CommentAction\",\"name\":\"Comment\",\"target\":[\"https:\\\/\\\/blogs.deusto.es\\\/aprender-ensenar\\\/autorregulacion-del-aprendizaje-un-reto-en-la-formacion-online\\\/#respond\"]}]},{\"@type\":\"WebPage\",\"@id\":\"https:\\\/\\\/blogs.deusto.es\\\/aprender-ensenar\\\/autorregulacion-del-aprendizaje-un-reto-en-la-formacion-online\\\/\",\"url\":\"https:\\\/\\\/blogs.deusto.es\\\/aprender-ensenar\\\/autorregulacion-del-aprendizaje-un-reto-en-la-formacion-online\\\/\",\"name\":\"Autorregulaci\u00f3n del aprendizaje: un reto en la formaci\u00f3n online - Aprender para ense\u00f1ar\",\"isPartOf\":{\"@id\":\"https:\\\/\\\/blogs.deusto.es\\\/aprender-ensenar\\\/#website\"},\"primaryImageOfPage\":{\"@id\":\"https:\\\/\\\/blogs.deusto.es\\\/aprender-ensenar\\\/autorregulacion-del-aprendizaje-un-reto-en-la-formacion-online\\\/#primaryimage\"},\"image\":{\"@id\":\"https:\\\/\\\/blogs.deusto.es\\\/aprender-ensenar\\\/autorregulacion-del-aprendizaje-un-reto-en-la-formacion-online\\\/#primaryimage\"},\"thumbnailUrl\":\"https:\\\/\\\/blogs.deusto.es\\\/wp-content\\\/uploads\\\/sites\\\/7\\\/2021\\\/03\\\/Screenshot_27.png\",\"datePublished\":\"2021-03-30T08:00:00+00:00\",\"dateModified\":\"2021-03-30T08:05:31+00:00\",\"author\":{\"@id\":\"https:\\\/\\\/blogs.deusto.es\\\/aprender-ensenar\\\/#\\\/schema\\\/person\\\/f5ea956a19fc5971603bde68146109a9\"},\"breadcrumb\":{\"@id\":\"https:\\\/\\\/blogs.deusto.es\\\/aprender-ensenar\\\/autorregulacion-del-aprendizaje-un-reto-en-la-formacion-online\\\/#breadcrumb\"},\"inLanguage\":\"es\",\"potentialAction\":[{\"@type\":\"ReadAction\",\"target\":[\"https:\\\/\\\/blogs.deusto.es\\\/aprender-ensenar\\\/autorregulacion-del-aprendizaje-un-reto-en-la-formacion-online\\\/\"]}]},{\"@type\":\"ImageObject\",\"inLanguage\":\"es\",\"@id\":\"https:\\\/\\\/blogs.deusto.es\\\/aprender-ensenar\\\/autorregulacion-del-aprendizaje-un-reto-en-la-formacion-online\\\/#primaryimage\",\"url\":\"https:\\\/\\\/blogs.deusto.es\\\/wp-content\\\/uploads\\\/sites\\\/7\\\/2021\\\/03\\\/Screenshot_27.png\",\"contentUrl\":\"https:\\\/\\\/blogs.deusto.es\\\/wp-content\\\/uploads\\\/sites\\\/7\\\/2021\\\/03\\\/Screenshot_27.png\",\"width\":932,\"height\":467},{\"@type\":\"BreadcrumbList\",\"@id\":\"https:\\\/\\\/blogs.deusto.es\\\/aprender-ensenar\\\/autorregulacion-del-aprendizaje-un-reto-en-la-formacion-online\\\/#breadcrumb\",\"itemListElement\":[{\"@type\":\"ListItem\",\"position\":1,\"name\":\"Portada\",\"item\":\"https:\\\/\\\/blogs.deusto.es\\\/aprender-ensenar\\\/\"},{\"@type\":\"ListItem\",\"position\":2,\"name\":\"Autorregulaci\u00f3n del aprendizaje: un reto en la formaci\u00f3n online\"}]},{\"@type\":\"WebSite\",\"@id\":\"https:\\\/\\\/blogs.deusto.es\\\/aprender-ensenar\\\/#website\",\"url\":\"https:\\\/\\\/blogs.deusto.es\\\/aprender-ensenar\\\/\",\"name\":\"Aprender para ense\u00f1ar\",\"description\":\"Innovaci\u00f3n docente, Formaci\u00f3n Online, Formaci\u00f3n Dual  y TIC en la Universidad de Deusto\",\"potentialAction\":[{\"@type\":\"SearchAction\",\"target\":{\"@type\":\"EntryPoint\",\"urlTemplate\":\"https:\\\/\\\/blogs.deusto.es\\\/aprender-ensenar\\\/?s={search_term_string}\"},\"query-input\":{\"@type\":\"PropertyValueSpecification\",\"valueRequired\":true,\"valueName\":\"search_term_string\"}}],\"inLanguage\":\"es\"},{\"@type\":\"Person\",\"@id\":\"https:\\\/\\\/blogs.deusto.es\\\/aprender-ensenar\\\/#\\\/schema\\\/person\\\/f5ea956a19fc5971603bde68146109a9\",\"name\":\"Ana Mart\u00ednez\",\"image\":{\"@type\":\"ImageObject\",\"inLanguage\":\"es\",\"@id\":\"https:\\\/\\\/blogs.deusto.es\\\/wp-content\\\/uploads\\\/sites\\\/7\\\/2016\\\/06\\\/AnaMz-150x150.jpg\",\"url\":\"https:\\\/\\\/blogs.deusto.es\\\/wp-content\\\/uploads\\\/sites\\\/7\\\/2016\\\/06\\\/AnaMz-150x150.jpg\",\"contentUrl\":\"https:\\\/\\\/blogs.deusto.es\\\/wp-content\\\/uploads\\\/sites\\\/7\\\/2016\\\/06\\\/AnaMz-150x150.jpg\",\"caption\":\"Ana Mart\u00ednez\"},\"description\":\"Unidad Deusto Online\",\"url\":\"https:\\\/\\\/blogs.deusto.es\\\/aprender-ensenar\\\/author\\\/anmartin\\\/\"}]}<\/script>\n<!-- \/ Yoast SEO plugin. -->","yoast_head_json":{"title":"Autorregulaci\u00f3n del aprendizaje: un reto en la formaci\u00f3n online - Aprender para ense\u00f1ar","robots":{"index":"index","follow":"follow","max-snippet":"max-snippet:-1","max-image-preview":"max-image-preview:large","max-video-preview":"max-video-preview:-1"},"canonical":"https:\/\/blogs.deusto.es\/aprender-ensenar\/autorregulacion-del-aprendizaje-un-reto-en-la-formacion-online\/","og_locale":"es_ES","og_type":"article","og_title":"Autorregulaci\u00f3n del aprendizaje: un reto en la formaci\u00f3n online - Aprender para ense\u00f1ar","og_description":"En una era de distracciones constantes en forma de tel\u00e9fonos port\u00e1tiles, reproductores de cd, computadoras y televisores, incluso para ni\u00f1os peque\u00f1os, no es sorprendente descubrir que muchos estudiantes no han aprendido a autorregular muy bien sus estudios acad\u00e9micos. (Zimmerman,2002) Han... Seguir leyendo &rarr;","og_url":"https:\/\/blogs.deusto.es\/aprender-ensenar\/autorregulacion-del-aprendizaje-un-reto-en-la-formacion-online\/","og_site_name":"Aprender para ense\u00f1ar","article_published_time":"2021-03-30T08:00:00+00:00","article_modified_time":"2021-03-30T08:05:31+00:00","og_image":[{"width":932,"height":467,"url":"https:\/\/blogs.deusto.es\/alumni\/wp-content\/uploads\/sites\/7\/2021\/03\/Screenshot_27.png","type":"image\/png"}],"author":"Ana Mart\u00ednez","twitter_card":"summary_large_image","twitter_misc":{"Escrito por":"Ana Mart\u00ednez","Tiempo de lectura":"6 minutos"},"schema":{"@context":"https:\/\/schema.org","@graph":[{"@type":"Article","@id":"https:\/\/blogs.deusto.es\/aprender-ensenar\/autorregulacion-del-aprendizaje-un-reto-en-la-formacion-online\/#article","isPartOf":{"@id":"https:\/\/blogs.deusto.es\/aprender-ensenar\/autorregulacion-del-aprendizaje-un-reto-en-la-formacion-online\/"},"author":{"name":"Ana Mart\u00ednez","@id":"https:\/\/blogs.deusto.es\/aprender-ensenar\/#\/schema\/person\/f5ea956a19fc5971603bde68146109a9"},"headline":"Autorregulaci\u00f3n del aprendizaje: un reto en la formaci\u00f3n online","datePublished":"2021-03-30T08:00:00+00:00","dateModified":"2021-03-30T08:05:31+00:00","mainEntityOfPage":{"@id":"https:\/\/blogs.deusto.es\/aprender-ensenar\/autorregulacion-del-aprendizaje-un-reto-en-la-formacion-online\/"},"wordCount":1299,"commentCount":2,"image":{"@id":"https:\/\/blogs.deusto.es\/aprender-ensenar\/autorregulacion-del-aprendizaje-un-reto-en-la-formacion-online\/#primaryimage"},"thumbnailUrl":"https:\/\/blogs.deusto.es\/wp-content\/uploads\/sites\/7\/2021\/03\/Screenshot_27.png","keywords":["Aprendizaje","autorregulaci\u00f3m","Deusto Online","formacion on line","Zimmerman"],"articleSection":["Sin categorizar"],"inLanguage":"es","potentialAction":[{"@type":"CommentAction","name":"Comment","target":["https:\/\/blogs.deusto.es\/aprender-ensenar\/autorregulacion-del-aprendizaje-un-reto-en-la-formacion-online\/#respond"]}]},{"@type":"WebPage","@id":"https:\/\/blogs.deusto.es\/aprender-ensenar\/autorregulacion-del-aprendizaje-un-reto-en-la-formacion-online\/","url":"https:\/\/blogs.deusto.es\/aprender-ensenar\/autorregulacion-del-aprendizaje-un-reto-en-la-formacion-online\/","name":"Autorregulaci\u00f3n del aprendizaje: un reto en la formaci\u00f3n online - Aprender para ense\u00f1ar","isPartOf":{"@id":"https:\/\/blogs.deusto.es\/aprender-ensenar\/#website"},"primaryImageOfPage":{"@id":"https:\/\/blogs.deusto.es\/aprender-ensenar\/autorregulacion-del-aprendizaje-un-reto-en-la-formacion-online\/#primaryimage"},"image":{"@id":"https:\/\/blogs.deusto.es\/aprender-ensenar\/autorregulacion-del-aprendizaje-un-reto-en-la-formacion-online\/#primaryimage"},"thumbnailUrl":"https:\/\/blogs.deusto.es\/wp-content\/uploads\/sites\/7\/2021\/03\/Screenshot_27.png","datePublished":"2021-03-30T08:00:00+00:00","dateModified":"2021-03-30T08:05:31+00:00","author":{"@id":"https:\/\/blogs.deusto.es\/aprender-ensenar\/#\/schema\/person\/f5ea956a19fc5971603bde68146109a9"},"breadcrumb":{"@id":"https:\/\/blogs.deusto.es\/aprender-ensenar\/autorregulacion-del-aprendizaje-un-reto-en-la-formacion-online\/#breadcrumb"},"inLanguage":"es","potentialAction":[{"@type":"ReadAction","target":["https:\/\/blogs.deusto.es\/aprender-ensenar\/autorregulacion-del-aprendizaje-un-reto-en-la-formacion-online\/"]}]},{"@type":"ImageObject","inLanguage":"es","@id":"https:\/\/blogs.deusto.es\/aprender-ensenar\/autorregulacion-del-aprendizaje-un-reto-en-la-formacion-online\/#primaryimage","url":"https:\/\/blogs.deusto.es\/wp-content\/uploads\/sites\/7\/2021\/03\/Screenshot_27.png","contentUrl":"https:\/\/blogs.deusto.es\/wp-content\/uploads\/sites\/7\/2021\/03\/Screenshot_27.png","width":932,"height":467},{"@type":"BreadcrumbList","@id":"https:\/\/blogs.deusto.es\/aprender-ensenar\/autorregulacion-del-aprendizaje-un-reto-en-la-formacion-online\/#breadcrumb","itemListElement":[{"@type":"ListItem","position":1,"name":"Portada","item":"https:\/\/blogs.deusto.es\/aprender-ensenar\/"},{"@type":"ListItem","position":2,"name":"Autorregulaci\u00f3n del aprendizaje: un reto en la formaci\u00f3n online"}]},{"@type":"WebSite","@id":"https:\/\/blogs.deusto.es\/aprender-ensenar\/#website","url":"https:\/\/blogs.deusto.es\/aprender-ensenar\/","name":"Aprender para ense\u00f1ar","description":"Innovaci\u00f3n docente, Formaci\u00f3n Online, Formaci\u00f3n Dual  y TIC en la Universidad de Deusto","potentialAction":[{"@type":"SearchAction","target":{"@type":"EntryPoint","urlTemplate":"https:\/\/blogs.deusto.es\/aprender-ensenar\/?s={search_term_string}"},"query-input":{"@type":"PropertyValueSpecification","valueRequired":true,"valueName":"search_term_string"}}],"inLanguage":"es"},{"@type":"Person","@id":"https:\/\/blogs.deusto.es\/aprender-ensenar\/#\/schema\/person\/f5ea956a19fc5971603bde68146109a9","name":"Ana Mart\u00ednez","image":{"@type":"ImageObject","inLanguage":"es","@id":"https:\/\/blogs.deusto.es\/wp-content\/uploads\/sites\/7\/2016\/06\/AnaMz-150x150.jpg","url":"https:\/\/blogs.deusto.es\/wp-content\/uploads\/sites\/7\/2016\/06\/AnaMz-150x150.jpg","contentUrl":"https:\/\/blogs.deusto.es\/wp-content\/uploads\/sites\/7\/2016\/06\/AnaMz-150x150.jpg","caption":"Ana Mart\u00ednez"},"description":"Unidad Deusto Online","url":"https:\/\/blogs.deusto.es\/aprender-ensenar\/author\/anmartin\/"}]}},"_links":{"self":[{"href":"https:\/\/blogs.deusto.es\/aprender-ensenar\/wp-json\/wp\/v2\/posts\/4651","targetHints":{"allow":["GET"]}}],"collection":[{"href":"https:\/\/blogs.deusto.es\/aprender-ensenar\/wp-json\/wp\/v2\/posts"}],"about":[{"href":"https:\/\/blogs.deusto.es\/aprender-ensenar\/wp-json\/wp\/v2\/types\/post"}],"author":[{"embeddable":true,"href":"https:\/\/blogs.deusto.es\/aprender-ensenar\/wp-json\/wp\/v2\/users\/160"}],"replies":[{"embeddable":true,"href":"https:\/\/blogs.deusto.es\/aprender-ensenar\/wp-json\/wp\/v2\/comments?post=4651"}],"version-history":[{"count":3,"href":"https:\/\/blogs.deusto.es\/aprender-ensenar\/wp-json\/wp\/v2\/posts\/4651\/revisions"}],"predecessor-version":[{"id":4660,"href":"https:\/\/blogs.deusto.es\/aprender-ensenar\/wp-json\/wp\/v2\/posts\/4651\/revisions\/4660"}],"wp:featuredmedia":[{"embeddable":true,"href":"https:\/\/blogs.deusto.es\/aprender-ensenar\/wp-json\/wp\/v2\/media\/4652"}],"wp:attachment":[{"href":"https:\/\/blogs.deusto.es\/aprender-ensenar\/wp-json\/wp\/v2\/media?parent=4651"}],"wp:term":[{"taxonomy":"category","embeddable":true,"href":"https:\/\/blogs.deusto.es\/aprender-ensenar\/wp-json\/wp\/v2\/categories?post=4651"},{"taxonomy":"post_tag","embeddable":true,"href":"https:\/\/blogs.deusto.es\/aprender-ensenar\/wp-json\/wp\/v2\/tags?post=4651"}],"curies":[{"name":"wp","href":"https:\/\/api.w.org\/{rel}","templated":true}]}}