{"id":4711,"date":"2021-05-11T10:00:00","date_gmt":"2021-05-11T08:00:00","guid":{"rendered":"https:\/\/preblogs.deusto.es\/aprender-ensenar\/?p=4711"},"modified":"2021-05-10T19:02:25","modified_gmt":"2021-05-10T17:02:25","slug":"te-atreves-a-innovar","status":"publish","type":"post","link":"https:\/\/blogs.deusto.es\/aprender-ensenar\/te-atreves-a-innovar\/","title":{"rendered":"\u00bfTe atreves a innovar?"},"content":{"rendered":"\n<p>Como ya va siendo tradici\u00f3n, y gracias a la buena acogida que tiene a\u00f1os tras a\u00f1o, Elena Auzmendi, Vicerrectora de Ordenaci\u00f3n Acad\u00e9mica, Innovaci\u00f3n Docente y Calidad, nos invita un a\u00f1o m\u00e1s a presentar nuestras propuestas de innovaci\u00f3n a la <strong>Convocatoria de Proyectos de Innovaci\u00f3n Docente de la Universidad de Deusto<\/strong> para el <strong>curso 2021\/2022<\/strong>. Se trata de la <strong>convocatoria n\u00famero 13<\/strong>, un n\u00famero m\u00e1gico para muchas personas y no tanto para otras. La cuesti\u00f3n es que tenemos ante nosotras una nueva oportunidad para innovar en nuestra universidad.<\/p>\n\n\n\n<p>Como en la convocatoria anterior, tambi\u00e9n en esta tenemos la posibilidad de presentar nuestras propuestas en <strong>tres <\/strong><strong>\u00e1mbitos de actuaci\u00f3n<\/strong> considerados prioritarios:<\/p>\n\n\n\n<p class=\"has-text-color\" style=\"color:#002ea3\">A) <strong>Innovaci\u00f3n en planes y acciones docentes<\/strong>: planificaci\u00f3n interdisciplinar, metodolog\u00edas de ense\u00f1anza, evaluaci\u00f3n de los aprendizajes, y promoci\u00f3n de actuaciones para mejorar la atenci\u00f3n a la diversidad de motivaciones, capacidades e intereses de los estudiantes.<\/p>\n\n\n\n<p class=\"has-text-color\" style=\"color:#0018a3\">B) <strong>Dise\u00f1o de materiales did\u00e1cticos que favorezcan el aprendizaje aut\u00f3nomo y significativo del estudiante<\/strong> basados en las nuevas tecnolog\u00edas de la informaci\u00f3n y la comunicaci\u00f3n: elaboraci\u00f3n de material docente y contenidos multimedia interactivos.<\/p>\n\n\n\n<p class=\"has-text-color\" style=\"color:#0051a3\">C) <strong>Incorporaci\u00f3n de los ODS para el desarrollo integral del estudiante universitario<\/strong>: proyectos de aprendizaje interdisciplinar centrados en los ODS, llevados a cabo entre profesorado de distintas o igual titulaci\u00f3n, con el fin de contribuir al desarrollo de habilidades y competencias profesionales.<\/p>\n\n\n\n<p>Adem\u00e1s, al margen de estas l\u00edneas, se invita al personal de las facultades y distintos servicios a que, en coordinaci\u00f3n con los responsables de innovaci\u00f3n de su facultad, presenten proyectos que respondan a retos y necesidades reales de su facultad.<\/p>\n\n\n\n<div class=\"wp-block-image\"><figure class=\"alignleft size-large is-resized\"><img decoding=\"async\" src=\"https:\/\/blogs.deusto.es\/alumni\/wp-content\/uploads\/sites\/51\/2021\/05\/stop-634941_1920-1024x683.jpg\" alt=\"\" class=\"wp-image-1621\" width=\"255\" height=\"169\" \/><\/figure><\/div>\n\n\n\n<p>Las personas que presenten sus propuestas deber\u00e1n cumplimentar un impreso de solicitud en funci\u00f3n del \u00e1mbito seleccionado. Dichos impresos deber\u00e1n enviarse no m\u00e1s tarde del <strong>7 de junio de 2021<\/strong> al Vicerrectorado de Ordenaci\u00f3n Acad\u00e9mica, Innovaci\u00f3n Docente y Calidad, a la atenci\u00f3n de la Vicerrectora de Ordenaci\u00f3n Acad\u00e9mica, Innovaci\u00f3n Docente y Calidad, a la siguiente direcci\u00f3n: <a href=\"mailto:proyectos.innovacion.docente@deusto.es\">proyectos.innovacion.docente@deusto.es<\/a><\/p>\n\n\n\n<p>Por supuesto, cualquier consulta relacionada con la convocatoria se puede realizar a trav\u00e9s de esa misma direcci\u00f3n o poni\u00e9ndose en contacto con Arantza Arruti: <a href=\"mailto:aarruti@deusto.es\">aarruti@deusto.es<\/a><\/p>\n\n\n\n<p>En cualquier caso, tanto las bases de esta nueva convocatoria como los protocolos a cumplimentar est\u00e1n a vuestra disposici\u00f3n en la p\u00e1gina web de Innovaci\u00f3n Docente en euskera, castellano e ingl\u00e9s, en el siguiente enlace: <a href=\"https:\/\/www.deusto.es\/cs\/Satellite\/deusto\/es\/universidad-deusto\/sobre-deusto-0\/formacion-y-valores\/innovacion-docente\/proyectos-de-innovacion\">XIII.Convocatoria de Proyectos de Innovaci\u00f3n Docente<\/a>&nbsp;<\/p>\n\n\n\n<p>Algunas personas ya nos han lanzado alguna pregunta sobre esta convocatoria, as\u00ed que os animamos a que pong\u00e1is en marcha la maquinar\u00eda de la innovaci\u00f3n y os lanc\u00e9is a esta nueva oportunidad que nos ofrece la universidad.<\/p>\n","protected":false},"excerpt":{"rendered":"<p>Como ya va siendo tradici\u00f3n, y gracias a la buena acogida que tiene a\u00f1os tras a\u00f1o, Elena Auzmendi, Vicerrectora de Ordenaci\u00f3n Acad\u00e9mica, Innovaci\u00f3n Docente y Calidad, nos invita un a\u00f1o m\u00e1s a presentar nuestras propuestas de innovaci\u00f3n a la Convocatoria&#8230; <a class=\"more-link\" href=\"https:\/\/blogs.deusto.es\/aprender-ensenar\/te-atreves-a-innovar\/\">Seguir leyendo &rarr;<\/a><\/p>\n","protected":false},"author":477,"featured_media":4713,"comment_status":"open","ping_status":"open","sticky":false,"template":"","format":"standard","meta":{"footnotes":""},"categories":[654],"tags":[716,243,714,113,68,503],"class_list":["post-4711","post","type-post","status-publish","format-standard","has-post-thumbnail","hentry","category-proyectos-de-innovacion","tag-contenidos","tag-convocatoria","tag-diseno","tag-material-didactico","tag-planificacion","tag-proyectos-de-innovacion-docente"],"yoast_head":"<!-- This site is optimized with the Yoast SEO plugin v27.4 - https:\/\/yoast.com\/product\/yoast-seo-wordpress\/ -->\n<title>\u00bfTe atreves a innovar? - Aprender para ense\u00f1ar<\/title>\n<meta name=\"robots\" content=\"index, follow, max-snippet:-1, max-image-preview:large, max-video-preview:-1\" \/>\n<link rel=\"canonical\" href=\"https:\/\/blogs.deusto.es\/aprender-ensenar\/te-atreves-a-innovar\/\" \/>\n<meta property=\"og:locale\" content=\"es_ES\" \/>\n<meta property=\"og:type\" content=\"article\" \/>\n<meta property=\"og:title\" content=\"\u00bfTe atreves a innovar? - Aprender para ense\u00f1ar\" \/>\n<meta property=\"og:description\" content=\"Como ya va siendo tradici\u00f3n, y gracias a la buena acogida que tiene a\u00f1os tras a\u00f1o, Elena Auzmendi, Vicerrectora de Ordenaci\u00f3n Acad\u00e9mica, Innovaci\u00f3n Docente y Calidad, nos invita un a\u00f1o m\u00e1s a presentar nuestras propuestas de innovaci\u00f3n a la Convocatoria... Seguir leyendo &rarr;\" \/>\n<meta property=\"og:url\" content=\"https:\/\/blogs.deusto.es\/aprender-ensenar\/te-atreves-a-innovar\/\" \/>\n<meta property=\"og:site_name\" content=\"Aprender para ense\u00f1ar\" \/>\n<meta property=\"article:published_time\" content=\"2021-05-11T08:00:00+00:00\" \/>\n<meta property=\"og:image\" content=\"https:\/\/blogs.deusto.es\/alumni\/wp-content\/uploads\/sites\/7\/2021\/05\/number-437931_1920-2.jpg\" \/>\n\t<meta property=\"og:image:width\" content=\"1920\" \/>\n\t<meta property=\"og:image:height\" content=\"1440\" \/>\n\t<meta property=\"og:image:type\" content=\"image\/jpeg\" \/>\n<meta name=\"author\" content=\"Arantza Arruti\" \/>\n<meta name=\"twitter:card\" content=\"summary_large_image\" \/>\n<meta name=\"twitter:label1\" content=\"Escrito por\" \/>\n\t<meta name=\"twitter:data1\" content=\"Arantza Arruti\" \/>\n\t<meta name=\"twitter:label2\" content=\"Tiempo de lectura\" \/>\n\t<meta name=\"twitter:data2\" content=\"3 minutos\" \/>\n<script type=\"application\/ld+json\" class=\"yoast-schema-graph\">{\"@context\":\"https:\\\/\\\/schema.org\",\"@graph\":[{\"@type\":\"Article\",\"@id\":\"https:\\\/\\\/blogs.deusto.es\\\/aprender-ensenar\\\/te-atreves-a-innovar\\\/#article\",\"isPartOf\":{\"@id\":\"https:\\\/\\\/blogs.deusto.es\\\/aprender-ensenar\\\/te-atreves-a-innovar\\\/\"},\"author\":{\"name\":\"Arantza Arruti\",\"@id\":\"https:\\\/\\\/blogs.deusto.es\\\/aprender-ensenar\\\/#\\\/schema\\\/person\\\/8a0212a9731cd746870775be37e340f2\"},\"headline\":\"\u00bfTe atreves a innovar?\",\"datePublished\":\"2021-05-11T08:00:00+00:00\",\"mainEntityOfPage\":{\"@id\":\"https:\\\/\\\/blogs.deusto.es\\\/aprender-ensenar\\\/te-atreves-a-innovar\\\/\"},\"wordCount\":488,\"commentCount\":0,\"image\":{\"@id\":\"https:\\\/\\\/blogs.deusto.es\\\/aprender-ensenar\\\/te-atreves-a-innovar\\\/#primaryimage\"},\"thumbnailUrl\":\"https:\\\/\\\/blogs.deusto.es\\\/wp-content\\\/uploads\\\/sites\\\/7\\\/2021\\\/05\\\/number-437931_1920-2.jpg\",\"keywords\":[\"contenidos\",\"convocatoria\",\"dise\u00f1o\",\"material did\u00e1ctico\",\"Planificaci\u00f3n\",\"Proyectos de Innovaci\u00f3n Docente\"],\"articleSection\":[\"Proyectos de innovaci\u00f3n\"],\"inLanguage\":\"es\",\"potentialAction\":[{\"@type\":\"CommentAction\",\"name\":\"Comment\",\"target\":[\"https:\\\/\\\/blogs.deusto.es\\\/aprender-ensenar\\\/te-atreves-a-innovar\\\/#respond\"]}]},{\"@type\":\"WebPage\",\"@id\":\"https:\\\/\\\/blogs.deusto.es\\\/aprender-ensenar\\\/te-atreves-a-innovar\\\/\",\"url\":\"https:\\\/\\\/blogs.deusto.es\\\/aprender-ensenar\\\/te-atreves-a-innovar\\\/\",\"name\":\"\u00bfTe atreves a innovar? - Aprender para ense\u00f1ar\",\"isPartOf\":{\"@id\":\"https:\\\/\\\/blogs.deusto.es\\\/aprender-ensenar\\\/#website\"},\"primaryImageOfPage\":{\"@id\":\"https:\\\/\\\/blogs.deusto.es\\\/aprender-ensenar\\\/te-atreves-a-innovar\\\/#primaryimage\"},\"image\":{\"@id\":\"https:\\\/\\\/blogs.deusto.es\\\/aprender-ensenar\\\/te-atreves-a-innovar\\\/#primaryimage\"},\"thumbnailUrl\":\"https:\\\/\\\/blogs.deusto.es\\\/wp-content\\\/uploads\\\/sites\\\/7\\\/2021\\\/05\\\/number-437931_1920-2.jpg\",\"datePublished\":\"2021-05-11T08:00:00+00:00\",\"author\":{\"@id\":\"https:\\\/\\\/blogs.deusto.es\\\/aprender-ensenar\\\/#\\\/schema\\\/person\\\/8a0212a9731cd746870775be37e340f2\"},\"breadcrumb\":{\"@id\":\"https:\\\/\\\/blogs.deusto.es\\\/aprender-ensenar\\\/te-atreves-a-innovar\\\/#breadcrumb\"},\"inLanguage\":\"es\",\"potentialAction\":[{\"@type\":\"ReadAction\",\"target\":[\"https:\\\/\\\/blogs.deusto.es\\\/aprender-ensenar\\\/te-atreves-a-innovar\\\/\"]}]},{\"@type\":\"ImageObject\",\"inLanguage\":\"es\",\"@id\":\"https:\\\/\\\/blogs.deusto.es\\\/aprender-ensenar\\\/te-atreves-a-innovar\\\/#primaryimage\",\"url\":\"https:\\\/\\\/blogs.deusto.es\\\/wp-content\\\/uploads\\\/sites\\\/7\\\/2021\\\/05\\\/number-437931_1920-2.jpg\",\"contentUrl\":\"https:\\\/\\\/blogs.deusto.es\\\/wp-content\\\/uploads\\\/sites\\\/7\\\/2021\\\/05\\\/number-437931_1920-2.jpg\",\"width\":1920,\"height\":1440},{\"@type\":\"BreadcrumbList\",\"@id\":\"https:\\\/\\\/blogs.deusto.es\\\/aprender-ensenar\\\/te-atreves-a-innovar\\\/#breadcrumb\",\"itemListElement\":[{\"@type\":\"ListItem\",\"position\":1,\"name\":\"Portada\",\"item\":\"https:\\\/\\\/blogs.deusto.es\\\/aprender-ensenar\\\/\"},{\"@type\":\"ListItem\",\"position\":2,\"name\":\"\u00bfTe atreves a innovar?\"}]},{\"@type\":\"WebSite\",\"@id\":\"https:\\\/\\\/blogs.deusto.es\\\/aprender-ensenar\\\/#website\",\"url\":\"https:\\\/\\\/blogs.deusto.es\\\/aprender-ensenar\\\/\",\"name\":\"Aprender para ense\u00f1ar\",\"description\":\"Innovaci\u00f3n docente, Formaci\u00f3n Online, Formaci\u00f3n Dual  y TIC en la Universidad de Deusto\",\"potentialAction\":[{\"@type\":\"SearchAction\",\"target\":{\"@type\":\"EntryPoint\",\"urlTemplate\":\"https:\\\/\\\/blogs.deusto.es\\\/aprender-ensenar\\\/?s={search_term_string}\"},\"query-input\":{\"@type\":\"PropertyValueSpecification\",\"valueRequired\":true,\"valueName\":\"search_term_string\"}}],\"inLanguage\":\"es\"},{\"@type\":\"Person\",\"@id\":\"https:\\\/\\\/blogs.deusto.es\\\/aprender-ensenar\\\/#\\\/schema\\\/person\\\/8a0212a9731cd746870775be37e340f2\",\"name\":\"Arantza Arruti\",\"image\":{\"@type\":\"ImageObject\",\"inLanguage\":\"es\",\"@id\":\"https:\\\/\\\/blogs.deusto.es\\\/wp-content\\\/uploads\\\/sites\\\/7\\\/2019\\\/07\\\/Foto-Aran-recortada-150x150.jpg\",\"url\":\"https:\\\/\\\/blogs.deusto.es\\\/wp-content\\\/uploads\\\/sites\\\/7\\\/2019\\\/07\\\/Foto-Aran-recortada-150x150.jpg\",\"contentUrl\":\"https:\\\/\\\/blogs.deusto.es\\\/wp-content\\\/uploads\\\/sites\\\/7\\\/2019\\\/07\\\/Foto-Aran-recortada-150x150.jpg\",\"caption\":\"Arantza Arruti\"},\"description\":\"Profesora de la Facultad de Educaci\u00f3n y Deporte, miembro de la Unidad de Innovaci\u00f3n Docente y del equipo de investigaci\u00f3n eDucaR -Deusto Education Research (https:\\\/\\\/blogs.deusto.es\\\/educar\\\/) de la Universidad de Deusto. Apasionada del emprendimiento y la persona emprendedora. Es editora del blog https:\\\/\\\/www.arantzaarruti.com\\\/ y coordinadora del blog Aprender para Ense\u00f1ar (https:\\\/\\\/blogs.deusto.es\\\/aprender-ensenar\\\/). Puedes contactar con ella a trav\u00e9s de su mail: aarruti@deusto.es\",\"url\":\"https:\\\/\\\/blogs.deusto.es\\\/aprender-ensenar\\\/author\\\/aarrutideusto-es\\\/\"}]}<\/script>\n<!-- \/ Yoast SEO plugin. -->","yoast_head_json":{"title":"\u00bfTe atreves a innovar? - Aprender para ense\u00f1ar","robots":{"index":"index","follow":"follow","max-snippet":"max-snippet:-1","max-image-preview":"max-image-preview:large","max-video-preview":"max-video-preview:-1"},"canonical":"https:\/\/blogs.deusto.es\/aprender-ensenar\/te-atreves-a-innovar\/","og_locale":"es_ES","og_type":"article","og_title":"\u00bfTe atreves a innovar? - Aprender para ense\u00f1ar","og_description":"Como ya va siendo tradici\u00f3n, y gracias a la buena acogida que tiene a\u00f1os tras a\u00f1o, Elena Auzmendi, Vicerrectora de Ordenaci\u00f3n Acad\u00e9mica, Innovaci\u00f3n Docente y Calidad, nos invita un a\u00f1o m\u00e1s a presentar nuestras propuestas de innovaci\u00f3n a la Convocatoria... Seguir leyendo &rarr;","og_url":"https:\/\/blogs.deusto.es\/aprender-ensenar\/te-atreves-a-innovar\/","og_site_name":"Aprender para ense\u00f1ar","article_published_time":"2021-05-11T08:00:00+00:00","og_image":[{"width":1920,"height":1440,"url":"https:\/\/blogs.deusto.es\/alumni\/wp-content\/uploads\/sites\/7\/2021\/05\/number-437931_1920-2.jpg","type":"image\/jpeg"}],"author":"Arantza Arruti","twitter_card":"summary_large_image","twitter_misc":{"Escrito por":"Arantza Arruti","Tiempo de lectura":"3 minutos"},"schema":{"@context":"https:\/\/schema.org","@graph":[{"@type":"Article","@id":"https:\/\/blogs.deusto.es\/aprender-ensenar\/te-atreves-a-innovar\/#article","isPartOf":{"@id":"https:\/\/blogs.deusto.es\/aprender-ensenar\/te-atreves-a-innovar\/"},"author":{"name":"Arantza Arruti","@id":"https:\/\/blogs.deusto.es\/aprender-ensenar\/#\/schema\/person\/8a0212a9731cd746870775be37e340f2"},"headline":"\u00bfTe atreves a innovar?","datePublished":"2021-05-11T08:00:00+00:00","mainEntityOfPage":{"@id":"https:\/\/blogs.deusto.es\/aprender-ensenar\/te-atreves-a-innovar\/"},"wordCount":488,"commentCount":0,"image":{"@id":"https:\/\/blogs.deusto.es\/aprender-ensenar\/te-atreves-a-innovar\/#primaryimage"},"thumbnailUrl":"https:\/\/blogs.deusto.es\/wp-content\/uploads\/sites\/7\/2021\/05\/number-437931_1920-2.jpg","keywords":["contenidos","convocatoria","dise\u00f1o","material did\u00e1ctico","Planificaci\u00f3n","Proyectos de Innovaci\u00f3n Docente"],"articleSection":["Proyectos de innovaci\u00f3n"],"inLanguage":"es","potentialAction":[{"@type":"CommentAction","name":"Comment","target":["https:\/\/blogs.deusto.es\/aprender-ensenar\/te-atreves-a-innovar\/#respond"]}]},{"@type":"WebPage","@id":"https:\/\/blogs.deusto.es\/aprender-ensenar\/te-atreves-a-innovar\/","url":"https:\/\/blogs.deusto.es\/aprender-ensenar\/te-atreves-a-innovar\/","name":"\u00bfTe atreves a innovar? - Aprender para ense\u00f1ar","isPartOf":{"@id":"https:\/\/blogs.deusto.es\/aprender-ensenar\/#website"},"primaryImageOfPage":{"@id":"https:\/\/blogs.deusto.es\/aprender-ensenar\/te-atreves-a-innovar\/#primaryimage"},"image":{"@id":"https:\/\/blogs.deusto.es\/aprender-ensenar\/te-atreves-a-innovar\/#primaryimage"},"thumbnailUrl":"https:\/\/blogs.deusto.es\/wp-content\/uploads\/sites\/7\/2021\/05\/number-437931_1920-2.jpg","datePublished":"2021-05-11T08:00:00+00:00","author":{"@id":"https:\/\/blogs.deusto.es\/aprender-ensenar\/#\/schema\/person\/8a0212a9731cd746870775be37e340f2"},"breadcrumb":{"@id":"https:\/\/blogs.deusto.es\/aprender-ensenar\/te-atreves-a-innovar\/#breadcrumb"},"inLanguage":"es","potentialAction":[{"@type":"ReadAction","target":["https:\/\/blogs.deusto.es\/aprender-ensenar\/te-atreves-a-innovar\/"]}]},{"@type":"ImageObject","inLanguage":"es","@id":"https:\/\/blogs.deusto.es\/aprender-ensenar\/te-atreves-a-innovar\/#primaryimage","url":"https:\/\/blogs.deusto.es\/wp-content\/uploads\/sites\/7\/2021\/05\/number-437931_1920-2.jpg","contentUrl":"https:\/\/blogs.deusto.es\/wp-content\/uploads\/sites\/7\/2021\/05\/number-437931_1920-2.jpg","width":1920,"height":1440},{"@type":"BreadcrumbList","@id":"https:\/\/blogs.deusto.es\/aprender-ensenar\/te-atreves-a-innovar\/#breadcrumb","itemListElement":[{"@type":"ListItem","position":1,"name":"Portada","item":"https:\/\/blogs.deusto.es\/aprender-ensenar\/"},{"@type":"ListItem","position":2,"name":"\u00bfTe atreves a innovar?"}]},{"@type":"WebSite","@id":"https:\/\/blogs.deusto.es\/aprender-ensenar\/#website","url":"https:\/\/blogs.deusto.es\/aprender-ensenar\/","name":"Aprender para ense\u00f1ar","description":"Innovaci\u00f3n docente, Formaci\u00f3n Online, Formaci\u00f3n Dual  y TIC en la Universidad de Deusto","potentialAction":[{"@type":"SearchAction","target":{"@type":"EntryPoint","urlTemplate":"https:\/\/blogs.deusto.es\/aprender-ensenar\/?s={search_term_string}"},"query-input":{"@type":"PropertyValueSpecification","valueRequired":true,"valueName":"search_term_string"}}],"inLanguage":"es"},{"@type":"Person","@id":"https:\/\/blogs.deusto.es\/aprender-ensenar\/#\/schema\/person\/8a0212a9731cd746870775be37e340f2","name":"Arantza Arruti","image":{"@type":"ImageObject","inLanguage":"es","@id":"https:\/\/blogs.deusto.es\/wp-content\/uploads\/sites\/7\/2019\/07\/Foto-Aran-recortada-150x150.jpg","url":"https:\/\/blogs.deusto.es\/wp-content\/uploads\/sites\/7\/2019\/07\/Foto-Aran-recortada-150x150.jpg","contentUrl":"https:\/\/blogs.deusto.es\/wp-content\/uploads\/sites\/7\/2019\/07\/Foto-Aran-recortada-150x150.jpg","caption":"Arantza Arruti"},"description":"Profesora de la Facultad de Educaci\u00f3n y Deporte, miembro de la Unidad de Innovaci\u00f3n Docente y del equipo de investigaci\u00f3n eDucaR -Deusto Education Research (https:\/\/blogs.deusto.es\/educar\/) de la Universidad de Deusto. Apasionada del emprendimiento y la persona emprendedora. Es editora del blog https:\/\/www.arantzaarruti.com\/ y coordinadora del blog Aprender para Ense\u00f1ar (https:\/\/blogs.deusto.es\/aprender-ensenar\/). Puedes contactar con ella a trav\u00e9s de su mail: aarruti@deusto.es","url":"https:\/\/blogs.deusto.es\/aprender-ensenar\/author\/aarrutideusto-es\/"}]}},"_links":{"self":[{"href":"https:\/\/blogs.deusto.es\/aprender-ensenar\/wp-json\/wp\/v2\/posts\/4711","targetHints":{"allow":["GET"]}}],"collection":[{"href":"https:\/\/blogs.deusto.es\/aprender-ensenar\/wp-json\/wp\/v2\/posts"}],"about":[{"href":"https:\/\/blogs.deusto.es\/aprender-ensenar\/wp-json\/wp\/v2\/types\/post"}],"author":[{"embeddable":true,"href":"https:\/\/blogs.deusto.es\/aprender-ensenar\/wp-json\/wp\/v2\/users\/477"}],"replies":[{"embeddable":true,"href":"https:\/\/blogs.deusto.es\/aprender-ensenar\/wp-json\/wp\/v2\/comments?post=4711"}],"version-history":[{"count":1,"href":"https:\/\/blogs.deusto.es\/aprender-ensenar\/wp-json\/wp\/v2\/posts\/4711\/revisions"}],"predecessor-version":[{"id":4712,"href":"https:\/\/blogs.deusto.es\/aprender-ensenar\/wp-json\/wp\/v2\/posts\/4711\/revisions\/4712"}],"wp:featuredmedia":[{"embeddable":true,"href":"https:\/\/blogs.deusto.es\/aprender-ensenar\/wp-json\/wp\/v2\/media\/4713"}],"wp:attachment":[{"href":"https:\/\/blogs.deusto.es\/aprender-ensenar\/wp-json\/wp\/v2\/media?parent=4711"}],"wp:term":[{"taxonomy":"category","embeddable":true,"href":"https:\/\/blogs.deusto.es\/aprender-ensenar\/wp-json\/wp\/v2\/categories?post=4711"},{"taxonomy":"post_tag","embeddable":true,"href":"https:\/\/blogs.deusto.es\/aprender-ensenar\/wp-json\/wp\/v2\/tags?post=4711"}],"curies":[{"name":"wp","href":"https:\/\/api.w.org\/{rel}","templated":true}]}}