{"id":4978,"date":"2021-11-30T10:00:00","date_gmt":"2021-11-30T09:00:00","guid":{"rendered":"https:\/\/preblogs.deusto.es\/aprender-ensenar\/?p=4978"},"modified":"2021-12-01T09:35:47","modified_gmt":"2021-12-01T08:35:47","slug":"creando-comunidad-a-traves-de-canva","status":"publish","type":"post","link":"https:\/\/blogs.deusto.es\/aprender-ensenar\/creando-comunidad-a-traves-de-canva\/","title":{"rendered":"Creando comunidad a trav\u00e9s de Canva"},"content":{"rendered":"\n<p><strong>\u00bfUtilizas alguna herramienta digital en tu actividad profesional?<\/strong> Estoy segura que as\u00ed lo haces, y que te gustar\u00e1n m\u00e1s o menos, y que, o les das un uso m\u00e1s espor\u00e1dico o, por el contrario, son fundamentales en tu trabajo. La realidad es que nos acompa\u00f1an en el d\u00eda a d\u00eda y que han venido para quedarse.&nbsp;<\/p>\n\n\n\n<p>La buena noticia es que una buena herramienta digital, y un buen uso de la misma, aporta <strong>valor a\u00f1adido<\/strong> a nuestra docencia, investigaci\u00f3n y gesti\u00f3n. Por ello, no debemos perderlas de vista. Eso s\u00ed, no se trata de lanzarnos a utilizarlas todas sin un objetivo claro, sino de beneficiarnos de todo su potencial. La receta es simple:<\/p>\n\n\n\n<figure class=\"wp-block-pullquote\"><blockquote><p><strong>\u201cUn poco de formaci\u00f3n y un poco de pr\u00e1ctica\u201d.<\/strong><\/p><\/blockquote><\/figure>\n\n\n\n<p>Hoy os presento una de las herramientas digitales de dise\u00f1o m\u00e1s potentes que conozco y que podemos utilizar cualquier persona para crear productos bien sea para nuestras clases, eventos o redes sociales. Me refiero a <a href=\"https:\/\/www.canva.com\/\"><strong>Canva<\/strong>.<\/a><\/p>\n\n\n\n<p>Si a\u00fan no la conoces, te invito a bucear en esta herramienta <strong>intuitiva, moderna y accesible.<\/strong> El primer paso no te costar\u00e1 mucho, ya que tiene una versi\u00f3n gratuita y muy completa. No pierdas la oportunidad.<\/p>\n\n\n\n<div class=\"wp-block-image\"><figure class=\"alignright size-large is-resized\"><a href=\"https:\/\/blogs.deusto.es\/alumni\/wp-content\/uploads\/sites\/7\/2021\/11\/Catalogo-de-recursos-con-Canva.png\"><img fetchpriority=\"high\" decoding=\"async\" src=\"https:\/\/blogs.deusto.es\/alumni\/wp-content\/uploads\/sites\/7\/2021\/11\/Catalogo-de-recursos-con-Canva.png\" alt=\"\" class=\"wp-image-4997\" width=\"190\" height=\"267\" srcset=\"https:\/\/blogs.deusto.es\/wp-content\/uploads\/sites\/7\/2021\/11\/Catalogo-de-recursos-con-Canva.png 481w, https:\/\/blogs.deusto.es\/wp-content\/uploads\/sites\/7\/2021\/11\/Catalogo-de-recursos-con-Canva-213x300.png 213w\" sizes=\"(max-width: 190px) 100vw, 190px\" \/><\/a><\/figure><\/div>\n\n\n\n<p>\u00bfQu\u00e9 puede aportarte su uso?<strong> <\/strong>Hay qui\u00e9n piensa que solamente sirve para crear material gr\u00e1fico <strong>visual y atractivo <\/strong>como infograf\u00edas y presentaciones. Sin embargo, te presento hasta <strong>16 productos aplicables a docencia, investigaci\u00f3n y gesti\u00f3n <\/strong>que puedes crear con Canva en este <a href=\"https:\/\/drive.google.com\/file\/d\/1iKlt1wMFgPHyxSqV6to08JJp03W6nUBw\/view?usp=sharing\">cat\u00e1logo<\/a>.&nbsp;<\/p>\n\n\n\n<p>Si bien Canva te permite trabajar de forma individual en tus proyectos, tambi\u00e9n cuenta con la valiosa opci\u00f3n del <strong>trabajo colaborativo<\/strong> entre personas y grupos, lo cual es una gran ventaja, sobre todo en nuestro contexto universitario.<\/p>\n\n\n\n<p>En relaci\u00f3n a esta competencia de <strong>trabajo colaborativo,<\/strong> por primera vez y tras un camino de m\u00e1s de tres a\u00f1os impartiendo formaci\u00f3n sobre esta herramienta en la Universidad, hemos visto una oportunidad de <strong>crecimiento en comunidad<\/strong> a trav\u00e9s de la puesta en marcha de un <strong>foro colaborativo<\/strong> que pueda dar soporte a toda aquella persona que quiera trabajar con Canva.&nbsp;<\/p>\n\n\n\n<div class=\"wp-block-image\"><figure class=\"alignleft size-large is-resized\"><a href=\"https:\/\/blogs.deusto.es\/alumni\/wp-content\/uploads\/sites\/7\/2021\/11\/PORTADA-POST-APE.png\"><img decoding=\"async\" src=\"https:\/\/blogs.deusto.es\/alumni\/wp-content\/uploads\/sites\/7\/2021\/11\/PORTADA-POST-APE-1024x576.png\" alt=\"\" class=\"wp-image-4999\" width=\"267\" height=\"150\" srcset=\"https:\/\/blogs.deusto.es\/wp-content\/uploads\/sites\/7\/2021\/11\/PORTADA-POST-APE-1024x576.png 1024w, https:\/\/blogs.deusto.es\/wp-content\/uploads\/sites\/7\/2021\/11\/PORTADA-POST-APE-300x169.png 300w, https:\/\/blogs.deusto.es\/wp-content\/uploads\/sites\/7\/2021\/11\/PORTADA-POST-APE-768x432.png 768w, https:\/\/blogs.deusto.es\/wp-content\/uploads\/sites\/7\/2021\/11\/PORTADA-POST-APE-1536x864.png 1536w, https:\/\/blogs.deusto.es\/wp-content\/uploads\/sites\/7\/2021\/11\/PORTADA-POST-APE-640x360.png 640w, https:\/\/blogs.deusto.es\/wp-content\/uploads\/sites\/7\/2021\/11\/PORTADA-POST-APE-600x338.png 600w, https:\/\/blogs.deusto.es\/wp-content\/uploads\/sites\/7\/2021\/11\/PORTADA-POST-APE-945x532.png 945w, https:\/\/blogs.deusto.es\/wp-content\/uploads\/sites\/7\/2021\/11\/PORTADA-POST-APE.png 1920w\" sizes=\"(max-width: 267px) 100vw, 267px\" \/><\/a><\/figure><\/div>\n\n\n\n<p>Se trata de un foro abierto a toda la <strong>comunidad docente, investigadora y de gesti\u00f3n de la Universidad de Deusto<\/strong> en el que cada uno de los participantes puede aportar su conocimiento, consejos, dudas, trabajos, etc. al resto de compa\u00f1eros y compa\u00f1eras. Es una forma estupenda de contactar con otras personas que, sin saberlo, est\u00e1n usando la misma herramienta que t\u00fa y de las que seguro podemos aprender mucho.<\/p>\n\n\n\n<p>\u00bfTe animas a <strong>ser parte <\/strong>del foro colaborativo de Canva? No te costar\u00e1 nada y te aseguro que te aportar\u00e1 valor.<\/p>\n\n\n\n<p>Si quieres m\u00e1s informaci\u00f3n, no dudes en ponerte en contacto con <a href=\"mailto:marta.roldan@deusto.es\">marta.roldan@deusto.es<\/a> &nbsp;&nbsp;<\/p>\n","protected":false},"excerpt":{"rendered":"<p>\u00bfUtilizas alguna herramienta digital en tu actividad profesional? Estoy segura que as\u00ed lo haces, y que te gustar\u00e1n m\u00e1s o menos, y que, o les das un uso m\u00e1s espor\u00e1dico o, por el contrario, son fundamentales en tu trabajo. La&#8230; <a class=\"more-link\" href=\"https:\/\/blogs.deusto.es\/aprender-ensenar\/creando-comunidad-a-traves-de-canva\/\">Seguir leyendo &rarr;<\/a><\/p>\n","protected":false},"author":187,"featured_media":5001,"comment_status":"open","ping_status":"open","sticky":false,"template":"","format":"standard","meta":{"footnotes":""},"categories":[46],"tags":[747,66,748,749,360,109,530],"class_list":["post-4978","post","type-post","status-publish","format-standard","has-post-thumbnail","hentry","category-formacion","tag-canva","tag-competencia-digital-y-tecnologica","tag-comunidad-colaborativa","tag-comunidad-de-aprendizaje","tag-comunidad-virtual","tag-formacion","tag-herramientastic"],"yoast_head":"<!-- This site is optimized with the Yoast SEO plugin v27.4 - https:\/\/yoast.com\/product\/yoast-seo-wordpress\/ -->\n<title>Creando comunidad a trav\u00e9s de Canva - Aprender para ense\u00f1ar<\/title>\n<meta name=\"robots\" content=\"index, follow, max-snippet:-1, max-image-preview:large, max-video-preview:-1\" \/>\n<link rel=\"canonical\" href=\"https:\/\/blogs.deusto.es\/aprender-ensenar\/creando-comunidad-a-traves-de-canva\/\" \/>\n<meta property=\"og:locale\" content=\"es_ES\" \/>\n<meta property=\"og:type\" content=\"article\" \/>\n<meta property=\"og:title\" content=\"Creando comunidad a trav\u00e9s de Canva - Aprender para ense\u00f1ar\" \/>\n<meta property=\"og:description\" content=\"\u00bfUtilizas alguna herramienta digital en tu actividad profesional? Estoy segura que as\u00ed lo haces, y que te gustar\u00e1n m\u00e1s o menos, y que, o les das un uso m\u00e1s espor\u00e1dico o, por el contrario, son fundamentales en tu trabajo. La... Seguir leyendo &rarr;\" \/>\n<meta property=\"og:url\" content=\"https:\/\/blogs.deusto.es\/aprender-ensenar\/creando-comunidad-a-traves-de-canva\/\" \/>\n<meta property=\"og:site_name\" content=\"Aprender para ense\u00f1ar\" \/>\n<meta property=\"article:published_time\" content=\"2021-11-30T09:00:00+00:00\" \/>\n<meta property=\"article:modified_time\" content=\"2021-12-01T08:35:47+00:00\" \/>\n<meta property=\"og:image\" content=\"https:\/\/blogs.deusto.es\/alumni\/wp-content\/uploads\/sites\/7\/2021\/11\/keyboard-gf3788097f_1920.jpg\" \/>\n\t<meta property=\"og:image:width\" content=\"1920\" \/>\n\t<meta property=\"og:image:height\" content=\"1248\" \/>\n\t<meta property=\"og:image:type\" content=\"image\/jpeg\" \/>\n<meta name=\"author\" content=\"Marta Rold\u00e1n\" \/>\n<meta name=\"twitter:card\" content=\"summary_large_image\" \/>\n<meta name=\"twitter:label1\" content=\"Escrito por\" \/>\n\t<meta name=\"twitter:data1\" content=\"Marta Rold\u00e1n\" \/>\n\t<meta name=\"twitter:label2\" content=\"Tiempo de lectura\" \/>\n\t<meta name=\"twitter:data2\" content=\"3 minutos\" \/>\n<script type=\"application\/ld+json\" class=\"yoast-schema-graph\">{\"@context\":\"https:\\\/\\\/schema.org\",\"@graph\":[{\"@type\":\"Article\",\"@id\":\"https:\\\/\\\/blogs.deusto.es\\\/aprender-ensenar\\\/creando-comunidad-a-traves-de-canva\\\/#article\",\"isPartOf\":{\"@id\":\"https:\\\/\\\/blogs.deusto.es\\\/aprender-ensenar\\\/creando-comunidad-a-traves-de-canva\\\/\"},\"author\":{\"name\":\"Marta Rold\u00e1n\",\"@id\":\"https:\\\/\\\/blogs.deusto.es\\\/aprender-ensenar\\\/#\\\/schema\\\/person\\\/8fccf6597c00c1a94610f87611ac0dd8\"},\"headline\":\"Creando comunidad a trav\u00e9s de Canva\",\"datePublished\":\"2021-11-30T09:00:00+00:00\",\"dateModified\":\"2021-12-01T08:35:47+00:00\",\"mainEntityOfPage\":{\"@id\":\"https:\\\/\\\/blogs.deusto.es\\\/aprender-ensenar\\\/creando-comunidad-a-traves-de-canva\\\/\"},\"wordCount\":485,\"commentCount\":1,\"image\":{\"@id\":\"https:\\\/\\\/blogs.deusto.es\\\/aprender-ensenar\\\/creando-comunidad-a-traves-de-canva\\\/#primaryimage\"},\"thumbnailUrl\":\"https:\\\/\\\/blogs.deusto.es\\\/wp-content\\\/uploads\\\/sites\\\/7\\\/2021\\\/11\\\/keyboard-gf3788097f_1920.jpg\",\"keywords\":[\"canva\",\"Competencia digital y tecnol\u00f3gica\",\"comunidad colaborativa\",\"comunidad de aprendizaje\",\"Comunidad Virtual\",\"formaci\u00f3n\",\"herramientasTIC\"],\"articleSection\":[\"Formaci\u00f3n\"],\"inLanguage\":\"es\",\"potentialAction\":[{\"@type\":\"CommentAction\",\"name\":\"Comment\",\"target\":[\"https:\\\/\\\/blogs.deusto.es\\\/aprender-ensenar\\\/creando-comunidad-a-traves-de-canva\\\/#respond\"]}]},{\"@type\":\"WebPage\",\"@id\":\"https:\\\/\\\/blogs.deusto.es\\\/aprender-ensenar\\\/creando-comunidad-a-traves-de-canva\\\/\",\"url\":\"https:\\\/\\\/blogs.deusto.es\\\/aprender-ensenar\\\/creando-comunidad-a-traves-de-canva\\\/\",\"name\":\"Creando comunidad a trav\u00e9s de Canva - Aprender para ense\u00f1ar\",\"isPartOf\":{\"@id\":\"https:\\\/\\\/blogs.deusto.es\\\/aprender-ensenar\\\/#website\"},\"primaryImageOfPage\":{\"@id\":\"https:\\\/\\\/blogs.deusto.es\\\/aprender-ensenar\\\/creando-comunidad-a-traves-de-canva\\\/#primaryimage\"},\"image\":{\"@id\":\"https:\\\/\\\/blogs.deusto.es\\\/aprender-ensenar\\\/creando-comunidad-a-traves-de-canva\\\/#primaryimage\"},\"thumbnailUrl\":\"https:\\\/\\\/blogs.deusto.es\\\/wp-content\\\/uploads\\\/sites\\\/7\\\/2021\\\/11\\\/keyboard-gf3788097f_1920.jpg\",\"datePublished\":\"2021-11-30T09:00:00+00:00\",\"dateModified\":\"2021-12-01T08:35:47+00:00\",\"author\":{\"@id\":\"https:\\\/\\\/blogs.deusto.es\\\/aprender-ensenar\\\/#\\\/schema\\\/person\\\/8fccf6597c00c1a94610f87611ac0dd8\"},\"breadcrumb\":{\"@id\":\"https:\\\/\\\/blogs.deusto.es\\\/aprender-ensenar\\\/creando-comunidad-a-traves-de-canva\\\/#breadcrumb\"},\"inLanguage\":\"es\",\"potentialAction\":[{\"@type\":\"ReadAction\",\"target\":[\"https:\\\/\\\/blogs.deusto.es\\\/aprender-ensenar\\\/creando-comunidad-a-traves-de-canva\\\/\"]}]},{\"@type\":\"ImageObject\",\"inLanguage\":\"es\",\"@id\":\"https:\\\/\\\/blogs.deusto.es\\\/aprender-ensenar\\\/creando-comunidad-a-traves-de-canva\\\/#primaryimage\",\"url\":\"https:\\\/\\\/blogs.deusto.es\\\/wp-content\\\/uploads\\\/sites\\\/7\\\/2021\\\/11\\\/keyboard-gf3788097f_1920.jpg\",\"contentUrl\":\"https:\\\/\\\/blogs.deusto.es\\\/wp-content\\\/uploads\\\/sites\\\/7\\\/2021\\\/11\\\/keyboard-gf3788097f_1920.jpg\",\"width\":1920,\"height\":1248},{\"@type\":\"BreadcrumbList\",\"@id\":\"https:\\\/\\\/blogs.deusto.es\\\/aprender-ensenar\\\/creando-comunidad-a-traves-de-canva\\\/#breadcrumb\",\"itemListElement\":[{\"@type\":\"ListItem\",\"position\":1,\"name\":\"Portada\",\"item\":\"https:\\\/\\\/blogs.deusto.es\\\/aprender-ensenar\\\/\"},{\"@type\":\"ListItem\",\"position\":2,\"name\":\"Creando comunidad a trav\u00e9s de Canva\"}]},{\"@type\":\"WebSite\",\"@id\":\"https:\\\/\\\/blogs.deusto.es\\\/aprender-ensenar\\\/#website\",\"url\":\"https:\\\/\\\/blogs.deusto.es\\\/aprender-ensenar\\\/\",\"name\":\"Aprender para ense\u00f1ar\",\"description\":\"Innovaci\u00f3n docente, Formaci\u00f3n Online, Formaci\u00f3n Dual  y TIC en la Universidad de Deusto\",\"potentialAction\":[{\"@type\":\"SearchAction\",\"target\":{\"@type\":\"EntryPoint\",\"urlTemplate\":\"https:\\\/\\\/blogs.deusto.es\\\/aprender-ensenar\\\/?s={search_term_string}\"},\"query-input\":{\"@type\":\"PropertyValueSpecification\",\"valueRequired\":true,\"valueName\":\"search_term_string\"}}],\"inLanguage\":\"es\"},{\"@type\":\"Person\",\"@id\":\"https:\\\/\\\/blogs.deusto.es\\\/aprender-ensenar\\\/#\\\/schema\\\/person\\\/8fccf6597c00c1a94610f87611ac0dd8\",\"name\":\"Marta Rold\u00e1n\",\"image\":{\"@type\":\"ImageObject\",\"inLanguage\":\"es\",\"@id\":\"https:\\\/\\\/blogs.deusto.es\\\/wp-content\\\/uploads\\\/sites\\\/7\\\/2018\\\/01\\\/Marta-Rold\u00e1n-UD-150x150.png\",\"url\":\"https:\\\/\\\/blogs.deusto.es\\\/wp-content\\\/uploads\\\/sites\\\/7\\\/2018\\\/01\\\/Marta-Rold\u00e1n-UD-150x150.png\",\"contentUrl\":\"https:\\\/\\\/blogs.deusto.es\\\/wp-content\\\/uploads\\\/sites\\\/7\\\/2018\\\/01\\\/Marta-Rold\u00e1n-UD-150x150.png\",\"caption\":\"Marta Rold\u00e1n\"},\"description\":\"Miembro de la Unidad de Innovaci\u00f3n Docente de la Universidad de Deusto.\",\"url\":\"https:\\\/\\\/blogs.deusto.es\\\/aprender-ensenar\\\/author\\\/marta\\\/\"}]}<\/script>\n<!-- \/ Yoast SEO plugin. -->","yoast_head_json":{"title":"Creando comunidad a trav\u00e9s de Canva - Aprender para ense\u00f1ar","robots":{"index":"index","follow":"follow","max-snippet":"max-snippet:-1","max-image-preview":"max-image-preview:large","max-video-preview":"max-video-preview:-1"},"canonical":"https:\/\/blogs.deusto.es\/aprender-ensenar\/creando-comunidad-a-traves-de-canva\/","og_locale":"es_ES","og_type":"article","og_title":"Creando comunidad a trav\u00e9s de Canva - Aprender para ense\u00f1ar","og_description":"\u00bfUtilizas alguna herramienta digital en tu actividad profesional? Estoy segura que as\u00ed lo haces, y que te gustar\u00e1n m\u00e1s o menos, y que, o les das un uso m\u00e1s espor\u00e1dico o, por el contrario, son fundamentales en tu trabajo. La... Seguir leyendo &rarr;","og_url":"https:\/\/blogs.deusto.es\/aprender-ensenar\/creando-comunidad-a-traves-de-canva\/","og_site_name":"Aprender para ense\u00f1ar","article_published_time":"2021-11-30T09:00:00+00:00","article_modified_time":"2021-12-01T08:35:47+00:00","og_image":[{"width":1920,"height":1248,"url":"https:\/\/blogs.deusto.es\/alumni\/wp-content\/uploads\/sites\/7\/2021\/11\/keyboard-gf3788097f_1920.jpg","type":"image\/jpeg"}],"author":"Marta Rold\u00e1n","twitter_card":"summary_large_image","twitter_misc":{"Escrito por":"Marta Rold\u00e1n","Tiempo de lectura":"3 minutos"},"schema":{"@context":"https:\/\/schema.org","@graph":[{"@type":"Article","@id":"https:\/\/blogs.deusto.es\/aprender-ensenar\/creando-comunidad-a-traves-de-canva\/#article","isPartOf":{"@id":"https:\/\/blogs.deusto.es\/aprender-ensenar\/creando-comunidad-a-traves-de-canva\/"},"author":{"name":"Marta Rold\u00e1n","@id":"https:\/\/blogs.deusto.es\/aprender-ensenar\/#\/schema\/person\/8fccf6597c00c1a94610f87611ac0dd8"},"headline":"Creando comunidad a trav\u00e9s de Canva","datePublished":"2021-11-30T09:00:00+00:00","dateModified":"2021-12-01T08:35:47+00:00","mainEntityOfPage":{"@id":"https:\/\/blogs.deusto.es\/aprender-ensenar\/creando-comunidad-a-traves-de-canva\/"},"wordCount":485,"commentCount":1,"image":{"@id":"https:\/\/blogs.deusto.es\/aprender-ensenar\/creando-comunidad-a-traves-de-canva\/#primaryimage"},"thumbnailUrl":"https:\/\/blogs.deusto.es\/wp-content\/uploads\/sites\/7\/2021\/11\/keyboard-gf3788097f_1920.jpg","keywords":["canva","Competencia digital y tecnol\u00f3gica","comunidad colaborativa","comunidad de aprendizaje","Comunidad Virtual","formaci\u00f3n","herramientasTIC"],"articleSection":["Formaci\u00f3n"],"inLanguage":"es","potentialAction":[{"@type":"CommentAction","name":"Comment","target":["https:\/\/blogs.deusto.es\/aprender-ensenar\/creando-comunidad-a-traves-de-canva\/#respond"]}]},{"@type":"WebPage","@id":"https:\/\/blogs.deusto.es\/aprender-ensenar\/creando-comunidad-a-traves-de-canva\/","url":"https:\/\/blogs.deusto.es\/aprender-ensenar\/creando-comunidad-a-traves-de-canva\/","name":"Creando comunidad a trav\u00e9s de Canva - Aprender para ense\u00f1ar","isPartOf":{"@id":"https:\/\/blogs.deusto.es\/aprender-ensenar\/#website"},"primaryImageOfPage":{"@id":"https:\/\/blogs.deusto.es\/aprender-ensenar\/creando-comunidad-a-traves-de-canva\/#primaryimage"},"image":{"@id":"https:\/\/blogs.deusto.es\/aprender-ensenar\/creando-comunidad-a-traves-de-canva\/#primaryimage"},"thumbnailUrl":"https:\/\/blogs.deusto.es\/wp-content\/uploads\/sites\/7\/2021\/11\/keyboard-gf3788097f_1920.jpg","datePublished":"2021-11-30T09:00:00+00:00","dateModified":"2021-12-01T08:35:47+00:00","author":{"@id":"https:\/\/blogs.deusto.es\/aprender-ensenar\/#\/schema\/person\/8fccf6597c00c1a94610f87611ac0dd8"},"breadcrumb":{"@id":"https:\/\/blogs.deusto.es\/aprender-ensenar\/creando-comunidad-a-traves-de-canva\/#breadcrumb"},"inLanguage":"es","potentialAction":[{"@type":"ReadAction","target":["https:\/\/blogs.deusto.es\/aprender-ensenar\/creando-comunidad-a-traves-de-canva\/"]}]},{"@type":"ImageObject","inLanguage":"es","@id":"https:\/\/blogs.deusto.es\/aprender-ensenar\/creando-comunidad-a-traves-de-canva\/#primaryimage","url":"https:\/\/blogs.deusto.es\/wp-content\/uploads\/sites\/7\/2021\/11\/keyboard-gf3788097f_1920.jpg","contentUrl":"https:\/\/blogs.deusto.es\/wp-content\/uploads\/sites\/7\/2021\/11\/keyboard-gf3788097f_1920.jpg","width":1920,"height":1248},{"@type":"BreadcrumbList","@id":"https:\/\/blogs.deusto.es\/aprender-ensenar\/creando-comunidad-a-traves-de-canva\/#breadcrumb","itemListElement":[{"@type":"ListItem","position":1,"name":"Portada","item":"https:\/\/blogs.deusto.es\/aprender-ensenar\/"},{"@type":"ListItem","position":2,"name":"Creando comunidad a trav\u00e9s de Canva"}]},{"@type":"WebSite","@id":"https:\/\/blogs.deusto.es\/aprender-ensenar\/#website","url":"https:\/\/blogs.deusto.es\/aprender-ensenar\/","name":"Aprender para ense\u00f1ar","description":"Innovaci\u00f3n docente, Formaci\u00f3n Online, Formaci\u00f3n Dual  y TIC en la Universidad de Deusto","potentialAction":[{"@type":"SearchAction","target":{"@type":"EntryPoint","urlTemplate":"https:\/\/blogs.deusto.es\/aprender-ensenar\/?s={search_term_string}"},"query-input":{"@type":"PropertyValueSpecification","valueRequired":true,"valueName":"search_term_string"}}],"inLanguage":"es"},{"@type":"Person","@id":"https:\/\/blogs.deusto.es\/aprender-ensenar\/#\/schema\/person\/8fccf6597c00c1a94610f87611ac0dd8","name":"Marta Rold\u00e1n","image":{"@type":"ImageObject","inLanguage":"es","@id":"https:\/\/blogs.deusto.es\/wp-content\/uploads\/sites\/7\/2018\/01\/Marta-Rold\u00e1n-UD-150x150.png","url":"https:\/\/blogs.deusto.es\/wp-content\/uploads\/sites\/7\/2018\/01\/Marta-Rold\u00e1n-UD-150x150.png","contentUrl":"https:\/\/blogs.deusto.es\/wp-content\/uploads\/sites\/7\/2018\/01\/Marta-Rold\u00e1n-UD-150x150.png","caption":"Marta Rold\u00e1n"},"description":"Miembro de la Unidad de Innovaci\u00f3n Docente de la Universidad de Deusto.","url":"https:\/\/blogs.deusto.es\/aprender-ensenar\/author\/marta\/"}]}},"_links":{"self":[{"href":"https:\/\/blogs.deusto.es\/aprender-ensenar\/wp-json\/wp\/v2\/posts\/4978","targetHints":{"allow":["GET"]}}],"collection":[{"href":"https:\/\/blogs.deusto.es\/aprender-ensenar\/wp-json\/wp\/v2\/posts"}],"about":[{"href":"https:\/\/blogs.deusto.es\/aprender-ensenar\/wp-json\/wp\/v2\/types\/post"}],"author":[{"embeddable":true,"href":"https:\/\/blogs.deusto.es\/aprender-ensenar\/wp-json\/wp\/v2\/users\/187"}],"replies":[{"embeddable":true,"href":"https:\/\/blogs.deusto.es\/aprender-ensenar\/wp-json\/wp\/v2\/comments?post=4978"}],"version-history":[{"count":3,"href":"https:\/\/blogs.deusto.es\/aprender-ensenar\/wp-json\/wp\/v2\/posts\/4978\/revisions"}],"predecessor-version":[{"id":5028,"href":"https:\/\/blogs.deusto.es\/aprender-ensenar\/wp-json\/wp\/v2\/posts\/4978\/revisions\/5028"}],"wp:featuredmedia":[{"embeddable":true,"href":"https:\/\/blogs.deusto.es\/aprender-ensenar\/wp-json\/wp\/v2\/media\/5001"}],"wp:attachment":[{"href":"https:\/\/blogs.deusto.es\/aprender-ensenar\/wp-json\/wp\/v2\/media?parent=4978"}],"wp:term":[{"taxonomy":"category","embeddable":true,"href":"https:\/\/blogs.deusto.es\/aprender-ensenar\/wp-json\/wp\/v2\/categories?post=4978"},{"taxonomy":"post_tag","embeddable":true,"href":"https:\/\/blogs.deusto.es\/aprender-ensenar\/wp-json\/wp\/v2\/tags?post=4978"}],"curies":[{"name":"wp","href":"https:\/\/api.w.org\/{rel}","templated":true}]}}