{"id":5070,"date":"2022-04-26T10:00:00","date_gmt":"2022-04-26T08:00:00","guid":{"rendered":"https:\/\/preblogs.deusto.es\/aprender-ensenar\/?p=5070"},"modified":"2022-02-08T08:36:51","modified_gmt":"2022-02-08T07:36:51","slug":"un-email-a-la-carta","status":"publish","type":"post","link":"https:\/\/blogs.deusto.es\/aprender-ensenar\/un-email-a-la-carta\/","title":{"rendered":"Un email a la carta"},"content":{"rendered":"\n<p>Desde hace un par de a\u00f1os, Gmail permite redactar correos electr\u00f3nicos y programar su fecha de env\u00edo, de modo que si programas un email en una fecha y hora determinada, este se enviar\u00e1 en dicho momento. Esto resulta realmente \u00fatil para enviar correos electr\u00f3nicos fuera del horario laboral, para enviar distintos correos a varias personas al mismo tiempo e, incluso, para enviarnos un mensaje a nuestro \u201cyo\u201d del futuro, pues esta funci\u00f3n permite programar emails hasta dentro de 49 a\u00f1os.&nbsp;<\/p>\n\n\n\n<p>Programar un correo electr\u00f3nico es realmente sencillo. Tan solo debes redactar el email como siempre pero, en vez de hacer clic sobre el bot\u00f3n \u201cEnviar\u201d, tendr\u00e1s que pulsar sobre la flechita ubicada a su derecha, lo que nos mostrar\u00e1 una nueva opci\u00f3n llamada \u201cProgramar env\u00edo\u201d. Aqu\u00ed podremos elegir entre enviar el email \u201cMa\u00f1ana por la ma\u00f1ana\u201d, \u201cEsta tarde\u201d, \u201cEl lunes por la ma\u00f1ana\u201d o \u201cElegir fecha y hora\u201d.&nbsp;<\/p>\n\n\n\n<div class=\"wp-block-image is-style-default\"><figure class=\"aligncenter is-resized\"><img fetchpriority=\"high\" decoding=\"async\" src=\"https:\/\/lh3.googleusercontent.com\/A67JRW8cdAWAvKwa6icvNhZghgx0r_MJu8gLPvaBc0zWBDMz3Sfd1nWjl1moPe8mxKlW_P3efwMUFOdunhhjU-SLv9ymTwFQehwH4Y-_kAWd_d7S8DmJZF9XikKohvYzwx3dLRxI\" alt=\"\" width=\"448\" height=\"459\"\/><\/figure><\/div>\n\n\n\n<p>Puedes comprobar tus correos electr\u00f3nicos programados en el apartado izquierdo llamado \u201cCorreo\u201d, donde deberemos pulsar sobre \u201cProgramados\u201d. All\u00ed se encuentran todos los mensajes que tenemos pendientes de enviar y que se enviar\u00e1n de forma autom\u00e1tica en la fecha establecida. Si por cualquier motivo deseamos cancelar el env\u00edo de alg\u00fan correo, bastar\u00e1 con entrar en \u00e9l y pulsar sobre el bot\u00f3n \u201cCancelar env\u00edo\u201d, lo que nos permitir\u00e1 eliminarlo definitivamente o modificarlo y volver a enviarlo o programar su env\u00edo.<\/p>\n\n\n\n<p>Cualquier consulta, escr\u00edbenos a Aula TIC, estaremos encantadas de responderte.<\/p>\n","protected":false},"excerpt":{"rendered":"<p>Desde hace un par de a\u00f1os, Gmail permite redactar correos electr\u00f3nicos y programar su fecha de env\u00edo, de modo que si programas un email en una fecha y hora determinada, este se enviar\u00e1 en dicho momento. Esto resulta realmente \u00fatil&#8230; <a class=\"more-link\" href=\"https:\/\/blogs.deusto.es\/aprender-ensenar\/un-email-a-la-carta\/\">Seguir leyendo &rarr;<\/a><\/p>\n","protected":false},"author":653,"featured_media":5071,"comment_status":"open","ping_status":"open","sticky":false,"template":"","format":"standard","meta":{"footnotes":""},"categories":[1],"tags":[180,128,493,255,739],"class_list":["post-5070","post","type-post","status-publish","format-standard","has-post-thumbnail","hentry","category-sin-categorizar","tag-aulatic","tag-correo","tag-email","tag-iktgela","tag-ordenador"],"yoast_head":"<!-- This site is optimized with the Yoast SEO plugin v27.4 - https:\/\/yoast.com\/product\/yoast-seo-wordpress\/ -->\n<title>Un email a la carta - Aprender para ense\u00f1ar<\/title>\n<meta name=\"robots\" content=\"index, follow, max-snippet:-1, max-image-preview:large, max-video-preview:-1\" \/>\n<link rel=\"canonical\" href=\"https:\/\/blogs.deusto.es\/aprender-ensenar\/un-email-a-la-carta\/\" \/>\n<meta property=\"og:locale\" content=\"es_ES\" \/>\n<meta property=\"og:type\" content=\"article\" \/>\n<meta property=\"og:title\" content=\"Un email a la carta - Aprender para ense\u00f1ar\" \/>\n<meta property=\"og:description\" content=\"Desde hace un par de a\u00f1os, Gmail permite redactar correos electr\u00f3nicos y programar su fecha de env\u00edo, de modo que si programas un email en una fecha y hora determinada, este se enviar\u00e1 en dicho momento. Esto resulta realmente \u00fatil... Seguir leyendo &rarr;\" \/>\n<meta property=\"og:url\" content=\"https:\/\/blogs.deusto.es\/aprender-ensenar\/un-email-a-la-carta\/\" \/>\n<meta property=\"og:site_name\" content=\"Aprender para ense\u00f1ar\" \/>\n<meta property=\"article:published_time\" content=\"2022-04-26T08:00:00+00:00\" \/>\n<meta property=\"og:image\" content=\"https:\/\/blogs.deusto.es\/alumni\/wp-content\/uploads\/sites\/7\/2022\/02\/email-g150d44d43_1920.jpg\" \/>\n\t<meta property=\"og:image:width\" content=\"1920\" \/>\n\t<meta property=\"og:image:height\" content=\"1280\" \/>\n\t<meta property=\"og:image:type\" content=\"image\/jpeg\" \/>\n<meta name=\"author\" content=\"Roberto Sandu\" \/>\n<meta name=\"twitter:card\" content=\"summary_large_image\" \/>\n<meta name=\"twitter:label1\" content=\"Escrito por\" \/>\n\t<meta name=\"twitter:data1\" content=\"Roberto Sandu\" \/>\n\t<meta name=\"twitter:label2\" content=\"Tiempo de lectura\" \/>\n\t<meta name=\"twitter:data2\" content=\"1 minuto\" \/>\n<script type=\"application\/ld+json\" class=\"yoast-schema-graph\">{\"@context\":\"https:\\\/\\\/schema.org\",\"@graph\":[{\"@type\":\"Article\",\"@id\":\"https:\\\/\\\/blogs.deusto.es\\\/aprender-ensenar\\\/un-email-a-la-carta\\\/#article\",\"isPartOf\":{\"@id\":\"https:\\\/\\\/blogs.deusto.es\\\/aprender-ensenar\\\/un-email-a-la-carta\\\/\"},\"author\":{\"name\":\"Roberto Sandu\",\"@id\":\"https:\\\/\\\/blogs.deusto.es\\\/aprender-ensenar\\\/#\\\/schema\\\/person\\\/b9a2a8f98059c2a5fe6d6a60f3a62945\"},\"headline\":\"Un email a la carta\",\"datePublished\":\"2022-04-26T08:00:00+00:00\",\"mainEntityOfPage\":{\"@id\":\"https:\\\/\\\/blogs.deusto.es\\\/aprender-ensenar\\\/un-email-a-la-carta\\\/\"},\"wordCount\":265,\"commentCount\":1,\"image\":{\"@id\":\"https:\\\/\\\/blogs.deusto.es\\\/aprender-ensenar\\\/un-email-a-la-carta\\\/#primaryimage\"},\"thumbnailUrl\":\"https:\\\/\\\/blogs.deusto.es\\\/wp-content\\\/uploads\\\/sites\\\/7\\\/2022\\\/02\\\/email-g150d44d43_1920.jpg\",\"keywords\":[\"AulaTIC\",\"correo\",\"email\",\"IKTgela\",\"Ordenador\"],\"articleSection\":[\"Sin categorizar\"],\"inLanguage\":\"es\",\"potentialAction\":[{\"@type\":\"CommentAction\",\"name\":\"Comment\",\"target\":[\"https:\\\/\\\/blogs.deusto.es\\\/aprender-ensenar\\\/un-email-a-la-carta\\\/#respond\"]}]},{\"@type\":\"WebPage\",\"@id\":\"https:\\\/\\\/blogs.deusto.es\\\/aprender-ensenar\\\/un-email-a-la-carta\\\/\",\"url\":\"https:\\\/\\\/blogs.deusto.es\\\/aprender-ensenar\\\/un-email-a-la-carta\\\/\",\"name\":\"Un email a la carta - Aprender para ense\u00f1ar\",\"isPartOf\":{\"@id\":\"https:\\\/\\\/blogs.deusto.es\\\/aprender-ensenar\\\/#website\"},\"primaryImageOfPage\":{\"@id\":\"https:\\\/\\\/blogs.deusto.es\\\/aprender-ensenar\\\/un-email-a-la-carta\\\/#primaryimage\"},\"image\":{\"@id\":\"https:\\\/\\\/blogs.deusto.es\\\/aprender-ensenar\\\/un-email-a-la-carta\\\/#primaryimage\"},\"thumbnailUrl\":\"https:\\\/\\\/blogs.deusto.es\\\/wp-content\\\/uploads\\\/sites\\\/7\\\/2022\\\/02\\\/email-g150d44d43_1920.jpg\",\"datePublished\":\"2022-04-26T08:00:00+00:00\",\"author\":{\"@id\":\"https:\\\/\\\/blogs.deusto.es\\\/aprender-ensenar\\\/#\\\/schema\\\/person\\\/b9a2a8f98059c2a5fe6d6a60f3a62945\"},\"breadcrumb\":{\"@id\":\"https:\\\/\\\/blogs.deusto.es\\\/aprender-ensenar\\\/un-email-a-la-carta\\\/#breadcrumb\"},\"inLanguage\":\"es\",\"potentialAction\":[{\"@type\":\"ReadAction\",\"target\":[\"https:\\\/\\\/blogs.deusto.es\\\/aprender-ensenar\\\/un-email-a-la-carta\\\/\"]}]},{\"@type\":\"ImageObject\",\"inLanguage\":\"es\",\"@id\":\"https:\\\/\\\/blogs.deusto.es\\\/aprender-ensenar\\\/un-email-a-la-carta\\\/#primaryimage\",\"url\":\"https:\\\/\\\/blogs.deusto.es\\\/wp-content\\\/uploads\\\/sites\\\/7\\\/2022\\\/02\\\/email-g150d44d43_1920.jpg\",\"contentUrl\":\"https:\\\/\\\/blogs.deusto.es\\\/wp-content\\\/uploads\\\/sites\\\/7\\\/2022\\\/02\\\/email-g150d44d43_1920.jpg\",\"width\":1920,\"height\":1280},{\"@type\":\"BreadcrumbList\",\"@id\":\"https:\\\/\\\/blogs.deusto.es\\\/aprender-ensenar\\\/un-email-a-la-carta\\\/#breadcrumb\",\"itemListElement\":[{\"@type\":\"ListItem\",\"position\":1,\"name\":\"Portada\",\"item\":\"https:\\\/\\\/blogs.deusto.es\\\/aprender-ensenar\\\/\"},{\"@type\":\"ListItem\",\"position\":2,\"name\":\"Un email a la carta\"}]},{\"@type\":\"WebSite\",\"@id\":\"https:\\\/\\\/blogs.deusto.es\\\/aprender-ensenar\\\/#website\",\"url\":\"https:\\\/\\\/blogs.deusto.es\\\/aprender-ensenar\\\/\",\"name\":\"Aprender para ense\u00f1ar\",\"description\":\"Innovaci\u00f3n docente, Formaci\u00f3n Online, Formaci\u00f3n Dual  y TIC en la Universidad de Deusto\",\"potentialAction\":[{\"@type\":\"SearchAction\",\"target\":{\"@type\":\"EntryPoint\",\"urlTemplate\":\"https:\\\/\\\/blogs.deusto.es\\\/aprender-ensenar\\\/?s={search_term_string}\"},\"query-input\":{\"@type\":\"PropertyValueSpecification\",\"valueRequired\":true,\"valueName\":\"search_term_string\"}}],\"inLanguage\":\"es\"},{\"@type\":\"Person\",\"@id\":\"https:\\\/\\\/blogs.deusto.es\\\/aprender-ensenar\\\/#\\\/schema\\\/person\\\/b9a2a8f98059c2a5fe6d6a60f3a62945\",\"name\":\"Roberto Sandu\",\"image\":{\"@type\":\"ImageObject\",\"inLanguage\":\"es\",\"@id\":\"https:\\\/\\\/blogs.deusto.es\\\/wp-content\\\/uploads\\\/sites\\\/7\\\/2021\\\/09\\\/IMG_1423-150x150.jpg\",\"url\":\"https:\\\/\\\/blogs.deusto.es\\\/wp-content\\\/uploads\\\/sites\\\/7\\\/2021\\\/09\\\/IMG_1423-150x150.jpg\",\"contentUrl\":\"https:\\\/\\\/blogs.deusto.es\\\/wp-content\\\/uploads\\\/sites\\\/7\\\/2021\\\/09\\\/IMG_1423-150x150.jpg\",\"caption\":\"Roberto Sandu\"},\"description\":\"Colaborador de Aula TIC del Servicio Inform\u00e1tico de la Universidad de Deusto.\",\"sameAs\":[\"https:\\\/\\\/aulatic.deusto.es\\\/\"],\"url\":\"https:\\\/\\\/blogs.deusto.es\\\/aprender-ensenar\\\/author\\\/rsandu\\\/\"}]}<\/script>\n<!-- \/ Yoast SEO plugin. -->","yoast_head_json":{"title":"Un email a la carta - Aprender para ense\u00f1ar","robots":{"index":"index","follow":"follow","max-snippet":"max-snippet:-1","max-image-preview":"max-image-preview:large","max-video-preview":"max-video-preview:-1"},"canonical":"https:\/\/blogs.deusto.es\/aprender-ensenar\/un-email-a-la-carta\/","og_locale":"es_ES","og_type":"article","og_title":"Un email a la carta - Aprender para ense\u00f1ar","og_description":"Desde hace un par de a\u00f1os, Gmail permite redactar correos electr\u00f3nicos y programar su fecha de env\u00edo, de modo que si programas un email en una fecha y hora determinada, este se enviar\u00e1 en dicho momento. Esto resulta realmente \u00fatil... Seguir leyendo &rarr;","og_url":"https:\/\/blogs.deusto.es\/aprender-ensenar\/un-email-a-la-carta\/","og_site_name":"Aprender para ense\u00f1ar","article_published_time":"2022-04-26T08:00:00+00:00","og_image":[{"width":1920,"height":1280,"url":"https:\/\/blogs.deusto.es\/alumni\/wp-content\/uploads\/sites\/7\/2022\/02\/email-g150d44d43_1920.jpg","type":"image\/jpeg"}],"author":"Roberto Sandu","twitter_card":"summary_large_image","twitter_misc":{"Escrito por":"Roberto Sandu","Tiempo de lectura":"1 minuto"},"schema":{"@context":"https:\/\/schema.org","@graph":[{"@type":"Article","@id":"https:\/\/blogs.deusto.es\/aprender-ensenar\/un-email-a-la-carta\/#article","isPartOf":{"@id":"https:\/\/blogs.deusto.es\/aprender-ensenar\/un-email-a-la-carta\/"},"author":{"name":"Roberto Sandu","@id":"https:\/\/blogs.deusto.es\/aprender-ensenar\/#\/schema\/person\/b9a2a8f98059c2a5fe6d6a60f3a62945"},"headline":"Un email a la carta","datePublished":"2022-04-26T08:00:00+00:00","mainEntityOfPage":{"@id":"https:\/\/blogs.deusto.es\/aprender-ensenar\/un-email-a-la-carta\/"},"wordCount":265,"commentCount":1,"image":{"@id":"https:\/\/blogs.deusto.es\/aprender-ensenar\/un-email-a-la-carta\/#primaryimage"},"thumbnailUrl":"https:\/\/blogs.deusto.es\/wp-content\/uploads\/sites\/7\/2022\/02\/email-g150d44d43_1920.jpg","keywords":["AulaTIC","correo","email","IKTgela","Ordenador"],"articleSection":["Sin categorizar"],"inLanguage":"es","potentialAction":[{"@type":"CommentAction","name":"Comment","target":["https:\/\/blogs.deusto.es\/aprender-ensenar\/un-email-a-la-carta\/#respond"]}]},{"@type":"WebPage","@id":"https:\/\/blogs.deusto.es\/aprender-ensenar\/un-email-a-la-carta\/","url":"https:\/\/blogs.deusto.es\/aprender-ensenar\/un-email-a-la-carta\/","name":"Un email a la carta - Aprender para ense\u00f1ar","isPartOf":{"@id":"https:\/\/blogs.deusto.es\/aprender-ensenar\/#website"},"primaryImageOfPage":{"@id":"https:\/\/blogs.deusto.es\/aprender-ensenar\/un-email-a-la-carta\/#primaryimage"},"image":{"@id":"https:\/\/blogs.deusto.es\/aprender-ensenar\/un-email-a-la-carta\/#primaryimage"},"thumbnailUrl":"https:\/\/blogs.deusto.es\/wp-content\/uploads\/sites\/7\/2022\/02\/email-g150d44d43_1920.jpg","datePublished":"2022-04-26T08:00:00+00:00","author":{"@id":"https:\/\/blogs.deusto.es\/aprender-ensenar\/#\/schema\/person\/b9a2a8f98059c2a5fe6d6a60f3a62945"},"breadcrumb":{"@id":"https:\/\/blogs.deusto.es\/aprender-ensenar\/un-email-a-la-carta\/#breadcrumb"},"inLanguage":"es","potentialAction":[{"@type":"ReadAction","target":["https:\/\/blogs.deusto.es\/aprender-ensenar\/un-email-a-la-carta\/"]}]},{"@type":"ImageObject","inLanguage":"es","@id":"https:\/\/blogs.deusto.es\/aprender-ensenar\/un-email-a-la-carta\/#primaryimage","url":"https:\/\/blogs.deusto.es\/wp-content\/uploads\/sites\/7\/2022\/02\/email-g150d44d43_1920.jpg","contentUrl":"https:\/\/blogs.deusto.es\/wp-content\/uploads\/sites\/7\/2022\/02\/email-g150d44d43_1920.jpg","width":1920,"height":1280},{"@type":"BreadcrumbList","@id":"https:\/\/blogs.deusto.es\/aprender-ensenar\/un-email-a-la-carta\/#breadcrumb","itemListElement":[{"@type":"ListItem","position":1,"name":"Portada","item":"https:\/\/blogs.deusto.es\/aprender-ensenar\/"},{"@type":"ListItem","position":2,"name":"Un email a la carta"}]},{"@type":"WebSite","@id":"https:\/\/blogs.deusto.es\/aprender-ensenar\/#website","url":"https:\/\/blogs.deusto.es\/aprender-ensenar\/","name":"Aprender para ense\u00f1ar","description":"Innovaci\u00f3n docente, Formaci\u00f3n Online, Formaci\u00f3n Dual  y TIC en la Universidad de Deusto","potentialAction":[{"@type":"SearchAction","target":{"@type":"EntryPoint","urlTemplate":"https:\/\/blogs.deusto.es\/aprender-ensenar\/?s={search_term_string}"},"query-input":{"@type":"PropertyValueSpecification","valueRequired":true,"valueName":"search_term_string"}}],"inLanguage":"es"},{"@type":"Person","@id":"https:\/\/blogs.deusto.es\/aprender-ensenar\/#\/schema\/person\/b9a2a8f98059c2a5fe6d6a60f3a62945","name":"Roberto Sandu","image":{"@type":"ImageObject","inLanguage":"es","@id":"https:\/\/blogs.deusto.es\/wp-content\/uploads\/sites\/7\/2021\/09\/IMG_1423-150x150.jpg","url":"https:\/\/blogs.deusto.es\/wp-content\/uploads\/sites\/7\/2021\/09\/IMG_1423-150x150.jpg","contentUrl":"https:\/\/blogs.deusto.es\/wp-content\/uploads\/sites\/7\/2021\/09\/IMG_1423-150x150.jpg","caption":"Roberto Sandu"},"description":"Colaborador de Aula TIC del Servicio Inform\u00e1tico de la Universidad de Deusto.","sameAs":["https:\/\/aulatic.deusto.es\/"],"url":"https:\/\/blogs.deusto.es\/aprender-ensenar\/author\/rsandu\/"}]}},"_links":{"self":[{"href":"https:\/\/blogs.deusto.es\/aprender-ensenar\/wp-json\/wp\/v2\/posts\/5070","targetHints":{"allow":["GET"]}}],"collection":[{"href":"https:\/\/blogs.deusto.es\/aprender-ensenar\/wp-json\/wp\/v2\/posts"}],"about":[{"href":"https:\/\/blogs.deusto.es\/aprender-ensenar\/wp-json\/wp\/v2\/types\/post"}],"author":[{"embeddable":true,"href":"https:\/\/blogs.deusto.es\/aprender-ensenar\/wp-json\/wp\/v2\/users\/653"}],"replies":[{"embeddable":true,"href":"https:\/\/blogs.deusto.es\/aprender-ensenar\/wp-json\/wp\/v2\/comments?post=5070"}],"version-history":[{"count":1,"href":"https:\/\/blogs.deusto.es\/aprender-ensenar\/wp-json\/wp\/v2\/posts\/5070\/revisions"}],"predecessor-version":[{"id":5073,"href":"https:\/\/blogs.deusto.es\/aprender-ensenar\/wp-json\/wp\/v2\/posts\/5070\/revisions\/5073"}],"wp:featuredmedia":[{"embeddable":true,"href":"https:\/\/blogs.deusto.es\/aprender-ensenar\/wp-json\/wp\/v2\/media\/5071"}],"wp:attachment":[{"href":"https:\/\/blogs.deusto.es\/aprender-ensenar\/wp-json\/wp\/v2\/media?parent=5070"}],"wp:term":[{"taxonomy":"category","embeddable":true,"href":"https:\/\/blogs.deusto.es\/aprender-ensenar\/wp-json\/wp\/v2\/categories?post=5070"},{"taxonomy":"post_tag","embeddable":true,"href":"https:\/\/blogs.deusto.es\/aprender-ensenar\/wp-json\/wp\/v2\/tags?post=5070"}],"curies":[{"name":"wp","href":"https:\/\/api.w.org\/{rel}","templated":true}]}}