{"id":5609,"date":"2023-10-17T14:13:45","date_gmt":"2023-10-17T12:13:45","guid":{"rendered":"https:\/\/preblogs.deusto.es\/aprender-ensenar\/?p=5609"},"modified":"2023-10-18T09:40:10","modified_gmt":"2023-10-18T07:40:10","slug":"desembarco-en-la-empresa","status":"publish","type":"post","link":"https:\/\/blogs.deusto.es\/aprender-ensenar\/desembarco-en-la-empresa\/","title":{"rendered":"Desembarco en la empresa"},"content":{"rendered":"\t\t<div data-elementor-type=\"wp-post\" data-elementor-id=\"5609\" class=\"elementor elementor-5609\" data-elementor-post-type=\"post\">\n\t\t\t\t\t\t<section class=\"elementor-section elementor-top-section elementor-element elementor-element-880fe3c elementor-section-boxed elementor-section-height-default elementor-section-height-default\" data-id=\"880fe3c\" data-element_type=\"section\" data-e-type=\"section\">\n\t\t\t\t\t\t<div class=\"elementor-container elementor-column-gap-default\">\n\t\t\t\t\t<div class=\"elementor-column elementor-col-100 elementor-top-column elementor-element elementor-element-5d6b7da\" data-id=\"5d6b7da\" data-element_type=\"column\" data-e-type=\"column\">\n\t\t\t<div class=\"elementor-widget-wrap elementor-element-populated\">\n\t\t\t\t\t\t<div class=\"elementor-element elementor-element-56007f5 elementor-widget elementor-widget-text-editor\" data-id=\"56007f5\" data-element_type=\"widget\" data-e-type=\"widget\" data-widget_type=\"text-editor.default\">\n\t\t\t\t<div class=\"elementor-widget-container\">\n\t\t\t\t\t\t\t\t\t<p>Al leer el t\u00edtulo de este post quiz\u00e1s te ha venido a la mente la gran ciudad de Juego de Tronos, \u201cDesembarco del Rey\u201d. Pero\u00a0 no. Hoy vamos a hablar de algo diferente, pero en el que sentimos tantas emociones como en la capital de los Siete Reinos: el primer d\u00eda en la empresa del alumnado dual.<\/p><p>Tal y como os comentaba Ane Sagarzazu <a href=\"https:\/\/blogs.deusto.es\/aprender-ensenar\/escuela-para-la-facilitacion-dual\/\"> en un post anterior<\/a>, desde la <a href=\"https:\/\/blogs.deusto.es\/dual\/escuela-para-la-facilitacion-dual\/\">Escuela para la Facilitaci\u00f3n Dual<\/a> se ofrecen distintas sesiones de entrenamiento para las personas que forman parte del <a href=\"https:\/\/blogs.deusto.es\/dual\/dualipedia\/#ecosistema\">Ecosistema Dual<\/a>. En este caso, vamos a contarte algo m\u00e1s sobre una de estas sesiones: Desembarco en la empresa.<\/p><p>Un buen comienzo es clave. Un buen comienzo determina, en gran medida, un acontecimiento. Esta es la idea con la que partimos en la Unidad Dual para comenzar las estancias duales. Es por ello que desde hace unos a\u00f1os formamos a nuestras personas facilitadoras y participantes para que ambas partes puedan hacer y tener una buena acogida. Los facilitadores de empresa realizan, como indica su itinerario, una sesi\u00f3n online llamada \u201cC\u00f3mo hacer el onboarding dual\u201d para prepararse y tener todo listo para recibir al alumnado que empieza en sus organizaciones. Asimismo, el participante dual tambi\u00e9n debe tener las herramientas precisas para poder hacer una buena entrada.<\/p><p>El primer d\u00eda en la organizaci\u00f3n puede ser tan motivante como estresante, por eso, es importante prepararlo con anterioridad. Esta sesi\u00f3n est\u00e1 destinada a entrenar a los participantes duales para este momento memorable. Tiene tres objetivos principales:\u00a0<\/p><ul><li aria-level=\"1\">COnocer los aspectos clave a tener en cuenta a la hora de comenzar la estancia en la empresa\u00a0<\/li><li aria-level=\"1\">COnocer los aspectos actitudinales claves para la estancia en la empresa y su importancia.\u00a0<\/li><li aria-level=\"1\">Capacitarse para el propio Desembarco en la empresa<\/li><\/ul><p>Para ello, d\u00edas antes de que este acontecimiento tenga lugar, los participantes reciben esta sesi\u00f3n de dos horas de duraci\u00f3n. En ella, mediante diferentes din\u00e1micas, role plays, etc. se preparan para comenzar de la mejor manera posible su estancia dual. Adem\u00e1s de la propia sesi\u00f3n, para no dejar en el tintero ning\u00fan detalle se les da una <a href=\"https:\/\/drive.google.com\/file\/d\/1P_dYTQqlb5xWHrRJ2qBYhCy8O1Q5AlRG\/view?usp=drive_link\">infograf\u00eda<\/a>, a modo de check-list. En ella, pueden encontrar las diferentes tareas a realizar d\u00edas y horas antes de ir a la empresa. Asimismo, tambi\u00e9n pueden repasar aspectos m\u00e1s actitudinales en el apartado de \u201cprimeras horas en la empresa\u201d.<\/p>\t\t\t\t\t\t\t\t<\/div>\n\t\t\t\t<\/div>\n\t\t\t\t\t<\/div>\n\t\t<\/div>\n\t\t\t\t\t<\/div>\n\t\t<\/section>\n\t\t\t\t<section class=\"elementor-section elementor-top-section elementor-element elementor-element-a41198c elementor-section-boxed elementor-section-height-default elementor-section-height-default\" data-id=\"a41198c\" data-element_type=\"section\" data-e-type=\"section\">\n\t\t\t\t\t\t<div class=\"elementor-container elementor-column-gap-default\">\n\t\t\t\t\t<div class=\"elementor-column elementor-col-100 elementor-top-column elementor-element elementor-element-9c026c6\" data-id=\"9c026c6\" data-element_type=\"column\" data-e-type=\"column\">\n\t\t\t<div class=\"elementor-widget-wrap elementor-element-populated\">\n\t\t\t\t\t\t<div class=\"elementor-element elementor-element-f29e08e elementor-widget elementor-widget-image\" data-id=\"f29e08e\" data-element_type=\"widget\" data-e-type=\"widget\" data-widget_type=\"image.default\">\n\t\t\t\t<div class=\"elementor-widget-container\">\n\t\t\t\t\t\t\t\t\t\t\t\t\t\t\t<img fetchpriority=\"high\" decoding=\"async\" width=\"676\" height=\"451\" src=\"https:\/\/blogs.deusto.es\/wp-content\/uploads\/sites\/7\/2023\/10\/post-aprender-para-ensenar-02-1024x683.jpg\" class=\"attachment-large size-large wp-image-5611\" alt=\"post-aprender-para-ensenar-02\" srcset=\"https:\/\/blogs.deusto.es\/wp-content\/uploads\/sites\/7\/2023\/10\/post-aprender-para-ensenar-02-1024x683.jpg 1024w, https:\/\/blogs.deusto.es\/wp-content\/uploads\/sites\/7\/2023\/10\/post-aprender-para-ensenar-02-300x200.jpg 300w, https:\/\/blogs.deusto.es\/wp-content\/uploads\/sites\/7\/2023\/10\/post-aprender-para-ensenar-02-768x512.jpg 768w, https:\/\/blogs.deusto.es\/wp-content\/uploads\/sites\/7\/2023\/10\/post-aprender-para-ensenar-02-1536x1024.jpg 1536w, https:\/\/blogs.deusto.es\/wp-content\/uploads\/sites\/7\/2023\/10\/post-aprender-para-ensenar-02-640x427.jpg 640w, https:\/\/blogs.deusto.es\/wp-content\/uploads\/sites\/7\/2023\/10\/post-aprender-para-ensenar-02-600x400.jpg 600w, https:\/\/blogs.deusto.es\/wp-content\/uploads\/sites\/7\/2023\/10\/post-aprender-para-ensenar-02-945x630.jpg 945w, https:\/\/blogs.deusto.es\/wp-content\/uploads\/sites\/7\/2023\/10\/post-aprender-para-ensenar-02.jpg 2048w\" sizes=\"(max-width: 676px) 100vw, 676px\" \/>\t\t\t\t\t\t\t\t\t\t\t\t\t\t\t<\/div>\n\t\t\t\t<\/div>\n\t\t\t\t\t<\/div>\n\t\t<\/div>\n\t\t\t\t\t<\/div>\n\t\t<\/section>\n\t\t\t\t<section class=\"elementor-section elementor-top-section elementor-element elementor-element-1879a55 elementor-section-boxed elementor-section-height-default elementor-section-height-default\" data-id=\"1879a55\" data-element_type=\"section\" data-e-type=\"section\">\n\t\t\t\t\t\t<div class=\"elementor-container elementor-column-gap-default\">\n\t\t\t\t\t<div class=\"elementor-column elementor-col-100 elementor-top-column elementor-element elementor-element-c15c409\" data-id=\"c15c409\" data-element_type=\"column\" data-e-type=\"column\">\n\t\t\t<div class=\"elementor-widget-wrap elementor-element-populated\">\n\t\t\t\t\t\t<div class=\"elementor-element elementor-element-297d2a7 elementor-widget elementor-widget-text-editor\" data-id=\"297d2a7\" data-element_type=\"widget\" data-e-type=\"widget\" data-widget_type=\"text-editor.default\">\n\t\t\t\t<div class=\"elementor-widget-container\">\n\t\t\t\t\t\t\t\t\t<p>Esta sesi\u00f3n ayuda a los participantes a preparar el primer d\u00eda, lo que ayudar\u00e1 en su proceso de integraci\u00f3n y adquisici\u00f3n de conocimientos.<\/p><p>\u00bfQu\u00e9 tal? \u00bfC\u00f3mo lo ves? Suena interesante, \u00bfverdad?<\/p>\t\t\t\t\t\t\t\t<\/div>\n\t\t\t\t<\/div>\n\t\t\t\t\t<\/div>\n\t\t<\/div>\n\t\t\t\t\t<\/div>\n\t\t<\/section>\n\t\t\t\t<\/div>\n\t\t","protected":false},"excerpt":{"rendered":"<p>Al leer el t\u00edtulo de este post quiz\u00e1s te ha venido a la mente la gran ciudad de Juego de Tronos, \u201cDesembarco del Rey\u201d. Pero&nbsp; no. Hoy vamos a hablar de algo diferente, pero en el que sentimos tantas emociones&#8230; <a class=\"more-link\" href=\"https:\/\/blogs.deusto.es\/aprender-ensenar\/desembarco-en-la-empresa\/\">Seguir leyendo &rarr;<\/a><\/p>\n","protected":false},"author":690,"featured_media":5616,"comment_status":"open","ping_status":"open","sticky":false,"template":"","format":"standard","meta":{"footnotes":""},"categories":[814],"tags":[],"class_list":["post-5609","post","type-post","status-publish","format-standard","has-post-thumbnail","hentry","category-unidad-dual"],"yoast_head":"<!-- This site is optimized with the Yoast SEO plugin v27.4 - https:\/\/yoast.com\/product\/yoast-seo-wordpress\/ -->\n<title>Desembarco en la empresa - Aprender para ense\u00f1ar<\/title>\n<meta name=\"robots\" content=\"index, follow, max-snippet:-1, max-image-preview:large, max-video-preview:-1\" \/>\n<link rel=\"canonical\" href=\"https:\/\/blogs.deusto.es\/aprender-ensenar\/desembarco-en-la-empresa\/\" \/>\n<meta property=\"og:locale\" content=\"es_ES\" \/>\n<meta property=\"og:type\" content=\"article\" \/>\n<meta property=\"og:title\" content=\"Desembarco en la empresa - Aprender para ense\u00f1ar\" \/>\n<meta property=\"og:description\" content=\"Al leer el t\u00edtulo de este post quiz\u00e1s te ha venido a la mente la gran ciudad de Juego de Tronos, \u201cDesembarco del Rey\u201d. Pero&nbsp; no. Hoy vamos a hablar de algo diferente, pero en el que sentimos tantas emociones... Seguir leyendo &rarr;\" \/>\n<meta property=\"og:url\" content=\"https:\/\/blogs.deusto.es\/aprender-ensenar\/desembarco-en-la-empresa\/\" \/>\n<meta property=\"og:site_name\" content=\"Aprender para ense\u00f1ar\" \/>\n<meta property=\"article:published_time\" content=\"2023-10-17T12:13:45+00:00\" \/>\n<meta property=\"article:modified_time\" content=\"2023-10-18T07:40:10+00:00\" \/>\n<meta property=\"og:image\" content=\"https:\/\/blogs.deusto.es\/alumni\/wp-content\/uploads\/sites\/7\/2023\/10\/post-aprender-para-ensenar-01.jpg\" \/>\n\t<meta property=\"og:image:width\" content=\"2048\" \/>\n\t<meta property=\"og:image:height\" content=\"1365\" \/>\n\t<meta property=\"og:image:type\" content=\"image\/jpeg\" \/>\n<meta name=\"author\" content=\"Uxue Gutierrez\" \/>\n<meta name=\"twitter:card\" content=\"summary_large_image\" \/>\n<meta name=\"twitter:label1\" content=\"Escrito por\" \/>\n\t<meta name=\"twitter:data1\" content=\"Uxue Gutierrez\" \/>\n\t<meta name=\"twitter:label2\" content=\"Tiempo de lectura\" \/>\n\t<meta name=\"twitter:data2\" content=\"3 minutos\" \/>\n<script type=\"application\/ld+json\" class=\"yoast-schema-graph\">{\"@context\":\"https:\\\/\\\/schema.org\",\"@graph\":[{\"@type\":\"Article\",\"@id\":\"https:\\\/\\\/blogs.deusto.es\\\/aprender-ensenar\\\/desembarco-en-la-empresa\\\/#article\",\"isPartOf\":{\"@id\":\"https:\\\/\\\/blogs.deusto.es\\\/aprender-ensenar\\\/desembarco-en-la-empresa\\\/\"},\"author\":{\"name\":\"Uxue Gutierrez\",\"@id\":\"https:\\\/\\\/blogs.deusto.es\\\/aprender-ensenar\\\/#\\\/schema\\\/person\\\/6e2ead14a6b6553b5fa421c224617b27\"},\"headline\":\"Desembarco en la empresa\",\"datePublished\":\"2023-10-17T12:13:45+00:00\",\"dateModified\":\"2023-10-18T07:40:10+00:00\",\"mainEntityOfPage\":{\"@id\":\"https:\\\/\\\/blogs.deusto.es\\\/aprender-ensenar\\\/desembarco-en-la-empresa\\\/\"},\"wordCount\":453,\"commentCount\":0,\"image\":{\"@id\":\"https:\\\/\\\/blogs.deusto.es\\\/aprender-ensenar\\\/desembarco-en-la-empresa\\\/#primaryimage\"},\"thumbnailUrl\":\"https:\\\/\\\/blogs.deusto.es\\\/wp-content\\\/uploads\\\/sites\\\/7\\\/2023\\\/10\\\/post-aprender-para-ensenar-01.jpg\",\"articleSection\":[\"Unidad Dual\"],\"inLanguage\":\"es\",\"potentialAction\":[{\"@type\":\"CommentAction\",\"name\":\"Comment\",\"target\":[\"https:\\\/\\\/blogs.deusto.es\\\/aprender-ensenar\\\/desembarco-en-la-empresa\\\/#respond\"]}]},{\"@type\":\"WebPage\",\"@id\":\"https:\\\/\\\/blogs.deusto.es\\\/aprender-ensenar\\\/desembarco-en-la-empresa\\\/\",\"url\":\"https:\\\/\\\/blogs.deusto.es\\\/aprender-ensenar\\\/desembarco-en-la-empresa\\\/\",\"name\":\"Desembarco en la empresa - Aprender para ense\u00f1ar\",\"isPartOf\":{\"@id\":\"https:\\\/\\\/blogs.deusto.es\\\/aprender-ensenar\\\/#website\"},\"primaryImageOfPage\":{\"@id\":\"https:\\\/\\\/blogs.deusto.es\\\/aprender-ensenar\\\/desembarco-en-la-empresa\\\/#primaryimage\"},\"image\":{\"@id\":\"https:\\\/\\\/blogs.deusto.es\\\/aprender-ensenar\\\/desembarco-en-la-empresa\\\/#primaryimage\"},\"thumbnailUrl\":\"https:\\\/\\\/blogs.deusto.es\\\/wp-content\\\/uploads\\\/sites\\\/7\\\/2023\\\/10\\\/post-aprender-para-ensenar-01.jpg\",\"datePublished\":\"2023-10-17T12:13:45+00:00\",\"dateModified\":\"2023-10-18T07:40:10+00:00\",\"author\":{\"@id\":\"https:\\\/\\\/blogs.deusto.es\\\/aprender-ensenar\\\/#\\\/schema\\\/person\\\/6e2ead14a6b6553b5fa421c224617b27\"},\"breadcrumb\":{\"@id\":\"https:\\\/\\\/blogs.deusto.es\\\/aprender-ensenar\\\/desembarco-en-la-empresa\\\/#breadcrumb\"},\"inLanguage\":\"es\",\"potentialAction\":[{\"@type\":\"ReadAction\",\"target\":[\"https:\\\/\\\/blogs.deusto.es\\\/aprender-ensenar\\\/desembarco-en-la-empresa\\\/\"]}]},{\"@type\":\"ImageObject\",\"inLanguage\":\"es\",\"@id\":\"https:\\\/\\\/blogs.deusto.es\\\/aprender-ensenar\\\/desembarco-en-la-empresa\\\/#primaryimage\",\"url\":\"https:\\\/\\\/blogs.deusto.es\\\/wp-content\\\/uploads\\\/sites\\\/7\\\/2023\\\/10\\\/post-aprender-para-ensenar-01.jpg\",\"contentUrl\":\"https:\\\/\\\/blogs.deusto.es\\\/wp-content\\\/uploads\\\/sites\\\/7\\\/2023\\\/10\\\/post-aprender-para-ensenar-01.jpg\",\"width\":2048,\"height\":1365,\"caption\":\"post-aprender-para-ensenar-01\"},{\"@type\":\"BreadcrumbList\",\"@id\":\"https:\\\/\\\/blogs.deusto.es\\\/aprender-ensenar\\\/desembarco-en-la-empresa\\\/#breadcrumb\",\"itemListElement\":[{\"@type\":\"ListItem\",\"position\":1,\"name\":\"Portada\",\"item\":\"https:\\\/\\\/blogs.deusto.es\\\/aprender-ensenar\\\/\"},{\"@type\":\"ListItem\",\"position\":2,\"name\":\"Desembarco en la empresa\"}]},{\"@type\":\"WebSite\",\"@id\":\"https:\\\/\\\/blogs.deusto.es\\\/aprender-ensenar\\\/#website\",\"url\":\"https:\\\/\\\/blogs.deusto.es\\\/aprender-ensenar\\\/\",\"name\":\"Aprender para ense\u00f1ar\",\"description\":\"Innovaci\u00f3n docente, Formaci\u00f3n Online, Formaci\u00f3n Dual  y TIC en la Universidad de Deusto\",\"potentialAction\":[{\"@type\":\"SearchAction\",\"target\":{\"@type\":\"EntryPoint\",\"urlTemplate\":\"https:\\\/\\\/blogs.deusto.es\\\/aprender-ensenar\\\/?s={search_term_string}\"},\"query-input\":{\"@type\":\"PropertyValueSpecification\",\"valueRequired\":true,\"valueName\":\"search_term_string\"}}],\"inLanguage\":\"es\"},{\"@type\":\"Person\",\"@id\":\"https:\\\/\\\/blogs.deusto.es\\\/aprender-ensenar\\\/#\\\/schema\\\/person\\\/6e2ead14a6b6553b5fa421c224617b27\",\"name\":\"Uxue Gutierrez\",\"image\":{\"@type\":\"ImageObject\",\"inLanguage\":\"es\",\"@id\":\"https:\\\/\\\/blogs.deusto.es\\\/wp-content\\\/uploads\\\/sites\\\/7\\\/2023\\\/10\\\/Uxue-foto-LinkedIn-1-150x150.jpg\",\"url\":\"https:\\\/\\\/blogs.deusto.es\\\/wp-content\\\/uploads\\\/sites\\\/7\\\/2023\\\/10\\\/Uxue-foto-LinkedIn-1-150x150.jpg\",\"contentUrl\":\"https:\\\/\\\/blogs.deusto.es\\\/wp-content\\\/uploads\\\/sites\\\/7\\\/2023\\\/10\\\/Uxue-foto-LinkedIn-1-150x150.jpg\",\"caption\":\"Uxue Gutierrez\"},\"description\":\"COordinadora de los Servicios de Entrenamiento de la Escuela para la Facilitaci\u00f3n Dual\",\"url\":\"https:\\\/\\\/blogs.deusto.es\\\/aprender-ensenar\\\/author\\\/uxue\\\/\"}]}<\/script>\n<!-- \/ Yoast SEO plugin. -->","yoast_head_json":{"title":"Desembarco en la empresa - Aprender para ense\u00f1ar","robots":{"index":"index","follow":"follow","max-snippet":"max-snippet:-1","max-image-preview":"max-image-preview:large","max-video-preview":"max-video-preview:-1"},"canonical":"https:\/\/blogs.deusto.es\/aprender-ensenar\/desembarco-en-la-empresa\/","og_locale":"es_ES","og_type":"article","og_title":"Desembarco en la empresa - Aprender para ense\u00f1ar","og_description":"Al leer el t\u00edtulo de este post quiz\u00e1s te ha venido a la mente la gran ciudad de Juego de Tronos, \u201cDesembarco del Rey\u201d. Pero&nbsp; no. Hoy vamos a hablar de algo diferente, pero en el que sentimos tantas emociones... Seguir leyendo &rarr;","og_url":"https:\/\/blogs.deusto.es\/aprender-ensenar\/desembarco-en-la-empresa\/","og_site_name":"Aprender para ense\u00f1ar","article_published_time":"2023-10-17T12:13:45+00:00","article_modified_time":"2023-10-18T07:40:10+00:00","og_image":[{"width":2048,"height":1365,"url":"https:\/\/blogs.deusto.es\/alumni\/wp-content\/uploads\/sites\/7\/2023\/10\/post-aprender-para-ensenar-01.jpg","type":"image\/jpeg"}],"author":"Uxue Gutierrez","twitter_card":"summary_large_image","twitter_misc":{"Escrito por":"Uxue Gutierrez","Tiempo de lectura":"3 minutos"},"schema":{"@context":"https:\/\/schema.org","@graph":[{"@type":"Article","@id":"https:\/\/blogs.deusto.es\/aprender-ensenar\/desembarco-en-la-empresa\/#article","isPartOf":{"@id":"https:\/\/blogs.deusto.es\/aprender-ensenar\/desembarco-en-la-empresa\/"},"author":{"name":"Uxue Gutierrez","@id":"https:\/\/blogs.deusto.es\/aprender-ensenar\/#\/schema\/person\/6e2ead14a6b6553b5fa421c224617b27"},"headline":"Desembarco en la empresa","datePublished":"2023-10-17T12:13:45+00:00","dateModified":"2023-10-18T07:40:10+00:00","mainEntityOfPage":{"@id":"https:\/\/blogs.deusto.es\/aprender-ensenar\/desembarco-en-la-empresa\/"},"wordCount":453,"commentCount":0,"image":{"@id":"https:\/\/blogs.deusto.es\/aprender-ensenar\/desembarco-en-la-empresa\/#primaryimage"},"thumbnailUrl":"https:\/\/blogs.deusto.es\/wp-content\/uploads\/sites\/7\/2023\/10\/post-aprender-para-ensenar-01.jpg","articleSection":["Unidad Dual"],"inLanguage":"es","potentialAction":[{"@type":"CommentAction","name":"Comment","target":["https:\/\/blogs.deusto.es\/aprender-ensenar\/desembarco-en-la-empresa\/#respond"]}]},{"@type":"WebPage","@id":"https:\/\/blogs.deusto.es\/aprender-ensenar\/desembarco-en-la-empresa\/","url":"https:\/\/blogs.deusto.es\/aprender-ensenar\/desembarco-en-la-empresa\/","name":"Desembarco en la empresa - Aprender para ense\u00f1ar","isPartOf":{"@id":"https:\/\/blogs.deusto.es\/aprender-ensenar\/#website"},"primaryImageOfPage":{"@id":"https:\/\/blogs.deusto.es\/aprender-ensenar\/desembarco-en-la-empresa\/#primaryimage"},"image":{"@id":"https:\/\/blogs.deusto.es\/aprender-ensenar\/desembarco-en-la-empresa\/#primaryimage"},"thumbnailUrl":"https:\/\/blogs.deusto.es\/wp-content\/uploads\/sites\/7\/2023\/10\/post-aprender-para-ensenar-01.jpg","datePublished":"2023-10-17T12:13:45+00:00","dateModified":"2023-10-18T07:40:10+00:00","author":{"@id":"https:\/\/blogs.deusto.es\/aprender-ensenar\/#\/schema\/person\/6e2ead14a6b6553b5fa421c224617b27"},"breadcrumb":{"@id":"https:\/\/blogs.deusto.es\/aprender-ensenar\/desembarco-en-la-empresa\/#breadcrumb"},"inLanguage":"es","potentialAction":[{"@type":"ReadAction","target":["https:\/\/blogs.deusto.es\/aprender-ensenar\/desembarco-en-la-empresa\/"]}]},{"@type":"ImageObject","inLanguage":"es","@id":"https:\/\/blogs.deusto.es\/aprender-ensenar\/desembarco-en-la-empresa\/#primaryimage","url":"https:\/\/blogs.deusto.es\/wp-content\/uploads\/sites\/7\/2023\/10\/post-aprender-para-ensenar-01.jpg","contentUrl":"https:\/\/blogs.deusto.es\/wp-content\/uploads\/sites\/7\/2023\/10\/post-aprender-para-ensenar-01.jpg","width":2048,"height":1365,"caption":"post-aprender-para-ensenar-01"},{"@type":"BreadcrumbList","@id":"https:\/\/blogs.deusto.es\/aprender-ensenar\/desembarco-en-la-empresa\/#breadcrumb","itemListElement":[{"@type":"ListItem","position":1,"name":"Portada","item":"https:\/\/blogs.deusto.es\/aprender-ensenar\/"},{"@type":"ListItem","position":2,"name":"Desembarco en la empresa"}]},{"@type":"WebSite","@id":"https:\/\/blogs.deusto.es\/aprender-ensenar\/#website","url":"https:\/\/blogs.deusto.es\/aprender-ensenar\/","name":"Aprender para ense\u00f1ar","description":"Innovaci\u00f3n docente, Formaci\u00f3n Online, Formaci\u00f3n Dual  y TIC en la Universidad de Deusto","potentialAction":[{"@type":"SearchAction","target":{"@type":"EntryPoint","urlTemplate":"https:\/\/blogs.deusto.es\/aprender-ensenar\/?s={search_term_string}"},"query-input":{"@type":"PropertyValueSpecification","valueRequired":true,"valueName":"search_term_string"}}],"inLanguage":"es"},{"@type":"Person","@id":"https:\/\/blogs.deusto.es\/aprender-ensenar\/#\/schema\/person\/6e2ead14a6b6553b5fa421c224617b27","name":"Uxue Gutierrez","image":{"@type":"ImageObject","inLanguage":"es","@id":"https:\/\/blogs.deusto.es\/wp-content\/uploads\/sites\/7\/2023\/10\/Uxue-foto-LinkedIn-1-150x150.jpg","url":"https:\/\/blogs.deusto.es\/wp-content\/uploads\/sites\/7\/2023\/10\/Uxue-foto-LinkedIn-1-150x150.jpg","contentUrl":"https:\/\/blogs.deusto.es\/wp-content\/uploads\/sites\/7\/2023\/10\/Uxue-foto-LinkedIn-1-150x150.jpg","caption":"Uxue Gutierrez"},"description":"COordinadora de los Servicios de Entrenamiento de la Escuela para la Facilitaci\u00f3n Dual","url":"https:\/\/blogs.deusto.es\/aprender-ensenar\/author\/uxue\/"}]}},"_links":{"self":[{"href":"https:\/\/blogs.deusto.es\/aprender-ensenar\/wp-json\/wp\/v2\/posts\/5609","targetHints":{"allow":["GET"]}}],"collection":[{"href":"https:\/\/blogs.deusto.es\/aprender-ensenar\/wp-json\/wp\/v2\/posts"}],"about":[{"href":"https:\/\/blogs.deusto.es\/aprender-ensenar\/wp-json\/wp\/v2\/types\/post"}],"author":[{"embeddable":true,"href":"https:\/\/blogs.deusto.es\/aprender-ensenar\/wp-json\/wp\/v2\/users\/690"}],"replies":[{"embeddable":true,"href":"https:\/\/blogs.deusto.es\/aprender-ensenar\/wp-json\/wp\/v2\/comments?post=5609"}],"version-history":[{"count":6,"href":"https:\/\/blogs.deusto.es\/aprender-ensenar\/wp-json\/wp\/v2\/posts\/5609\/revisions"}],"predecessor-version":[{"id":5624,"href":"https:\/\/blogs.deusto.es\/aprender-ensenar\/wp-json\/wp\/v2\/posts\/5609\/revisions\/5624"}],"wp:featuredmedia":[{"embeddable":true,"href":"https:\/\/blogs.deusto.es\/aprender-ensenar\/wp-json\/wp\/v2\/media\/5616"}],"wp:attachment":[{"href":"https:\/\/blogs.deusto.es\/aprender-ensenar\/wp-json\/wp\/v2\/media?parent=5609"}],"wp:term":[{"taxonomy":"category","embeddable":true,"href":"https:\/\/blogs.deusto.es\/aprender-ensenar\/wp-json\/wp\/v2\/categories?post=5609"},{"taxonomy":"post_tag","embeddable":true,"href":"https:\/\/blogs.deusto.es\/aprender-ensenar\/wp-json\/wp\/v2\/tags?post=5609"}],"curies":[{"name":"wp","href":"https:\/\/api.w.org\/{rel}","templated":true}]}}