{"id":134,"date":"2015-12-26T06:39:00","date_gmt":"2015-12-26T05:39:00","guid":{"rendered":"https:\/\/preblogs.deusto.es\/bigdata\/?p=134"},"modified":"2015-12-26T06:42:41","modified_gmt":"2015-12-26T05:42:41","slug":"nuevo-reglamento-data-protection-officer","status":"publish","type":"post","link":"https:\/\/blogs.deusto.es\/bigdata\/nuevo-reglamento-data-protection-officer\/","title":{"rendered":"Nueva propuesta de reglamento Europeo: pon un Data Protection Officer en tu empresa"},"content":{"rendered":"<p style=\"text-align: justify;\">Recientemente, mi compa\u00f1ero I\u00f1aki Pariente, nos ilustraba <a href=\"https:\/\/blogs.deusto.es\/bigdata\/una-buena-armadura-juridica-en-los-proyectos-de-big-data-y-la-proteccion-de-datos\/\" target=\"_blank\">sobre la importancia de la componente jur\u00eddica<\/a> en todo proyecto de Big Data. Estos d\u00edas, en el Parlamento Europeo, se est\u00e1 produciendo mucha actividad en torno a todo ello. Concretamente, est\u00e1n trabajando una\u00a0<em>Propuesta de <a href=\"http:\/\/rgpd.es\/\" target=\"_blank\">Reglamento<\/a><\/em><a href=\"http:\/\/rgpd.es\/\" target=\"_blank\">\u00a0General de Protecci\u00f3n de Datos<\/a>, del Parlamento Europeo y del Consejo.<\/p>\n<p style=\"text-align: justify;\">El n\u00facleo de lo que se est\u00e1 tratanto es la<strong> protecci\u00f3n de las personas f\u00edsicas en lo que respecta al tratamiento de datos personales<\/strong> y <strong>la libre circulaci\u00f3n de estos datos. <\/strong>En adelante, a efectos de simplificaci\u00f3n, me referir\u00e9 a ello como\u00a0Reglamento General de Protecci\u00f3n de Datos (RGPD).<\/p>\n<p style=\"text-align: justify;\">La legislaci\u00f3n vigente en la Uni\u00f3n Europea\u00a0en materia de protecci\u00f3n de datos es la <a href=\"http:\/\/eur-lex.europa.eu\/legal-content\/ES\/TXT\/?uri=URISERV%3Al14012\" target=\"_blank\">Directiva 95\/46\/CE<\/a>. Esta\u00a0fue adoptada en 1995 con un doble objetivo: defender el derecho fundamental sobre\u00a0la protecci\u00f3n de datos y garantizar la libre circulaci\u00f3n de estos datos entre los Estados miembros (en una \u00e9poca en que la libre circulaci\u00f3n de capitales, personas y bienes era algo del d\u00eda a d\u00eda). Se complement\u00f3 posteriormente mediante la <a href=\"http:\/\/eur-lex.europa.eu\/LexUriServ\/LexUriServ.do?uri=OJ:L:2008:350:0060:0071:es:PDF\" target=\"_blank\">Decisi\u00f3n Marco 2008\/977\/JAI<\/a>, como\u00a0instrumento general a escala de la Uni\u00f3n Europea para la protecci\u00f3n de datos personales tratados en contextos de\u00a0cooperaci\u00f3n policial y judicial.<\/p>\n<p style=\"text-align: justify;\">Y ahora pasamos a 2015. La rapidez con que la <a href=\"http:\/\/alexrayon.es\/2015\/12\/25\/la-revolucion-digital-y-su-impacto-economico-y-social\/\" target=\"_blank\">evoluci\u00f3n digital est\u00e1 cambiando muchos de los planos de nuestra sociedad y nuestra econom\u00eda<\/a>, \u00a0ha supuestos nuevos retos en lo que a la protecci\u00f3n de datos personales se refiere. Ahora, el volumen de datos es mucho mayor, permitiendo que tanto empresas privadas como entidades p\u00fablicas pueden aprovecharlos. Adem\u00e1s, las personas f\u00edsicas, generan y difunden un volumen de datos nunca visto hasta la fecha.<\/p>\n<p style=\"text-align: justify;\">A la par, los legisladores se dan cuenta que para poder desarrollar una sociedad realmente digital y un <a href=\"http:\/\/www.europarl.europa.eu\/atyourservice\/es\/displayFtu.html?ftuId=FTU_5.9.4.html\" target=\"_blank\">Mercado \u00danico Digital<\/a> (tambi\u00e9n debatido e impulsado hace unos meses en la Comisi\u00f3n Europea),\u00a0es fundamental <strong>generar confianza en entornos online<\/strong>. Si la confianza no existe, las personas no nos veremos tan implicados en comprar online o a relacionarnos con la administraci\u00f3n a trav\u00e9s de Internet.\u00a0La protecci\u00f3n de datos personales desempe\u00f1a, por tanto, una funci\u00f3n esencial en la <a href=\"http:\/\/eur-lex.europa.eu\/legal-content\/ES\/TXT\/?uri=URISERV%3Asi0016\" target=\"_blank\">Agenda Digital para Europa<\/a> y m\u00e1s concretamente en la <a href=\"http:\/\/ec.europa.eu\/europe2020\/index_es.htm\" target=\"_blank\">Estrategia Europa 2020<\/a> para el crecimiento y la competitividad.<\/p>\n<p style=\"text-align: justify;\">Esta nuevo reglamento de protecci\u00f3n de datos, afectar\u00e1 a muchas personas e instituciones. Si tienes una empresa o aspiras a trabajar en una radicada en Europa o que haga negocios en Europa, tienes m\u00e1s de 250 trabajadores o tu n\u00facleo de negocio se centra en el procesamiento de datos (que cada vez son m\u00e1s las empresas en ello), tu empresa tendr\u00e1, <a href=\"https:\/\/infocus.emc.com\/davidedborg\/whos-your-data-protection-officer-dpo\" target=\"_blank\">bajo propuesta de dicho Reglamento que contratar un Data Protection Officer<\/a> (DPO en adelante).<\/p>\n<p style=\"text-align: justify;\">Eso de \u00ab<em>centrarse en el procesamiento de datos<\/em>\u00ab, que resulta ciertamente ambiguo, por lo que he podido leer se refiere a \u00ab<em>tratamientos de datos masivos, que afecten a centenares de miles o millones de usuarios y que se mantengan\u00a0peri\u00f3dicamente actualizados como la\u00a0elaboraci\u00f3n de perfiles de clientes o en el mundo de marketing<\/em>\u00ab. Por lo tanto, <strong>creo que no son pocas las empresas que quedar\u00e1n afectadas por ello<\/strong>.<\/p>\n<p style=\"text-align: justify;\">\u00bfY qu\u00e9 es esto del DPO y en qu\u00e9 medida me afectar\u00eda? Este perfil tendr\u00e1 que encargarse de <strong>tareas\u00a0mucho m\u00e1s extensas\u00a0que las atribuidas al responsable de seguridad<\/strong>, figura regulada en el Reglamento que desarrolla la <a href=\"http:\/\/noticias.juridicas.com\/base_datos\/Admin\/lo15-1999.html\" target=\"_blank\">Ley Org\u00e1nica de Protecci\u00f3n de Datos <\/a>de Espa\u00f1a (que data de 1999). Este \u00faltimo, actualmente se encarga\u00a0de \u00ab<em>coordinar y controlar las medidas de seguridad<\/em>\u00ab. Pero, el DPO tendr\u00e1 una funci\u00f3n no solo de seguridad,\u00a0sino con una mirada hacia dentro de la organizaci\u00f3n y hacia fuera:<\/p>\n<ul>\n<li style=\"text-align: justify;\"><em><strong>Dentro de la empresa<\/strong><\/em>:\u00a0informar y asesorar a todos los trabajadores de la organizaci\u00f3n en lo que a\u00a0sus obligaciones con respecto a la normativa de protecci\u00f3n de datos se refiere. Adem\u00e1s, deber\u00e1 elaborar los protocolos de asignaci\u00f3n de responsabilidades y educaci\u00f3n\u00a0en esta materia, y velar por su cumplimiento. Por lo tanto, ampl\u00eda sus funciones en esta materia.<\/li>\n<li style=\"text-align: justify;\"><em><strong>Fuera de la empresa<\/strong><\/em>:\u00a0ser\u00e1 el encargado de responder a las solicitudes de informaci\u00f3n de la autoridad de control -la <em>Agencia Espa\u00f1ola de Protecci\u00f3n de Datos (AEPD) o\u00a0<\/em>equivalentes en Comunidades Aut\u00f3nomas- y cooperar con ellao para cualquier solicitud.<\/li>\n<\/ul>\n<p style=\"text-align: justify;\">Este proceso de\u00a0\u00abblindaje\u00bb ser\u00e1 tan exigente que har\u00e1 que las empresas tengan que\u00a0<strong>publicar los datos de contacto de sus Data Protection Officer<\/strong>, as\u00ed como comunic\u00e1rselo a la autoridad de control. Esto har\u00e1 un ejercicio de transparencia y accountability que emana la importancia que adquiere.\u00a0Es m\u00e1s,\u00a0el proyecto de reglamento determina que no podr\u00e1 ser despedido o sancionado mientras ejerza y ejecute sus tareas\u00a0(art\u00edculo 36.3), ni tampoco encontrar injerencias o instrucciones en el ejercicio de sus tareas. Dada la naturaleza del desempe\u00f1o de sus funciones, est\u00e1 obligado a guardar\u00a0s<strong>ecreto y\u00a0confidencialidad<\/strong>. Y, aunque puede, dentro del organigrama de trabajo, tener asignadas otras funciones o tareas, \u00e9stas no pueden dar lugar a un <strong>conflicto de intereses<\/strong>.<\/p>\n<p style=\"text-align: justify;\">\u00bfY qu\u00e9 pasa si no cumplo este reglamento? Las multas por no cumplir reglamentos Europeos son importantes; hasta un 2% de los Ingresos de la organizaci\u00f3n o 100 millones por cada infracci\u00f3n. Esto invita a la cooperaci\u00f3n y complicidad por parte de las instituciones.<\/p>\n<p style=\"text-align: justify;\">Como ven, la reglamentaci\u00f3n para la protecci\u00f3n de datos personales vuelve a endurecerse y hacer que Europa, siga fiel a su estilo de garantzar los derechos fundamentales de sus ciudadanos. Entender\u00e1n as\u00ed, que\u00a0\u00a0la protecci\u00f3n de datos qued\u00f3 excluida de las negociaciones sobre el crucial tratado de<a href=\"http:\/\/internacional.elpais.com\/internacional\/2015\/10\/06\/actualidad\/1444157153_404914.html\" target=\"_blank\"> Asociaci\u00f3n Transatl\u00e1ntica de Comercio e Inversi\u00f3n que negocian la Uni\u00f3n Europea y Estados Unidos<\/a>. \u00a0Otro tema que traer\u00e1\u00a0largas reflexiones. Y ah\u00ed veremos el papel del Data Protection Officer como eje clave en las organizaciones.<\/p>\n<figure style=\"width: 1417px\" class=\"wp-caption aligncenter\"><a href=\"http:\/\/www.computing.co.uk\/IMG\/276\/275276\/data-protection-knight.jpg\"><img fetchpriority=\"high\" decoding=\"async\" class=\"\" src=\"http:\/\/www.computing.co.uk\/IMG\/276\/275276\/data-protection-knight.jpg\" alt=\"El Data Protection Officer (Fuente: http:\/\/www.computing.co.uk\/ctg\/feature\/2306122\/rise-of-the-data-protection-officer)\" width=\"1417\" height=\"1458\" \/><\/a><figcaption class=\"wp-caption-text\">El Data Protection Officer (Fuente: http:\/\/www.computing.co.uk\/ctg\/feature\/2306122\/rise-of-the-data-protection-officer)<\/figcaption><\/figure>\n","protected":false},"excerpt":{"rendered":"<p>Recientemente, mi compa\u00f1ero I\u00f1aki Pariente, nos ilustraba sobre la importancia de la componente jur\u00eddica en todo proyecto de Big Data. Estos d\u00edas, en el Parlamento Europeo, se est\u00e1 produciendo mucha actividad en torno a todo ello. Concretamente, est\u00e1n trabajando una\u00a0Propuesta de Reglamento\u00a0General de Protecci\u00f3n de Datos, del Parlamento Europeo y del Consejo. El n\u00facleo de &hellip; <a href=\"https:\/\/blogs.deusto.es\/bigdata\/nuevo-reglamento-data-protection-officer\/\" class=\"more-link\">Seguir leyendo <span class=\"screen-reader-text\">Nueva propuesta de reglamento Europeo: pon un Data Protection Officer en tu empresa<\/span> <span class=\"meta-nav\">&rarr;<\/span><\/a><\/p>\n","protected":false},"author":136,"featured_media":0,"comment_status":"open","ping_status":"open","sticky":false,"template":"","format":"standard","meta":{"_monsterinsights_skip_tracking":false,"_monsterinsights_sitenote_active":false,"_monsterinsights_sitenote_note":"","_monsterinsights_sitenote_category":0,"footnotes":""},"categories":[1],"tags":[115,2,116,111,113,117,114,112],"class_list":["post-134","post","type-post","status-publish","format-standard","hentry","category-sin-categoria","tag-agenda-digital","tag-big-data","tag-confianza","tag-data-protection-officer","tag-datos-personales","tag-entornos-online","tag-ley-organica-proteccion-de-datos","tag-propuesta-reglamento"],"yoast_head":"<!-- This site is optimized with the Yoast SEO plugin v27.4 - https:\/\/yoast.com\/product\/yoast-seo-wordpress\/ -->\n<title>Nueva propuesta de reglamento Europeo: pon un Data Protection Officer en tu empresa - Deusto Data<\/title>\n<meta name=\"description\" content=\"La reglamentaci\u00f3n de protecci\u00f3n de datos personales vuelve a endurecerse y hace que Europa garantice derechos fundamentales. Es el Data Protection Officer.\" \/>\n<meta name=\"robots\" content=\"index, follow, max-snippet:-1, max-image-preview:large, max-video-preview:-1\" \/>\n<link rel=\"canonical\" href=\"https:\/\/blogs.deusto.es\/bigdata\/nuevo-reglamento-data-protection-officer\/\" \/>\n<meta property=\"og:locale\" content=\"es_ES\" \/>\n<meta property=\"og:type\" content=\"article\" \/>\n<meta property=\"og:title\" content=\"Nueva propuesta de reglamento Europeo: pon un Data Protection Officer en tu empresa - Deusto Data\" \/>\n<meta property=\"og:description\" content=\"La reglamentaci\u00f3n de protecci\u00f3n de datos personales vuelve a endurecerse y hace que Europa garantice derechos fundamentales. Es el Data Protection Officer.\" \/>\n<meta property=\"og:url\" content=\"https:\/\/blogs.deusto.es\/bigdata\/nuevo-reglamento-data-protection-officer\/\" \/>\n<meta property=\"og:site_name\" content=\"Deusto Data\" \/>\n<meta property=\"article:published_time\" content=\"2015-12-26T05:39:00+00:00\" \/>\n<meta property=\"article:modified_time\" content=\"2015-12-26T05:42:41+00:00\" \/>\n<meta property=\"og:image\" content=\"http:\/\/www.computing.co.uk\/IMG\/276\/275276\/data-protection-knight.jpg\" \/>\n<meta name=\"author\" content=\"\u00c1lex Ray\u00f3n\" \/>\n<meta name=\"twitter:card\" content=\"summary_large_image\" \/>\n<meta name=\"twitter:label1\" content=\"Escrito por\" \/>\n\t<meta name=\"twitter:data1\" content=\"\u00c1lex Ray\u00f3n\" \/>\n\t<meta name=\"twitter:label2\" content=\"Tiempo de lectura\" \/>\n\t<meta name=\"twitter:data2\" content=\"5 minutos\" \/>\n<script type=\"application\/ld+json\" class=\"yoast-schema-graph\">{\"@context\":\"https:\\\/\\\/schema.org\",\"@graph\":[{\"@type\":\"Article\",\"@id\":\"https:\\\/\\\/blogs.deusto.es\\\/bigdata\\\/nuevo-reglamento-data-protection-officer\\\/#article\",\"isPartOf\":{\"@id\":\"https:\\\/\\\/blogs.deusto.es\\\/bigdata\\\/nuevo-reglamento-data-protection-officer\\\/\"},\"author\":{\"name\":\"\u00c1lex Ray\u00f3n\",\"@id\":\"https:\\\/\\\/blogs.deusto.es\\\/bigdata\\\/#\\\/schema\\\/person\\\/649d200baab3dd91bf5a5c547cefd90a\"},\"headline\":\"Nueva propuesta de reglamento Europeo: pon un Data Protection Officer en tu empresa\",\"datePublished\":\"2015-12-26T05:39:00+00:00\",\"dateModified\":\"2015-12-26T05:42:41+00:00\",\"mainEntityOfPage\":{\"@id\":\"https:\\\/\\\/blogs.deusto.es\\\/bigdata\\\/nuevo-reglamento-data-protection-officer\\\/\"},\"wordCount\":1040,\"commentCount\":0,\"image\":{\"@id\":\"https:\\\/\\\/blogs.deusto.es\\\/bigdata\\\/nuevo-reglamento-data-protection-officer\\\/#primaryimage\"},\"thumbnailUrl\":\"http:\\\/\\\/www.computing.co.uk\\\/IMG\\\/276\\\/275276\\\/data-protection-knight.jpg\",\"keywords\":[\"agenda digital\",\"big data\",\"confianza\",\"data protection officer\",\"datos personales\",\"entornos online\",\"ley org\u00e1nica protecci\u00f3n de datos\",\"propuesta reglamento\"],\"inLanguage\":\"es\",\"potentialAction\":[{\"@type\":\"CommentAction\",\"name\":\"Comment\",\"target\":[\"https:\\\/\\\/blogs.deusto.es\\\/bigdata\\\/nuevo-reglamento-data-protection-officer\\\/#respond\"]}]},{\"@type\":\"WebPage\",\"@id\":\"https:\\\/\\\/blogs.deusto.es\\\/bigdata\\\/nuevo-reglamento-data-protection-officer\\\/\",\"url\":\"https:\\\/\\\/blogs.deusto.es\\\/bigdata\\\/nuevo-reglamento-data-protection-officer\\\/\",\"name\":\"Nueva propuesta de reglamento Europeo: pon un Data Protection Officer en tu empresa - Deusto Data\",\"isPartOf\":{\"@id\":\"https:\\\/\\\/blogs.deusto.es\\\/bigdata\\\/#website\"},\"primaryImageOfPage\":{\"@id\":\"https:\\\/\\\/blogs.deusto.es\\\/bigdata\\\/nuevo-reglamento-data-protection-officer\\\/#primaryimage\"},\"image\":{\"@id\":\"https:\\\/\\\/blogs.deusto.es\\\/bigdata\\\/nuevo-reglamento-data-protection-officer\\\/#primaryimage\"},\"thumbnailUrl\":\"http:\\\/\\\/www.computing.co.uk\\\/IMG\\\/276\\\/275276\\\/data-protection-knight.jpg\",\"datePublished\":\"2015-12-26T05:39:00+00:00\",\"dateModified\":\"2015-12-26T05:42:41+00:00\",\"author\":{\"@id\":\"https:\\\/\\\/blogs.deusto.es\\\/bigdata\\\/#\\\/schema\\\/person\\\/649d200baab3dd91bf5a5c547cefd90a\"},\"description\":\"La reglamentaci\u00f3n de protecci\u00f3n de datos personales vuelve a endurecerse y hace que Europa garantice derechos fundamentales. Es el Data Protection Officer.\",\"inLanguage\":\"es\",\"potentialAction\":[{\"@type\":\"ReadAction\",\"target\":[\"https:\\\/\\\/blogs.deusto.es\\\/bigdata\\\/nuevo-reglamento-data-protection-officer\\\/\"]}]},{\"@type\":\"ImageObject\",\"inLanguage\":\"es\",\"@id\":\"https:\\\/\\\/blogs.deusto.es\\\/bigdata\\\/nuevo-reglamento-data-protection-officer\\\/#primaryimage\",\"url\":\"http:\\\/\\\/www.computing.co.uk\\\/IMG\\\/276\\\/275276\\\/data-protection-knight.jpg\",\"contentUrl\":\"http:\\\/\\\/www.computing.co.uk\\\/IMG\\\/276\\\/275276\\\/data-protection-knight.jpg\"},{\"@type\":\"WebSite\",\"@id\":\"https:\\\/\\\/blogs.deusto.es\\\/bigdata\\\/#website\",\"url\":\"https:\\\/\\\/blogs.deusto.es\\\/bigdata\\\/\",\"name\":\"Deusto Data\",\"description\":\"Los datos de tu organizaci\u00f3n en valor\",\"potentialAction\":[{\"@type\":\"SearchAction\",\"target\":{\"@type\":\"EntryPoint\",\"urlTemplate\":\"https:\\\/\\\/blogs.deusto.es\\\/bigdata\\\/?s={search_term_string}\"},\"query-input\":{\"@type\":\"PropertyValueSpecification\",\"valueRequired\":true,\"valueName\":\"search_term_string\"}}],\"inLanguage\":\"es\"},{\"@type\":\"Person\",\"@id\":\"https:\\\/\\\/blogs.deusto.es\\\/bigdata\\\/#\\\/schema\\\/person\\\/649d200baab3dd91bf5a5c547cefd90a\",\"name\":\"\u00c1lex Ray\u00f3n\",\"image\":{\"@type\":\"ImageObject\",\"inLanguage\":\"es\",\"@id\":\"https:\\\/\\\/secure.gravatar.com\\\/avatar\\\/edd2de8114be43b38592bbb35415b024c6b89ca81c89897ecb032a13975d64f1?s=96&d=mm&r=g\",\"url\":\"https:\\\/\\\/secure.gravatar.com\\\/avatar\\\/edd2de8114be43b38592bbb35415b024c6b89ca81c89897ecb032a13975d64f1?s=96&d=mm&r=g\",\"contentUrl\":\"https:\\\/\\\/secure.gravatar.com\\\/avatar\\\/edd2de8114be43b38592bbb35415b024c6b89ca81c89897ecb032a13975d64f1?s=96&d=mm&r=g\",\"caption\":\"\u00c1lex Ray\u00f3n\"},\"url\":\"https:\\\/\\\/blogs.deusto.es\\\/bigdata\\\/author\\\/alex-rayon\\\/\"}]}<\/script>\n<!-- \/ Yoast SEO plugin. -->","yoast_head_json":{"title":"Nueva propuesta de reglamento Europeo: pon un Data Protection Officer en tu empresa - Deusto Data","description":"La reglamentaci\u00f3n de protecci\u00f3n de datos personales vuelve a endurecerse y hace que Europa garantice derechos fundamentales. Es el Data Protection Officer.","robots":{"index":"index","follow":"follow","max-snippet":"max-snippet:-1","max-image-preview":"max-image-preview:large","max-video-preview":"max-video-preview:-1"},"canonical":"https:\/\/blogs.deusto.es\/bigdata\/nuevo-reglamento-data-protection-officer\/","og_locale":"es_ES","og_type":"article","og_title":"Nueva propuesta de reglamento Europeo: pon un Data Protection Officer en tu empresa - Deusto Data","og_description":"La reglamentaci\u00f3n de protecci\u00f3n de datos personales vuelve a endurecerse y hace que Europa garantice derechos fundamentales. Es el Data Protection Officer.","og_url":"https:\/\/blogs.deusto.es\/bigdata\/nuevo-reglamento-data-protection-officer\/","og_site_name":"Deusto Data","article_published_time":"2015-12-26T05:39:00+00:00","article_modified_time":"2015-12-26T05:42:41+00:00","og_image":[{"url":"http:\/\/www.computing.co.uk\/IMG\/276\/275276\/data-protection-knight.jpg","type":"","width":"","height":""}],"author":"\u00c1lex Ray\u00f3n","twitter_card":"summary_large_image","twitter_misc":{"Escrito por":"\u00c1lex Ray\u00f3n","Tiempo de lectura":"5 minutos"},"schema":{"@context":"https:\/\/schema.org","@graph":[{"@type":"Article","@id":"https:\/\/blogs.deusto.es\/bigdata\/nuevo-reglamento-data-protection-officer\/#article","isPartOf":{"@id":"https:\/\/blogs.deusto.es\/bigdata\/nuevo-reglamento-data-protection-officer\/"},"author":{"name":"\u00c1lex Ray\u00f3n","@id":"https:\/\/blogs.deusto.es\/bigdata\/#\/schema\/person\/649d200baab3dd91bf5a5c547cefd90a"},"headline":"Nueva propuesta de reglamento Europeo: pon un Data Protection Officer en tu empresa","datePublished":"2015-12-26T05:39:00+00:00","dateModified":"2015-12-26T05:42:41+00:00","mainEntityOfPage":{"@id":"https:\/\/blogs.deusto.es\/bigdata\/nuevo-reglamento-data-protection-officer\/"},"wordCount":1040,"commentCount":0,"image":{"@id":"https:\/\/blogs.deusto.es\/bigdata\/nuevo-reglamento-data-protection-officer\/#primaryimage"},"thumbnailUrl":"http:\/\/www.computing.co.uk\/IMG\/276\/275276\/data-protection-knight.jpg","keywords":["agenda digital","big data","confianza","data protection officer","datos personales","entornos online","ley org\u00e1nica protecci\u00f3n de datos","propuesta reglamento"],"inLanguage":"es","potentialAction":[{"@type":"CommentAction","name":"Comment","target":["https:\/\/blogs.deusto.es\/bigdata\/nuevo-reglamento-data-protection-officer\/#respond"]}]},{"@type":"WebPage","@id":"https:\/\/blogs.deusto.es\/bigdata\/nuevo-reglamento-data-protection-officer\/","url":"https:\/\/blogs.deusto.es\/bigdata\/nuevo-reglamento-data-protection-officer\/","name":"Nueva propuesta de reglamento Europeo: pon un Data Protection Officer en tu empresa - Deusto Data","isPartOf":{"@id":"https:\/\/blogs.deusto.es\/bigdata\/#website"},"primaryImageOfPage":{"@id":"https:\/\/blogs.deusto.es\/bigdata\/nuevo-reglamento-data-protection-officer\/#primaryimage"},"image":{"@id":"https:\/\/blogs.deusto.es\/bigdata\/nuevo-reglamento-data-protection-officer\/#primaryimage"},"thumbnailUrl":"http:\/\/www.computing.co.uk\/IMG\/276\/275276\/data-protection-knight.jpg","datePublished":"2015-12-26T05:39:00+00:00","dateModified":"2015-12-26T05:42:41+00:00","author":{"@id":"https:\/\/blogs.deusto.es\/bigdata\/#\/schema\/person\/649d200baab3dd91bf5a5c547cefd90a"},"description":"La reglamentaci\u00f3n de protecci\u00f3n de datos personales vuelve a endurecerse y hace que Europa garantice derechos fundamentales. Es el Data Protection Officer.","inLanguage":"es","potentialAction":[{"@type":"ReadAction","target":["https:\/\/blogs.deusto.es\/bigdata\/nuevo-reglamento-data-protection-officer\/"]}]},{"@type":"ImageObject","inLanguage":"es","@id":"https:\/\/blogs.deusto.es\/bigdata\/nuevo-reglamento-data-protection-officer\/#primaryimage","url":"http:\/\/www.computing.co.uk\/IMG\/276\/275276\/data-protection-knight.jpg","contentUrl":"http:\/\/www.computing.co.uk\/IMG\/276\/275276\/data-protection-knight.jpg"},{"@type":"WebSite","@id":"https:\/\/blogs.deusto.es\/bigdata\/#website","url":"https:\/\/blogs.deusto.es\/bigdata\/","name":"Deusto Data","description":"Los datos de tu organizaci\u00f3n en valor","potentialAction":[{"@type":"SearchAction","target":{"@type":"EntryPoint","urlTemplate":"https:\/\/blogs.deusto.es\/bigdata\/?s={search_term_string}"},"query-input":{"@type":"PropertyValueSpecification","valueRequired":true,"valueName":"search_term_string"}}],"inLanguage":"es"},{"@type":"Person","@id":"https:\/\/blogs.deusto.es\/bigdata\/#\/schema\/person\/649d200baab3dd91bf5a5c547cefd90a","name":"\u00c1lex Ray\u00f3n","image":{"@type":"ImageObject","inLanguage":"es","@id":"https:\/\/secure.gravatar.com\/avatar\/edd2de8114be43b38592bbb35415b024c6b89ca81c89897ecb032a13975d64f1?s=96&d=mm&r=g","url":"https:\/\/secure.gravatar.com\/avatar\/edd2de8114be43b38592bbb35415b024c6b89ca81c89897ecb032a13975d64f1?s=96&d=mm&r=g","contentUrl":"https:\/\/secure.gravatar.com\/avatar\/edd2de8114be43b38592bbb35415b024c6b89ca81c89897ecb032a13975d64f1?s=96&d=mm&r=g","caption":"\u00c1lex Ray\u00f3n"},"url":"https:\/\/blogs.deusto.es\/bigdata\/author\/alex-rayon\/"}]}},"_links":{"self":[{"href":"https:\/\/blogs.deusto.es\/bigdata\/wp-json\/wp\/v2\/posts\/134","targetHints":{"allow":["GET"]}}],"collection":[{"href":"https:\/\/blogs.deusto.es\/bigdata\/wp-json\/wp\/v2\/posts"}],"about":[{"href":"https:\/\/blogs.deusto.es\/bigdata\/wp-json\/wp\/v2\/types\/post"}],"author":[{"embeddable":true,"href":"https:\/\/blogs.deusto.es\/bigdata\/wp-json\/wp\/v2\/users\/136"}],"replies":[{"embeddable":true,"href":"https:\/\/blogs.deusto.es\/bigdata\/wp-json\/wp\/v2\/comments?post=134"}],"version-history":[{"count":6,"href":"https:\/\/blogs.deusto.es\/bigdata\/wp-json\/wp\/v2\/posts\/134\/revisions"}],"predecessor-version":[{"id":140,"href":"https:\/\/blogs.deusto.es\/bigdata\/wp-json\/wp\/v2\/posts\/134\/revisions\/140"}],"wp:attachment":[{"href":"https:\/\/blogs.deusto.es\/bigdata\/wp-json\/wp\/v2\/media?parent=134"}],"wp:term":[{"taxonomy":"category","embeddable":true,"href":"https:\/\/blogs.deusto.es\/bigdata\/wp-json\/wp\/v2\/categories?post=134"},{"taxonomy":"post_tag","embeddable":true,"href":"https:\/\/blogs.deusto.es\/bigdata\/wp-json\/wp\/v2\/tags?post=134"}],"curies":[{"name":"wp","href":"https:\/\/api.w.org\/{rel}","templated":true}]}}