{"id":5376,"date":"2017-11-03T14:24:11","date_gmt":"2017-11-03T13:24:11","guid":{"rendered":"https:\/\/preblogs.deusto.es\/cide\/?p=5376"},"modified":"2018-06-22T10:55:43","modified_gmt":"2018-06-22T08:55:43","slug":"quieres-convertirte-en-profesor-de-espanol-para-extranjeros","status":"publish","type":"post","link":"https:\/\/blogs.deusto.es\/cide\/quieres-convertirte-en-profesor-de-espanol-para-extranjeros\/","title":{"rendered":"\u00bfQuieres convertirte en profesor de espa\u00f1ol para extranjeros?"},"content":{"rendered":"<p>La <a href=\"http:\/\/www.deusto.es\/cs\/Satellite\/deusto\/es\/universidad-deusto\" target=\"_blank\">Universidad de Deusto<\/a> organiza, <strong>en colaboraci\u00f3n con el <a href=\"http:\/\/www.cervantes.es\/default.htm\" target=\"_blank\">Instituto Cervantes<\/a><\/strong>, un curso de did\u00e1ctica para profesores de espa\u00f1ol como lengua extranjera.<img decoding=\"async\" class=\"alignright\" src=\"http:\/\/cide.deusto.es\/cs\/Satellite?blobcol=urldata&amp;blobheader=image%2Fgif&amp;blobheadername1=Expires&amp;blobheadername2=content-type&amp;blobheadername3=MDT-Type&amp;blobheadervalue1=Thu%2C+10+Dec+2020+16%3A00%3A00+GMT&amp;blobheadervalue2=image%2Fgif&amp;blobheadervalue3=abinary%3Bcharset%3DUTF-8&amp;blobkey=id&amp;blobtable=MungoBlobs&amp;blobwhere=1344358570673&amp;ssbinary=true\" alt=\"\" width=\"156\" height=\"117\" \/><br \/>\nEnse\u00f1ar espa\u00f1ol, en Espa\u00f1a o en el extranjero, requiere una formaci\u00f3n espec\u00edfica, y \u00e9sta es la intenci\u00f3n de este curso oficial: ofrecer una formaci\u00f3n global a aquellos que se inician en la ense\u00f1anza del espa\u00f1ol como L2.<\/p>\n<p>Si quieres m\u00e1s informaci\u00f3n pincha aqu\u00ed:<\/p>\n<p><a href=\"http:\/\/cide.deusto.es\/cs\/Satellite\/socialesyhumanas\/es\/cide\/formacion-para-profesores\/introduccion-a-la-didactica-del-espanol-como-lengua-extranjera\" target=\"_blank\">http:\/\/cide.deusto.es\/cs\/Satellite\/socialesyhumanas\/es\/cide\/formacion-para-profesores\/introduccion-a-la-didactica-del-espanol-como-lengua-extranjera<\/a><\/p>\n","protected":false},"excerpt":{"rendered":"<p>La Universidad de Deusto organiza, en colaboraci\u00f3n con el Instituto Cervantes, un curso de did\u00e1ctica para profesores de espa\u00f1ol como lengua extranjera. Ense\u00f1ar espa\u00f1ol, en Espa\u00f1a o en el extranjero, requiere una formaci\u00f3n espec\u00edfica, y \u00e9sta es la intenci\u00f3n de este curso oficial: ofrecer una formaci\u00f3n global a aquellos que se inician en la ense\u00f1anza [&hellip;]<\/p>\n","protected":false},"author":142,"featured_media":0,"comment_status":"open","ping_status":"open","sticky":false,"template":"","format":"standard","meta":{"_genesis_hide_title":false,"_genesis_hide_breadcrumbs":false,"_genesis_hide_singular_image":false,"_genesis_hide_footer_widgets":false,"_genesis_custom_body_class":"","_genesis_custom_post_class":"","_genesis_layout":"","footnotes":""},"categories":[55,21],"tags":[],"class_list":{"0":"post-5376","1":"post","2":"type-post","3":"status-publish","4":"format-standard","6":"category-formacion-de-profesores","7":"category-noticias-cide","8":"entry"},"_links":{"self":[{"href":"https:\/\/blogs.deusto.es\/cide\/wp-json\/wp\/v2\/posts\/5376","targetHints":{"allow":["GET"]}}],"collection":[{"href":"https:\/\/blogs.deusto.es\/cide\/wp-json\/wp\/v2\/posts"}],"about":[{"href":"https:\/\/blogs.deusto.es\/cide\/wp-json\/wp\/v2\/types\/post"}],"author":[{"embeddable":true,"href":"https:\/\/blogs.deusto.es\/cide\/wp-json\/wp\/v2\/users\/142"}],"replies":[{"embeddable":true,"href":"https:\/\/blogs.deusto.es\/cide\/wp-json\/wp\/v2\/comments?post=5376"}],"version-history":[{"count":2,"href":"https:\/\/blogs.deusto.es\/cide\/wp-json\/wp\/v2\/posts\/5376\/revisions"}],"predecessor-version":[{"id":5378,"href":"https:\/\/blogs.deusto.es\/cide\/wp-json\/wp\/v2\/posts\/5376\/revisions\/5378"}],"wp:attachment":[{"href":"https:\/\/blogs.deusto.es\/cide\/wp-json\/wp\/v2\/media?parent=5376"}],"wp:term":[{"taxonomy":"category","embeddable":true,"href":"https:\/\/blogs.deusto.es\/cide\/wp-json\/wp\/v2\/categories?post=5376"},{"taxonomy":"post_tag","embeddable":true,"href":"https:\/\/blogs.deusto.es\/cide\/wp-json\/wp\/v2\/tags?post=5376"}],"curies":[{"name":"wp","href":"https:\/\/api.w.org\/{rel}","templated":true}]}}