{"id":5508,"date":"2018-01-19T10:30:08","date_gmt":"2018-01-19T09:30:08","guid":{"rendered":"https:\/\/preblogs.deusto.es\/cide\/?p=5508"},"modified":"2018-01-17T13:02:57","modified_gmt":"2018-01-17T12:02:57","slug":"curso-de-didactica-del-espanol-como-lengua-extranjera-2","status":"publish","type":"post","link":"https:\/\/blogs.deusto.es\/cide\/curso-de-didactica-del-espanol-como-lengua-extranjera-2\/","title":{"rendered":"Curso de did\u00e1ctica del espa\u00f1ol como lengua extranjera"},"content":{"rendered":"<p>La\u00a0<a href=\"http:\/\/www.deusto.es\/cs\/Satellite\/deusto\/es\/universidad-deusto\" target=\"_blank\">Universidad de Deusto<\/a>\u00a0organiza,\u00a0<strong>en colaboraci\u00f3n con el\u00a0<a href=\"http:\/\/www.cervantes.es\/default.htm\" target=\"_blank\">Instituto Cervantes<\/a><\/strong>, un curso de did\u00e1ctica para profesores de espa\u00f1ol como lengua extranjera.<br \/>\nEnse\u00f1ar espa\u00f1ol, en Espa\u00f1a o en el extranjero, requiere una formaci\u00f3n espec\u00edfica, y \u00e9sta es<a href=\"https:\/\/blogs.deusto.es\/cide\/wp-content\/uploads\/sites\/10\/2017\/12\/Cartel_para-difusi%C3%B3n-2018.jpg\" rel=\"attachment wp-att-5492\"><img fetchpriority=\"high\" decoding=\"async\" class=\"size-medium wp-image-5492 alignright\" src=\"https:\/\/blogs.deusto.es\/cide\/wp-content\/uploads\/sites\/10\/2017\/12\/Cartel_para-difusi%C3%B3n-2018-212x300.jpg\" sizes=\"(max-width: 212px) 100vw, 212px\" srcset=\"https:\/\/blogs.deusto.es\/cide\/wp-content\/uploads\/sites\/10\/2017\/12\/Cartel_para-difusi\u00f3n-2018-212x300.jpg 212w, https:\/\/blogs.deusto.es\/cide\/wp-content\/uploads\/sites\/10\/2017\/12\/Cartel_para-difusi\u00f3n-2018-768x1086.jpg 768w, https:\/\/blogs.deusto.es\/cide\/wp-content\/uploads\/sites\/10\/2017\/12\/Cartel_para-difusi\u00f3n-2018-724x1024.jpg 724w, https:\/\/blogs.deusto.es\/cide\/wp-content\/uploads\/sites\/10\/2017\/12\/Cartel_para-difusi\u00f3n-2018.jpg 1240w\" alt=\"Cartel_para difusi\u00f3n 2018\" width=\"212\" height=\"300\" \/><\/a>\u00a0la intenci\u00f3n de este curso oficial: ofrecer una formaci\u00f3n global a aquellos que se inician en la ense\u00f1anza del espa\u00f1ol como segunda lengua.<\/p>\n<p>&nbsp;<\/p>\n<p>Aqu\u00ed os dejamos una entrevista a Amaia Guti\u00e9rrez Aborruza, alumna que particip\u00f3 en el curso en 2016:<\/p>\n<p><em>\u00bfHa tenido alg\u00fan efecto positivo el curso de Introducci\u00f3n a la did\u00e1ctica del espa\u00f1ol como lengua extranjera en tu vida profesional?<\/em><br \/>\nLa verdad es que ha marcado un antes y un despu\u00e9s en mi formaci\u00f3n y vida profesional. Antes de realizar este curso, no conoc\u00eda mucho el mundo de la ense\u00f1anza del espa\u00f1ol. Lo que vi en el curso me encant\u00f3 lo que me anim\u00f3 a seguir form\u00e1ndome como profesora de espa\u00f1ol.<\/p>\n<p><em><span style=\"font-weight: 400;\">\u00bfTe pareci\u00f3 un curso interesante?<\/span><\/em><\/p>\n<p><span style=\"font-weight: 400;\">S\u00ed, sin lugar a duda. Tanto si tienes experiencia en el campo de la ense\u00f1anza del espa\u00f1ol como si nunca has ejercido como profesor, el curso te ofrece una visi\u00f3n bastante amplia de los conceptos m\u00e1s importantes relacionados con la materia. Uno de los puntos m\u00e1s positivos que creo que tiene el curso es que es impartido por varios profesores, todos con una amplia experiencia, que ofrecen distintas visiones sobre la ense\u00f1anza del espa\u00f1ol. Todo esto hace que las clases sean realmente interesantes, entretenidas y enriquecedoras.<\/span><\/p>\n<p><em><span style=\"font-weight: 400;\">\u00bfCrees que merece la pena tomar este curso?\u00a0<\/span><\/em><\/p>\n<p><span style=\"font-weight: 400;\">S\u00ed, creo que puede ser un primer paso muy interesante en el mundo de la ense\u00f1anza del espa\u00f1ol como lengua extranjera.<\/span><\/p>\n<p><em><span style=\"font-weight: 400;\">\u00bfCu\u00e1les\u00a0son las salidas laborales ahora mismo en el mercado de la ense\u00f1anza del espa\u00f1ol como lengua extranjera?<\/span><\/em><\/p>\n<p><span style=\"font-weight: 400;\">A mi parecer es un mercado en auge, tanto nacional como internacionalmente. Las oportunidades que ofrece la ense\u00f1anza del espa\u00f1ol son diversas y, dependiendo de los intereses de cada uno, el trabajo a desempe\u00f1ar puede ser muy diferente: desde la alfabetizaci\u00f3n de inmigrantes hasta la ense\u00f1anza en el sector empresarial. <\/span><\/p>\n<p><em><span style=\"font-weight: 400;\">\u00bfPuedes dar alguna recomendaci\u00f3n a aquellos que est\u00e9n pensando en tomar el curso?<\/span><\/em><\/p>\n<p><span style=\"font-weight: 400;\">Recomendar\u00eda a las personas que est\u00e1n pensando en cursarlo que vayan con la mente abierta y, sobre todo, con muchas ganas de aprender. Las clases del curso son un momento perfecto para compartir experiencias, ideas y preguntas, tanto con el profesorado como con los compa\u00f1eros. Muchas de las personas que estudian el curso vienen de campos acad\u00e9micos y laborales diferentes lo que hace que las clases y debates que en ellas se forman sean realmente fascinantes. Esto, unido a la amplia experiencia del profesorado y su disponibilidad ante cualquier consulta, hacen que el curso se convierta en una experiencia muy enriquecedora.<\/span><\/p>\n<p><em><span style=\"font-weight: 400;\">\u00bfPor qu\u00e9 elegiste la Universidad de Deusto frente a otros programas ofrecidos por otras instituciones?<\/span><\/em><\/p>\n<p><span style=\"font-weight: 400;\">Principalmente, por las referencias positivas que ten\u00eda del centro de idiomas de la universidad. Adem\u00e1s, el curso ofrece pr\u00e1cticas tutorizadas, algo que es dif\u00edcil de encontrar en cursos similares ofertados en otros lugares. <\/span><\/p>\n","protected":false},"excerpt":{"rendered":"<p>La\u00a0Universidad de Deusto\u00a0organiza,\u00a0en colaboraci\u00f3n con el\u00a0Instituto Cervantes, un curso de did\u00e1ctica para profesores de espa\u00f1ol como lengua extranjera. Ense\u00f1ar espa\u00f1ol, en Espa\u00f1a o en el extranjero, requiere una formaci\u00f3n espec\u00edfica, y \u00e9sta es\u00a0la intenci\u00f3n de este curso oficial: ofrecer una formaci\u00f3n global a aquellos que se inician en la ense\u00f1anza del espa\u00f1ol como segunda lengua. [&hellip;]<\/p>\n","protected":false},"author":142,"featured_media":0,"comment_status":"open","ping_status":"open","sticky":false,"template":"","format":"standard","meta":{"_genesis_hide_title":false,"_genesis_hide_breadcrumbs":false,"_genesis_hide_singular_image":false,"_genesis_hide_footer_widgets":false,"_genesis_custom_body_class":"","_genesis_custom_post_class":"","_genesis_layout":"","footnotes":""},"categories":[55,21],"tags":[],"class_list":{"0":"post-5508","1":"post","2":"type-post","3":"status-publish","4":"format-standard","6":"category-formacion-de-profesores","7":"category-noticias-cide","8":"entry"},"_links":{"self":[{"href":"https:\/\/blogs.deusto.es\/cide\/wp-json\/wp\/v2\/posts\/5508","targetHints":{"allow":["GET"]}}],"collection":[{"href":"https:\/\/blogs.deusto.es\/cide\/wp-json\/wp\/v2\/posts"}],"about":[{"href":"https:\/\/blogs.deusto.es\/cide\/wp-json\/wp\/v2\/types\/post"}],"author":[{"embeddable":true,"href":"https:\/\/blogs.deusto.es\/cide\/wp-json\/wp\/v2\/users\/142"}],"replies":[{"embeddable":true,"href":"https:\/\/blogs.deusto.es\/cide\/wp-json\/wp\/v2\/comments?post=5508"}],"version-history":[{"count":1,"href":"https:\/\/blogs.deusto.es\/cide\/wp-json\/wp\/v2\/posts\/5508\/revisions"}],"predecessor-version":[{"id":5509,"href":"https:\/\/blogs.deusto.es\/cide\/wp-json\/wp\/v2\/posts\/5508\/revisions\/5509"}],"wp:attachment":[{"href":"https:\/\/blogs.deusto.es\/cide\/wp-json\/wp\/v2\/media?parent=5508"}],"wp:term":[{"taxonomy":"category","embeddable":true,"href":"https:\/\/blogs.deusto.es\/cide\/wp-json\/wp\/v2\/categories?post=5508"},{"taxonomy":"post_tag","embeddable":true,"href":"https:\/\/blogs.deusto.es\/cide\/wp-json\/wp\/v2\/tags?post=5508"}],"curies":[{"name":"wp","href":"https:\/\/api.w.org\/{rel}","templated":true}]}}