{"id":7656,"date":"2020-07-13T09:31:49","date_gmt":"2020-07-13T07:31:49","guid":{"rendered":"https:\/\/preblogs.deusto.es\/cide\/?p=7656"},"modified":"2020-07-13T09:31:51","modified_gmt":"2020-07-13T07:31:51","slug":"microfono-abierto-jakob-westling","status":"publish","type":"post","link":"https:\/\/blogs.deusto.es\/cide\/microfono-abierto-jakob-westling\/","title":{"rendered":"Micr\u00f3fono abierto: Jakob Westling"},"content":{"rendered":"\n<p><em> Jakob Westling, estudiante <a href=\"https:\/\/ec.europa.eu\/programmes\/erasmus-plus\/node_es\">Erasmus+<\/a>, es el protagonista de este post. Como muchos estudiantes internacionales que pasan en la <a href=\"http:\/\/www.deusto.es\">Universidad de Deusto<\/a> el curso acad\u00e9mico, Jakob ha aprovechado los <a href=\"http:\/\/www.cide.deusto.es\">cursos de lengua<\/a> para mejorar su nivel. <\/em><\/p>\n\n\n\n<p> \u00abMe llamo Jakob Westling y vengo de Suecia. El a\u00f1o pasado decid\u00ed hacer un intercambio en Bilbao por un a\u00f1o. Tras la experiencia dir\u00eda que tom\u00e9 una buena decisi\u00f3n al aceptarlo. <strong>Aprend\u00ed muchas cosas de m\u00ed mismo, el espa\u00f1ol, la cultura espa\u00f1ola y, francamente, la cultura europea tambi\u00e9n.&nbsp;<\/strong><\/p>\n\n\n\n<p>Llegu\u00e9 aqu\u00ed en agosto para quedarme 10 meses, aunque la mitad fue bajo el estado de alarma por culpa del coronavirus, pero me dio tiempo suficiente a disfrutar todo lo que la ciudad ofrece.<\/p>\n\n\n\n<p>Me encantaba ir a las monta\u00f1as (que se sit\u00faan alrededor de la ciudad). Durante mi estancia creo que he debido de subir a una docena de picos. Est\u00e1n por todas partes aqu\u00ed. Adem\u00e1s sol\u00eda irme al mar, que est\u00e1 a 20 minutos del centro. <strong>Tengo mis recuerdos m\u00e1s fuertes all\u00ed: estar en la playa con todos mis amigos, relajado. <\/strong>Al llegar a Bilbao hab\u00eda grupos de deporte en los que todos los que quer\u00edan participar, pod\u00edan.<\/p>\n\n\n\n<figure class=\"wp-block-image size-large is-resized\"><img fetchpriority=\"high\" decoding=\"async\" src=\"https:\/\/blogs.deusto.es\/cide\/wp-content\/uploads\/sites\/10\/2020\/07\/image-1.png\" alt=\"\" class=\"wp-image-7658\" width=\"568\" height=\"746\" srcset=\"https:\/\/blogs.deusto.es\/wp-content\/uploads\/sites\/10\/2020\/07\/image-1.png 634w, https:\/\/blogs.deusto.es\/wp-content\/uploads\/sites\/10\/2020\/07\/image-1-228x300.png 228w\" sizes=\"(max-width: 568px) 100vw, 568px\" \/><\/figure>\n\n\n\n<p>Aparte de quedarme en Bilbao, hice varios viajes. Viaj\u00e9 a <a href=\"https:\/\/www.sansebastianturismoa.eus\/es\/\">San Sebasti\u00e1n<\/a>, claro, <a href=\"https:\/\/www.visitportugal.com\/es\/content\/lo-mejor-de-portugal\">Portugal<\/a>, <a href=\"https:\/\/www.esmadrid.com\/\">Madrid <\/a>y <a href=\"https:\/\/www.turismoasturias.es\/\">Asturias<\/a>, la que m\u00e1s recomendar\u00eda.<\/p>\n\n\n\n<p>En la universidad, estudi\u00e9 <a href=\"https:\/\/www.deusto.es\/cs\/Satellite\/deusto\/es\/nuevos-estudiantes-de-grado\/estudios-grados\/relaciones-internacionales\/programa\">Relaciones Internacionales<\/a> mientras tomaba el curso de espa\u00f1ol vinculado a <a href=\"http:\/\/www.cide.deusto.es\">CIDE<\/a>. <strong>Las clases eran un desaf\u00edo, porque las ten\u00eda en castellano. Las eleg\u00ed as\u00ed para obligarme a estudiar y tomar en serio el aprendizaje de la lengua.<\/strong><\/p>\n\n\n\n<p>Adem\u00e1s, la universidad es bonita y hay un campus donde se puede pasar el tiempo. Me acuerdo de que, cuando ten\u00edamos horas de ocio durante el d\u00eda, sol\u00edamos ir a los caf\u00e9s que est\u00e1n cerca.&nbsp;<\/p>\n\n\n\n<figure class=\"wp-block-image size-large\"><img decoding=\"async\" width=\"632\" height=\"847\" src=\"https:\/\/blogs.deusto.es\/cide\/wp-content\/uploads\/sites\/10\/2020\/07\/image-2.png\" alt=\"\" class=\"wp-image-7659\" srcset=\"https:\/\/blogs.deusto.es\/wp-content\/uploads\/sites\/10\/2020\/07\/image-2.png 632w, https:\/\/blogs.deusto.es\/wp-content\/uploads\/sites\/10\/2020\/07\/image-2-224x300.png 224w\" sizes=\"(max-width: 632px) 100vw, 632px\" \/><\/figure>\n\n\n\n<p>Todo cambi\u00f3, claro, al llegar el coronavirus. <strong>No dir\u00eda que el virus ha tenido un impacto positivo como tal, pero me ha dado una nueva perspectiva del hecho de estar fuera<\/strong> y ahora, cuando el estado de alarma se ha relajado un poco, es impresionante ver de c\u00f3mo el paisaje sigue siendo estupendo para m\u00ed.<\/p>\n\n\n\n<p>Creo que la experiencia de estar fuera de mi pa\u00eds me ha impactado mucho: aprender de m\u00ed mismo, aprender de otros europeos y aprender espa\u00f1ol. <strong>No puedo dejar de recomendaros que veng\u00e1is a Bilbao. Ser\u00e1 un cambio en vuestras vidas.<\/strong> \u00bb  <\/p>\n\n\n\n<figure class=\"wp-block-image size-large\"><img decoding=\"async\" width=\"1024\" height=\"603\" src=\"https:\/\/blogs.deusto.es\/cide\/wp-content\/uploads\/sites\/10\/2020\/07\/image-3-1024x603.png\" alt=\"\" class=\"wp-image-7660\" srcset=\"https:\/\/blogs.deusto.es\/wp-content\/uploads\/sites\/10\/2020\/07\/image-3-1024x603.png 1024w, https:\/\/blogs.deusto.es\/wp-content\/uploads\/sites\/10\/2020\/07\/image-3-300x177.png 300w, https:\/\/blogs.deusto.es\/wp-content\/uploads\/sites\/10\/2020\/07\/image-3-768x453.png 768w, https:\/\/blogs.deusto.es\/wp-content\/uploads\/sites\/10\/2020\/07\/image-3-640x377.png 640w, https:\/\/blogs.deusto.es\/wp-content\/uploads\/sites\/10\/2020\/07\/image-3.png 1222w\" sizes=\"(max-width: 1024px) 100vw, 1024px\" \/><\/figure>\n\n\n\n<p><br><\/p>\n","protected":false},"excerpt":{"rendered":"<p>Jakob Westling, estudiante Erasmus+, es el protagonista de este post. Como muchos estudiantes internacionales que pasan en la Universidad de Deusto el curso acad\u00e9mico, Jakob ha aprovechado los cursos de lengua para mejorar su nivel. \u00abMe llamo Jakob Westling y vengo de Suecia. El a\u00f1o pasado decid\u00ed hacer un intercambio en Bilbao por un a\u00f1o. [&hellip;]<\/p>\n","protected":false},"author":618,"featured_media":7659,"comment_status":"open","ping_status":"open","sticky":false,"template":"","format":"standard","meta":{"_genesis_hide_title":false,"_genesis_hide_breadcrumbs":false,"_genesis_hide_singular_image":false,"_genesis_hide_footer_widgets":false,"_genesis_custom_body_class":"","_genesis_custom_post_class":"","_genesis_layout":"","footnotes":""},"categories":[241,36],"tags":[169,113,254,105,43,428,140,355],"class_list":{"0":"post-7656","1":"post","2":"type-post","3":"status-publish","4":"format-standard","5":"has-post-thumbnail","7":"category-antiguos-alumnos","8":"category-microfono-abierto","9":"tag-cursos","10":"tag-deusto","11":"tag-erasmus","12":"tag-espanol","13":"tag-estudiantes","14":"tag-montanas","15":"tag-relacionesinternacionales","16":"tag-testimonios-de-estudiantes","17":"entry"},"_links":{"self":[{"href":"https:\/\/blogs.deusto.es\/cide\/wp-json\/wp\/v2\/posts\/7656","targetHints":{"allow":["GET"]}}],"collection":[{"href":"https:\/\/blogs.deusto.es\/cide\/wp-json\/wp\/v2\/posts"}],"about":[{"href":"https:\/\/blogs.deusto.es\/cide\/wp-json\/wp\/v2\/types\/post"}],"author":[{"embeddable":true,"href":"https:\/\/blogs.deusto.es\/cide\/wp-json\/wp\/v2\/users\/618"}],"replies":[{"embeddable":true,"href":"https:\/\/blogs.deusto.es\/cide\/wp-json\/wp\/v2\/comments?post=7656"}],"version-history":[{"count":4,"href":"https:\/\/blogs.deusto.es\/cide\/wp-json\/wp\/v2\/posts\/7656\/revisions"}],"predecessor-version":[{"id":7678,"href":"https:\/\/blogs.deusto.es\/cide\/wp-json\/wp\/v2\/posts\/7656\/revisions\/7678"}],"wp:featuredmedia":[{"embeddable":true,"href":"https:\/\/blogs.deusto.es\/cide\/wp-json\/wp\/v2\/media\/7659"}],"wp:attachment":[{"href":"https:\/\/blogs.deusto.es\/cide\/wp-json\/wp\/v2\/media?parent=7656"}],"wp:term":[{"taxonomy":"category","embeddable":true,"href":"https:\/\/blogs.deusto.es\/cide\/wp-json\/wp\/v2\/categories?post=7656"},{"taxonomy":"post_tag","embeddable":true,"href":"https:\/\/blogs.deusto.es\/cide\/wp-json\/wp\/v2\/tags?post=7656"}],"curies":[{"name":"wp","href":"https:\/\/api.w.org\/{rel}","templated":true}]}}