{"id":4464,"date":"2021-03-02T14:47:31","date_gmt":"2021-03-02T13:47:31","guid":{"rendered":"https:\/\/preblogs.deusto.es\/ethics\/?p=4464"},"modified":"2021-03-24T09:45:09","modified_gmt":"2021-03-24T08:45:09","slug":"acuerdos-paz-el-salvador-victimas","status":"publish","type":"post","link":"https:\/\/blogs.deusto.es\/ethics\/acuerdos-paz-el-salvador-victimas\/","title":{"rendered":"\u00bfLos Acuerdos de Paz de El Salvador han reconocido y reparado a las v\u00edctimas?"},"content":{"rendered":"\n<pre class=\"wp-block-preformatted\">Autor:<strong><a href=\"https:\/\/es.linkedin.com\/in\/roberto-deras-46759a18b\" target=\"_blank\" rel=\"noreferrer noopener\">Roberto Carlos Deras<\/a><\/strong>, es doctor en Derechos Humanos: retos \u00e9ticos, sociales y pol\u00edticos por la Universidad de Deusto. Present\u00f3 el pasado 3 de febrero su tesis doctoral <em>La Justicia Anamn\u00e9tica, Asignatura Pendiente en los Acuerdos de Paz de El Salvador<\/em>, que explica a continuaci\u00f3n.<\/pre>\n\n\n\n<p>En enero de 1992, el Gobierno de El Salvador y la guerrilla del Frente Farabundo Mart\u00ed para la Liberaci\u00f3n Nacional (FMLN), pactaron<strong> el fin de la guerra civil (1980 \u2013 1992)<\/strong>. Con la mediaci\u00f3n de la Organizaci\u00f3n de las Naciones Unidas (ONU), las partes acordaron el desmontaje de las estructuras beligerantes y la refundaci\u00f3n del pa\u00eds. De esta forma, El Salvador cerraba uno de los periodos m\u00e1s crueles de su historia. Tras d\u00e9cadas de violencia estructural y constantes episodios de violencia pol\u00edtica, el pa\u00eds iniciaba una nueva etapa.<\/p>\n\n\n\n<h2 class=\"wp-block-heading\"><strong>Amnist\u00eda y prolongaci\u00f3n de la injusticia<\/strong><\/h2>\n\n\n\n<p>El proceso de negociaci\u00f3n que culmin\u00f3 en el Castillo de Chapultepec, M\u00e9xico, se puede resumir en <strong>los cuatro objetivos pactados<\/strong> por las comisiones negociadoras: alto al fuego, democratizaci\u00f3n del pa\u00eds, respeto a los derechos humanos y reunificaci\u00f3n de la sociedad.<\/p>\n\n\n\n<p>Esos objetivos significaron <strong>el inicio de la transici\u00f3n democr\u00e1tica<\/strong>. Proclamaron una serie de reformas constitucionales y avalaron la reincorporaci\u00f3n de las fuerzas rebeldes a la vida pol\u00edtica e institucional. Ahora bien, <strong>partiendo de una reflexi\u00f3n \u00e9tica<\/strong> cuyo centro sean las v\u00edctimas inocentes, el cuarto objetivo se\u00f1alado,<strong> \u00abla reunificaci\u00f3n de la sociedad salvadore\u00f1a\u00bb, es el que merece m\u00e1s atenci\u00f3n<\/strong>.<\/p>\n\n\n\n<p>La guerra civil, evidentemente, dej\u00f3 miles de v\u00edctimas (radicales, directas e indirectas). Personas que injustamente sufrieron persecuci\u00f3n pol\u00edtica, masacres u otros cr\u00edmenes y da\u00f1os. Uno de los principales frutos que emanaron de los Acuerdos \u2212orientado al reconocimiento de los derechos vulnerados y a la reconciliaci\u00f3n de la sociedad\u2212 fue la<strong> creaci\u00f3n de una Comisi\u00f3n de la Verdad<\/strong>. <\/p>\n\n\n\n<p>El resultado fue un informe en el que, adem\u00e1s de se\u00f1alar los patrones de violencia y los responsables de los cr\u00edmenes, ofrec\u00eda una serie <strong>de medidas para resarcir el da\u00f1o<\/strong>. Sin embargo, tras el anuncio de una Ley de Amnist\u00eda, tanto el informe como las medidas sugeridas fueron archivadas.<\/p>\n\n\n\n<p>De ah\u00ed entonces el inter\u00e9s por investigar, desde una reflexi\u00f3n \u00e9tica, c\u00f3mo y de qu\u00e9 manera el acuerdo de 1992 contribuy\u00f3 a reconocer y reparar a las v\u00edctimas provocadas por el conflicto.<\/p>\n\n\n\n<h2 class=\"wp-block-heading\"><strong>La implementaci\u00f3n desde la mirada de las v\u00edctimas<\/strong><\/h2>\n\n\n\n<p>Entender el proceso de paz salvadore\u00f1o desde la perspectiva de quienes padecieron un sufrimiento injusto e indebido, supone considerar, al menos, dos aspectos. Por un lado, las oportunidades y las contradicciones que derivaron de los Acuerdos; por otro,<strong> las posibilidades de que exista una reconciliaci\u00f3n en la sociedad<\/strong>.<\/p>\n\n\n\n<p>Como he sostenido en<a rel=\"noreferrer noopener\" href=\"https:\/\/agenda.deusto.es\/defensa-de-la-tesis-doctoral-de-roberto-carlos-deras-sobre-la-justicia-anamnetica-asignatura-pendiente-en-los-acuerdos-de-paz-de-el-salvador\/\" target=\"_blank\"> la tesis doctoral<\/a>,<strong> los Acuerdos de Paz no propiciaron transformaciones directas en la realidad de las v\u00edctimas<\/strong>. Su exclusi\u00f3n ha sido la constante desde la etapa de negociaci\u00f3n. Aunado a ello, la negaci\u00f3n de la verdad y la apuesta por el olvido ha evitado que el Estado, victimarios y otros actores pol\u00edticos, reconozcan el sufrimiento y el pasado frustrado. <\/p>\n\n\n\n<figure class=\"wp-block-image size-large\"><img fetchpriority=\"high\" decoding=\"async\" width=\"1024\" height=\"466\" src=\"https:\/\/blogs.deusto.es\/ethics\/wp-content\/uploads\/sites\/44\/2021\/02\/acuerdos-paz-salvador-victimas-1024x466.jpg\" alt=\"Acuerdos de Paz de El Salvador y las v\u00edctimas del conflicto\" class=\"wp-image-4466\" srcset=\"https:\/\/blogs.deusto.es\/wp-content\/uploads\/sites\/44\/2021\/02\/acuerdos-paz-salvador-victimas-1024x466.jpg 1024w, https:\/\/blogs.deusto.es\/wp-content\/uploads\/sites\/44\/2021\/02\/acuerdos-paz-salvador-victimas-300x136.jpg 300w, https:\/\/blogs.deusto.es\/wp-content\/uploads\/sites\/44\/2021\/02\/acuerdos-paz-salvador-victimas-768x349.jpg 768w, https:\/\/blogs.deusto.es\/wp-content\/uploads\/sites\/44\/2021\/02\/acuerdos-paz-salvador-victimas.jpg 1267w\" sizes=\"(max-width: 1024px) 100vw, 1024px\" \/><\/figure>\n\n\n\n<p>Pese a todas esas inconsistencias, las reformas pol\u00edticas promulgadas en los Acuerdos s\u00ed han permitido el<strong> desarrollo paulatino de una consciencia en las v\u00edctimas.<\/strong> Una consciencia de su propia condici\u00f3n y, en consecuencia, del papel que est\u00e1 contenido en la nueva concepci\u00f3n de superviviente. Esa nueva condici\u00f3n ha logrado una pr\u00e1ctica organizativa y un discurso en el que la significaci\u00f3n del recuerdo est\u00e1 orientado a <strong>recuperar los derechos negados<\/strong>.<\/p>\n\n\n\n<p>Se trata de una acci\u00f3n comprometida por hacer memoria. Por <strong>educar, humanizar, contrastar a la sociedad y as\u00ed recordar las injusticias<\/strong>. Frente a la negligencia de las instituciones, colectivos de v\u00edctimas, desde el \u00abdeber de memoria\u00bb y desde el valor epistemol\u00f3gico impl\u00edcito en su testimonio, han asumido su lugar pol\u00edtico. Ese compromiso ha permitido obtener reivindicaciones que van desde reparaciones simb\u00f3licas en el \u00e1mbito local o comunitario, hasta demandas a nivel nacional que aspiran a transformar la realidad.<\/p>\n\n\n\n<h2 class=\"wp-block-heading\"><strong>La reconciliaci\u00f3n de la sociedad <\/strong><\/h2>\n\n\n\n<p>La reconciliaci\u00f3n se comprende como el <strong>restablecimiento de las relaciones interrumpidas<\/strong>, del tejido social fracturado o la construcci\u00f3n de relaciones donde no exist\u00edan. Esa restituci\u00f3n no es un prop\u00f3sito que pueda agotarse en decretos, pactos o acuerdos. De igual manera, no puede limitarse a la convivencia pac\u00edfica de los actores que se enfrentaron durante el conflicto. <\/p>\n\n\n\n<p>La reconciliaci\u00f3n es un proceso paulatino que se constituye a partir de varios momentos. Inicia con la memoria, prosigue con la culpa y arrepentimiento del victimario y con la solicitud del perd\u00f3n. En definitiva, <strong>la reconciliaci\u00f3n pretende un nuevo comienzo, una pol\u00edtica sin violencia.<\/strong><\/p>\n\n\n\n<p>Por lo tanto, <strong>para que exista una aut\u00e9ntica reunificaci\u00f3n de la sociedad es indispensable reparar y reconocer los cr\u00edmenes cometidos en el pasado<\/strong>. En esa l\u00ednea, se puede asegurar que la salvadore\u00f1a es una sociedad que est\u00e1 alejada de esa reunificaci\u00f3n. Pese a esa distancia, es posible reconocer y resarcir el da\u00f1o a trav\u00e9s de un proceso largo que requiere honestidad por parte de los victimarios y voluntad por parte del Estado. <\/p>\n\n\n\n<p>Esa forma de resarcir el da\u00f1o proviene de la mirada de las v\u00edctimas: <strong>el reconocimiento de lo ocurrido y el reconocimiento de su condici\u00f3n pol\u00edtica<\/strong>. En la pr\u00e1ctica, esto se traduce a comprenderlas como sujetos activos y con capacidad de discutir y abogar por sus propios derechos.<\/p>\n\n\n\n<p>En resumen, los Acuerdos de Paz no representan un instrumento directo de reparaci\u00f3n a las v\u00edctimas del conflicto armado. <strong>El \u00fanico aporte encaminado a discutir el pasado, rememorar la voz ausente y las injusticias, ha sido dirigido exclusivamente a partir de la pr\u00e1ctica de memoria efectuada por las v\u00edctimas<\/strong>. En ese sentido, a pesar de la importancia hist\u00f3rica de los Acuerdos de Paz, estos han sido insuficiente para legitimar un nuevo comienzo.<\/p>\n","protected":false},"excerpt":{"rendered":"<p>Autor:Roberto Carlos Deras, es doctor en Derechos Humanos: retos \u00e9ticos, sociales y pol\u00edticos por la Universidad de Deusto. Present\u00f3 el pasado 3 de febrero su tesis doctoral La Justicia Anamn\u00e9tica, Asignatura Pendiente en los Acuerdos de Paz de El Salvador, que explica a continuaci\u00f3n. En enero de 1992, el Gobierno de El Salvador y la [&hellip;]<\/p>\n","protected":false},"author":594,"featured_media":4473,"comment_status":"open","ping_status":"open","sticky":false,"template":"","format":"standard","meta":{"footnotes":""},"categories":[2],"tags":[102],"coauthors":[150],"class_list":["post-4464","post","type-post","status-publish","format-standard","has-post-thumbnail","hentry","category-actualidad","tag-etica-conflictos-y-paz"],"yoast_head":"<!-- This site is optimized with the Yoast SEO plugin v27.4 - https:\/\/yoast.com\/product\/yoast-seo-wordpress\/ -->\n<title>Los Acuerdos de Paz de El Salvador repararon a las v\u00edctimas?\u00bf<\/title>\n<meta name=\"description\" content=\"Los Acuerdos de Paz de El Salvador no representan un instrumento directo de reparaci\u00f3n a las v\u00edctimas del conflicto armado.\" \/>\n<meta name=\"robots\" content=\"index, follow, max-snippet:-1, max-image-preview:large, max-video-preview:-1\" \/>\n<link rel=\"canonical\" href=\"https:\/\/blogs.deusto.es\/ethics\/acuerdos-paz-el-salvador-victimas\/\" \/>\n<meta property=\"og:locale\" content=\"es_ES\" \/>\n<meta property=\"og:type\" content=\"article\" \/>\n<meta property=\"og:title\" content=\"Los Acuerdos de Paz de El Salvador repararon a las v\u00edctimas?\u00bf\" \/>\n<meta property=\"og:description\" content=\"Los Acuerdos de Paz de El Salvador no representan un instrumento directo de reparaci\u00f3n a las v\u00edctimas del conflicto armado.\" \/>\n<meta property=\"og:url\" content=\"https:\/\/blogs.deusto.es\/ethics\/acuerdos-paz-el-salvador-victimas\/\" \/>\n<meta property=\"og:site_name\" content=\"Centro de \u00c9tica Aplicada\" \/>\n<meta property=\"article:published_time\" content=\"2021-03-02T13:47:31+00:00\" \/>\n<meta property=\"article:modified_time\" content=\"2021-03-24T08:45:09+00:00\" \/>\n<meta property=\"og:image\" content=\"https:\/\/blogs.deusto.es\/alumni\/wp-content\/uploads\/sites\/44\/2021\/02\/acuerdos-paz-el-salvador-victimas.jpg\" \/>\n\t<meta property=\"og:image:width\" content=\"1040\" \/>\n\t<meta property=\"og:image:height\" content=\"693\" \/>\n\t<meta property=\"og:image:type\" content=\"image\/jpeg\" \/>\n<meta name=\"author\" content=\"Firma Invitada\" \/>\n<meta name=\"twitter:card\" content=\"summary_large_image\" \/>\n<meta name=\"twitter:label1\" content=\"Escrito por\" \/>\n\t<meta name=\"twitter:data1\" content=\"Firma Invitada\" \/>\n\t<meta name=\"twitter:label2\" content=\"Tiempo de lectura\" \/>\n\t<meta name=\"twitter:data2\" content=\"5 minutos\" \/>\n\t<meta name=\"twitter:label3\" content=\"Written by\" \/>\n\t<meta name=\"twitter:data3\" content=\"Firma Invitada\" \/>\n<script type=\"application\/ld+json\" class=\"yoast-schema-graph\">{\"@context\":\"https:\\\/\\\/schema.org\",\"@graph\":[{\"@type\":\"Article\",\"@id\":\"https:\\\/\\\/blogs.deusto.es\\\/ethics\\\/acuerdos-paz-el-salvador-victimas\\\/#article\",\"isPartOf\":{\"@id\":\"https:\\\/\\\/blogs.deusto.es\\\/ethics\\\/acuerdos-paz-el-salvador-victimas\\\/\"},\"author\":{\"name\":\"Firma Invitada\",\"@id\":\"https:\\\/\\\/blogs.deusto.es\\\/ethics\\\/#\\\/schema\\\/person\\\/5f9536f6f9d65de463dfdce78855dcff\"},\"headline\":\"\u00bfLos Acuerdos de Paz de El Salvador han reconocido y reparado a las v\u00edctimas?\",\"datePublished\":\"2021-03-02T13:47:31+00:00\",\"dateModified\":\"2021-03-24T08:45:09+00:00\",\"mainEntityOfPage\":{\"@id\":\"https:\\\/\\\/blogs.deusto.es\\\/ethics\\\/acuerdos-paz-el-salvador-victimas\\\/\"},\"wordCount\":998,\"commentCount\":0,\"publisher\":{\"@id\":\"https:\\\/\\\/blogs.deusto.es\\\/ethics\\\/#organization\"},\"image\":{\"@id\":\"https:\\\/\\\/blogs.deusto.es\\\/ethics\\\/acuerdos-paz-el-salvador-victimas\\\/#primaryimage\"},\"thumbnailUrl\":\"https:\\\/\\\/blogs.deusto.es\\\/wp-content\\\/uploads\\\/sites\\\/44\\\/2021\\\/02\\\/acuerdos-paz-el-salvador-victimas.jpg\",\"keywords\":[\"\u00c9tica conflictos y paz\"],\"articleSection\":[\"Actualidad\"],\"inLanguage\":\"es\",\"potentialAction\":[{\"@type\":\"CommentAction\",\"name\":\"Comment\",\"target\":[\"https:\\\/\\\/blogs.deusto.es\\\/ethics\\\/acuerdos-paz-el-salvador-victimas\\\/#respond\"]}]},{\"@type\":\"WebPage\",\"@id\":\"https:\\\/\\\/blogs.deusto.es\\\/ethics\\\/acuerdos-paz-el-salvador-victimas\\\/\",\"url\":\"https:\\\/\\\/blogs.deusto.es\\\/ethics\\\/acuerdos-paz-el-salvador-victimas\\\/\",\"name\":\"Los Acuerdos de Paz de El Salvador repararon a las v\u00edctimas?\u00bf\",\"isPartOf\":{\"@id\":\"https:\\\/\\\/blogs.deusto.es\\\/ethics\\\/#website\"},\"primaryImageOfPage\":{\"@id\":\"https:\\\/\\\/blogs.deusto.es\\\/ethics\\\/acuerdos-paz-el-salvador-victimas\\\/#primaryimage\"},\"image\":{\"@id\":\"https:\\\/\\\/blogs.deusto.es\\\/ethics\\\/acuerdos-paz-el-salvador-victimas\\\/#primaryimage\"},\"thumbnailUrl\":\"https:\\\/\\\/blogs.deusto.es\\\/wp-content\\\/uploads\\\/sites\\\/44\\\/2021\\\/02\\\/acuerdos-paz-el-salvador-victimas.jpg\",\"datePublished\":\"2021-03-02T13:47:31+00:00\",\"dateModified\":\"2021-03-24T08:45:09+00:00\",\"description\":\"Los Acuerdos de Paz de El Salvador no representan un instrumento directo de reparaci\u00f3n a las v\u00edctimas del conflicto armado.\",\"inLanguage\":\"es\",\"potentialAction\":[{\"@type\":\"ReadAction\",\"target\":[\"https:\\\/\\\/blogs.deusto.es\\\/ethics\\\/acuerdos-paz-el-salvador-victimas\\\/\"]}]},{\"@type\":\"ImageObject\",\"inLanguage\":\"es\",\"@id\":\"https:\\\/\\\/blogs.deusto.es\\\/ethics\\\/acuerdos-paz-el-salvador-victimas\\\/#primaryimage\",\"url\":\"https:\\\/\\\/blogs.deusto.es\\\/wp-content\\\/uploads\\\/sites\\\/44\\\/2021\\\/02\\\/acuerdos-paz-el-salvador-victimas.jpg\",\"contentUrl\":\"https:\\\/\\\/blogs.deusto.es\\\/wp-content\\\/uploads\\\/sites\\\/44\\\/2021\\\/02\\\/acuerdos-paz-el-salvador-victimas.jpg\",\"width\":1040,\"height\":693,\"caption\":\"Acuerdos de Paz de El Salvador y las v\u00edctimas\"},{\"@type\":\"WebSite\",\"@id\":\"https:\\\/\\\/blogs.deusto.es\\\/ethics\\\/#website\",\"url\":\"https:\\\/\\\/blogs.deusto.es\\\/ethics\\\/\",\"name\":\"Centro de \u00c9tica Aplicada\",\"description\":\"Informaci\u00f3n y opini\u00f3n del Centro de \u00c9tica Aplicada de la Universidad de Deusto\",\"publisher\":{\"@id\":\"https:\\\/\\\/blogs.deusto.es\\\/ethics\\\/#organization\"},\"potentialAction\":[{\"@type\":\"SearchAction\",\"target\":{\"@type\":\"EntryPoint\",\"urlTemplate\":\"https:\\\/\\\/blogs.deusto.es\\\/ethics\\\/?s={search_term_string}\"},\"query-input\":{\"@type\":\"PropertyValueSpecification\",\"valueRequired\":true,\"valueName\":\"search_term_string\"}}],\"inLanguage\":\"es\"},{\"@type\":\"Organization\",\"@id\":\"https:\\\/\\\/blogs.deusto.es\\\/ethics\\\/#organization\",\"name\":\"Centro de \u00c9tica Aplicada\",\"url\":\"https:\\\/\\\/blogs.deusto.es\\\/ethics\\\/\",\"logo\":{\"@type\":\"ImageObject\",\"inLanguage\":\"es\",\"@id\":\"https:\\\/\\\/blogs.deusto.es\\\/ethics\\\/#\\\/schema\\\/logo\\\/image\\\/\",\"url\":\"https:\\\/\\\/blogs.deusto.es\\\/wp-content\\\/uploads\\\/sites\\\/44\\\/2020\\\/01\\\/Logo-Deusto-CEA.png\",\"contentUrl\":\"https:\\\/\\\/blogs.deusto.es\\\/wp-content\\\/uploads\\\/sites\\\/44\\\/2020\\\/01\\\/Logo-Deusto-CEA.png\",\"width\":215,\"height\":106,\"caption\":\"Centro de \u00c9tica Aplicada\"},\"image\":{\"@id\":\"https:\\\/\\\/blogs.deusto.es\\\/ethics\\\/#\\\/schema\\\/logo\\\/image\\\/\"}},{\"@type\":\"Person\",\"@id\":\"https:\\\/\\\/blogs.deusto.es\\\/ethics\\\/#\\\/schema\\\/person\\\/5f9536f6f9d65de463dfdce78855dcff\",\"name\":\"Firma Invitada\",\"image\":{\"@type\":\"ImageObject\",\"inLanguage\":\"es\",\"@id\":\"https:\\\/\\\/secure.gravatar.com\\\/avatar\\\/9b0480927ba4bb2b6170e92c5028ac786d05af5fb6c3557e4393d4922e6bbe9d?s=96&d=retro&r=g2a0ea19a2521b5dab55ee21c617d463a\",\"url\":\"https:\\\/\\\/secure.gravatar.com\\\/avatar\\\/9b0480927ba4bb2b6170e92c5028ac786d05af5fb6c3557e4393d4922e6bbe9d?s=96&d=retro&r=g\",\"contentUrl\":\"https:\\\/\\\/secure.gravatar.com\\\/avatar\\\/9b0480927ba4bb2b6170e92c5028ac786d05af5fb6c3557e4393d4922e6bbe9d?s=96&d=retro&r=g\",\"caption\":\"Firma Invitada\"},\"url\":\"https:\\\/\\\/blogs.deusto.es\\\/ethics\\\/author\\\/firmainvitada\\\/\"}]}<\/script>\n<!-- \/ Yoast SEO plugin. -->","yoast_head_json":{"title":"Los Acuerdos de Paz de El Salvador repararon a las v\u00edctimas?\u00bf","description":"Los Acuerdos de Paz de El Salvador no representan un instrumento directo de reparaci\u00f3n a las v\u00edctimas del conflicto armado.","robots":{"index":"index","follow":"follow","max-snippet":"max-snippet:-1","max-image-preview":"max-image-preview:large","max-video-preview":"max-video-preview:-1"},"canonical":"https:\/\/blogs.deusto.es\/ethics\/acuerdos-paz-el-salvador-victimas\/","og_locale":"es_ES","og_type":"article","og_title":"Los Acuerdos de Paz de El Salvador repararon a las v\u00edctimas?\u00bf","og_description":"Los Acuerdos de Paz de El Salvador no representan un instrumento directo de reparaci\u00f3n a las v\u00edctimas del conflicto armado.","og_url":"https:\/\/blogs.deusto.es\/ethics\/acuerdos-paz-el-salvador-victimas\/","og_site_name":"Centro de \u00c9tica Aplicada","article_published_time":"2021-03-02T13:47:31+00:00","article_modified_time":"2021-03-24T08:45:09+00:00","og_image":[{"width":1040,"height":693,"url":"https:\/\/blogs.deusto.es\/alumni\/wp-content\/uploads\/sites\/44\/2021\/02\/acuerdos-paz-el-salvador-victimas.jpg","type":"image\/jpeg"}],"author":"Firma Invitada","twitter_card":"summary_large_image","twitter_misc":{"Escrito por":"Firma Invitada","Tiempo de lectura":"5 minutos","Written by":"Firma Invitada"},"schema":{"@context":"https:\/\/schema.org","@graph":[{"@type":"Article","@id":"https:\/\/blogs.deusto.es\/ethics\/acuerdos-paz-el-salvador-victimas\/#article","isPartOf":{"@id":"https:\/\/blogs.deusto.es\/ethics\/acuerdos-paz-el-salvador-victimas\/"},"author":{"name":"Firma Invitada","@id":"https:\/\/blogs.deusto.es\/ethics\/#\/schema\/person\/5f9536f6f9d65de463dfdce78855dcff"},"headline":"\u00bfLos Acuerdos de Paz de El Salvador han reconocido y reparado a las v\u00edctimas?","datePublished":"2021-03-02T13:47:31+00:00","dateModified":"2021-03-24T08:45:09+00:00","mainEntityOfPage":{"@id":"https:\/\/blogs.deusto.es\/ethics\/acuerdos-paz-el-salvador-victimas\/"},"wordCount":998,"commentCount":0,"publisher":{"@id":"https:\/\/blogs.deusto.es\/ethics\/#organization"},"image":{"@id":"https:\/\/blogs.deusto.es\/ethics\/acuerdos-paz-el-salvador-victimas\/#primaryimage"},"thumbnailUrl":"https:\/\/blogs.deusto.es\/wp-content\/uploads\/sites\/44\/2021\/02\/acuerdos-paz-el-salvador-victimas.jpg","keywords":["\u00c9tica conflictos y paz"],"articleSection":["Actualidad"],"inLanguage":"es","potentialAction":[{"@type":"CommentAction","name":"Comment","target":["https:\/\/blogs.deusto.es\/ethics\/acuerdos-paz-el-salvador-victimas\/#respond"]}]},{"@type":"WebPage","@id":"https:\/\/blogs.deusto.es\/ethics\/acuerdos-paz-el-salvador-victimas\/","url":"https:\/\/blogs.deusto.es\/ethics\/acuerdos-paz-el-salvador-victimas\/","name":"Los Acuerdos de Paz de El Salvador repararon a las v\u00edctimas?\u00bf","isPartOf":{"@id":"https:\/\/blogs.deusto.es\/ethics\/#website"},"primaryImageOfPage":{"@id":"https:\/\/blogs.deusto.es\/ethics\/acuerdos-paz-el-salvador-victimas\/#primaryimage"},"image":{"@id":"https:\/\/blogs.deusto.es\/ethics\/acuerdos-paz-el-salvador-victimas\/#primaryimage"},"thumbnailUrl":"https:\/\/blogs.deusto.es\/wp-content\/uploads\/sites\/44\/2021\/02\/acuerdos-paz-el-salvador-victimas.jpg","datePublished":"2021-03-02T13:47:31+00:00","dateModified":"2021-03-24T08:45:09+00:00","description":"Los Acuerdos de Paz de El Salvador no representan un instrumento directo de reparaci\u00f3n a las v\u00edctimas del conflicto armado.","inLanguage":"es","potentialAction":[{"@type":"ReadAction","target":["https:\/\/blogs.deusto.es\/ethics\/acuerdos-paz-el-salvador-victimas\/"]}]},{"@type":"ImageObject","inLanguage":"es","@id":"https:\/\/blogs.deusto.es\/ethics\/acuerdos-paz-el-salvador-victimas\/#primaryimage","url":"https:\/\/blogs.deusto.es\/wp-content\/uploads\/sites\/44\/2021\/02\/acuerdos-paz-el-salvador-victimas.jpg","contentUrl":"https:\/\/blogs.deusto.es\/wp-content\/uploads\/sites\/44\/2021\/02\/acuerdos-paz-el-salvador-victimas.jpg","width":1040,"height":693,"caption":"Acuerdos de Paz de El Salvador y las v\u00edctimas"},{"@type":"WebSite","@id":"https:\/\/blogs.deusto.es\/ethics\/#website","url":"https:\/\/blogs.deusto.es\/ethics\/","name":"Centro de \u00c9tica Aplicada","description":"Informaci\u00f3n y opini\u00f3n del Centro de \u00c9tica Aplicada de la Universidad de Deusto","publisher":{"@id":"https:\/\/blogs.deusto.es\/ethics\/#organization"},"potentialAction":[{"@type":"SearchAction","target":{"@type":"EntryPoint","urlTemplate":"https:\/\/blogs.deusto.es\/ethics\/?s={search_term_string}"},"query-input":{"@type":"PropertyValueSpecification","valueRequired":true,"valueName":"search_term_string"}}],"inLanguage":"es"},{"@type":"Organization","@id":"https:\/\/blogs.deusto.es\/ethics\/#organization","name":"Centro de \u00c9tica Aplicada","url":"https:\/\/blogs.deusto.es\/ethics\/","logo":{"@type":"ImageObject","inLanguage":"es","@id":"https:\/\/blogs.deusto.es\/ethics\/#\/schema\/logo\/image\/","url":"https:\/\/blogs.deusto.es\/wp-content\/uploads\/sites\/44\/2020\/01\/Logo-Deusto-CEA.png","contentUrl":"https:\/\/blogs.deusto.es\/wp-content\/uploads\/sites\/44\/2020\/01\/Logo-Deusto-CEA.png","width":215,"height":106,"caption":"Centro de \u00c9tica Aplicada"},"image":{"@id":"https:\/\/blogs.deusto.es\/ethics\/#\/schema\/logo\/image\/"}},{"@type":"Person","@id":"https:\/\/blogs.deusto.es\/ethics\/#\/schema\/person\/5f9536f6f9d65de463dfdce78855dcff","name":"Firma Invitada","image":{"@type":"ImageObject","inLanguage":"es","@id":"https:\/\/secure.gravatar.com\/avatar\/9b0480927ba4bb2b6170e92c5028ac786d05af5fb6c3557e4393d4922e6bbe9d?s=96&d=retro&r=g2a0ea19a2521b5dab55ee21c617d463a","url":"https:\/\/secure.gravatar.com\/avatar\/9b0480927ba4bb2b6170e92c5028ac786d05af5fb6c3557e4393d4922e6bbe9d?s=96&d=retro&r=g","contentUrl":"https:\/\/secure.gravatar.com\/avatar\/9b0480927ba4bb2b6170e92c5028ac786d05af5fb6c3557e4393d4922e6bbe9d?s=96&d=retro&r=g","caption":"Firma Invitada"},"url":"https:\/\/blogs.deusto.es\/ethics\/author\/firmainvitada\/"}]}},"_links":{"self":[{"href":"https:\/\/blogs.deusto.es\/ethics\/wp-json\/wp\/v2\/posts\/4464","targetHints":{"allow":["GET"]}}],"collection":[{"href":"https:\/\/blogs.deusto.es\/ethics\/wp-json\/wp\/v2\/posts"}],"about":[{"href":"https:\/\/blogs.deusto.es\/ethics\/wp-json\/wp\/v2\/types\/post"}],"author":[{"embeddable":true,"href":"https:\/\/blogs.deusto.es\/ethics\/wp-json\/wp\/v2\/users\/594"}],"replies":[{"embeddable":true,"href":"https:\/\/blogs.deusto.es\/ethics\/wp-json\/wp\/v2\/comments?post=4464"}],"version-history":[{"count":20,"href":"https:\/\/blogs.deusto.es\/ethics\/wp-json\/wp\/v2\/posts\/4464\/revisions"}],"predecessor-version":[{"id":4929,"href":"https:\/\/blogs.deusto.es\/ethics\/wp-json\/wp\/v2\/posts\/4464\/revisions\/4929"}],"wp:featuredmedia":[{"embeddable":true,"href":"https:\/\/blogs.deusto.es\/ethics\/wp-json\/wp\/v2\/media\/4473"}],"wp:attachment":[{"href":"https:\/\/blogs.deusto.es\/ethics\/wp-json\/wp\/v2\/media?parent=4464"}],"wp:term":[{"taxonomy":"category","embeddable":true,"href":"https:\/\/blogs.deusto.es\/ethics\/wp-json\/wp\/v2\/categories?post=4464"},{"taxonomy":"post_tag","embeddable":true,"href":"https:\/\/blogs.deusto.es\/ethics\/wp-json\/wp\/v2\/tags?post=4464"},{"taxonomy":"author","embeddable":true,"href":"https:\/\/blogs.deusto.es\/ethics\/wp-json\/wp\/v2\/coauthors?post=4464"}],"curies":[{"name":"wp","href":"https:\/\/api.w.org\/{rel}","templated":true}]}}