{"id":5191,"date":"2021-05-31T15:25:36","date_gmt":"2021-05-31T13:25:36","guid":{"rendered":"https:\/\/preblogs.deusto.es\/ethics\/?p=5191"},"modified":"2021-09-13T10:45:59","modified_gmt":"2021-09-13T08:45:59","slug":"tecnica-y-tecnologia-como-conversar-con-un-tecnofilo","status":"publish","type":"post","link":"https:\/\/blogs.deusto.es\/ethics\/tecnica-y-tecnologia-como-conversar-con-un-tecnofilo\/","title":{"rendered":"T\u00e9cnica y tecnolog\u00eda: c\u00f3mo conversar con un tecnol\u00f3filo"},"content":{"rendered":"\n<p class=\"link-enlace\" id=\"link-enlace\"><a href=\"https:\/\/www.taugenit.com\/tecnica-y-tecnologia\/\" target=\"_blank\" rel=\"noreferrer noopener\">Acceder a la publicaci\u00f3n<\/a><\/p>\n\n\n\n<pre class=\"wp-block-preformatted\">Autor: Adri\u00e1n Almaz\u00e1n<\/pre>\n\n\n\n<p>Existen pocas cosas a la vez tan omnipresentes y acr\u00edticamente asumidas que las tecnolog\u00edas en nuestras sociedades contempor\u00e1neas. Las pocas personas que hist\u00f3ricamente han estado dispuestas a desarrollar una reflexi\u00f3n cr\u00edtica sobre las mismas <strong>han tenido adem\u00e1s que enfrentarse a la acusaci\u00f3n de tecnofobia<\/strong>, un calificativo que elimina de ra\u00edz la misma posibilidad de una conversaci\u00f3n.<\/p>\n\n\n\n<p>En este libro se plantea <strong>la necesidad de comprender las tecnolog\u00edas como una creaci\u00f3n social e hist\u00f3rica m\u00e1s.<\/strong> \u00bfPor qu\u00e9 podemos poner en cuesti\u00f3n nuestras instituciones o nuestra econom\u00eda pero no la construcci\u00f3n de nuestro mundo material?\u00a0El progreso, la naturaleza o el tecno-optimismo son algunos de los parapetos en los que tecnol\u00f3filos se han parapetado para dar sustento a su <strong>adoraci\u00f3n ciega e insensata <\/strong>no de la t\u00e9cnica (un atributo social general e irrenunciable de toda sociedad humana), sino de la tecnolog\u00eda, una creaci\u00f3n de la modernidad y el capitalismo.\u00a0<\/p>\n\n\n\n<p>Insensata especialmente en tiempos como los nuestros, tiempos de colapso ecosocial. Un colapso cada vez m\u00e1s acelerado por <strong>nuestra irracional confianza en la omnipotencia de la tecnolog\u00eda<\/strong>, que nos promete ser capaz de hacer frente a toda la problem\u00e1tica cuando, en realidad, nos hunde m\u00e1s profundamente en la crisis que el mundo industrial ha puesto en marcha.<\/p>\n","protected":false},"excerpt":{"rendered":"<p>Un repaso a las ideas err\u00f3neas que invaden nuestra relaci\u00f3n con la tecnolog\u00eda y la necesidad de abandonarlas en tiempos de crisis ecosocial global.<\/p>\n","protected":false},"author":594,"featured_media":5193,"comment_status":"open","ping_status":"open","sticky":false,"template":"","format":"standard","meta":{"footnotes":""},"categories":[18],"tags":[],"coauthors":[150],"class_list":["post-5191","post","type-post","status-publish","format-standard","has-post-thumbnail","hentry","category-publicaciones"],"yoast_head":"<!-- This site is optimized with the Yoast SEO plugin v27.4 - https:\/\/yoast.com\/product\/yoast-seo-wordpress\/ -->\n<title>T\u00e9cnica y tecnolog\u00eda: c\u00f3mo conversar con un tecnol\u00f3filo - Centro de \u00c9tica Aplicada<\/title>\n<meta name=\"description\" content=\"Un repaso a las ideas err\u00f3neas que invaden nuestra relaci\u00f3n con la tecnolog\u00eda en tiempos de crisis ecosocial global.\" \/>\n<meta name=\"robots\" content=\"index, follow, max-snippet:-1, max-image-preview:large, max-video-preview:-1\" \/>\n<link rel=\"canonical\" href=\"https:\/\/blogs.deusto.es\/ethics\/tecnica-y-tecnologia-como-conversar-con-un-tecnofilo\/\" \/>\n<meta property=\"og:locale\" content=\"es_ES\" \/>\n<meta property=\"og:type\" content=\"article\" \/>\n<meta property=\"og:title\" content=\"T\u00e9cnica y tecnolog\u00eda: c\u00f3mo conversar con un tecnol\u00f3filo - Centro de \u00c9tica Aplicada\" \/>\n<meta property=\"og:description\" content=\"Un repaso a las ideas err\u00f3neas que invaden nuestra relaci\u00f3n con la tecnolog\u00eda en tiempos de crisis ecosocial global.\" \/>\n<meta property=\"og:url\" content=\"https:\/\/blogs.deusto.es\/ethics\/tecnica-y-tecnologia-como-conversar-con-un-tecnofilo\/\" \/>\n<meta property=\"og:site_name\" content=\"Centro de \u00c9tica Aplicada\" \/>\n<meta property=\"article:published_time\" content=\"2021-05-31T13:25:36+00:00\" \/>\n<meta property=\"article:modified_time\" content=\"2021-09-13T08:45:59+00:00\" \/>\n<meta property=\"og:image\" content=\"https:\/\/blogs.deusto.es\/alumni\/wp-content\/uploads\/sites\/44\/2021\/05\/tecnica-y-tecnologia-conversar-tecnofilo-adrian-almazan.jpg\" \/>\n\t<meta property=\"og:image:width\" content=\"669\" \/>\n\t<meta property=\"og:image:height\" content=\"1024\" \/>\n\t<meta property=\"og:image:type\" content=\"image\/jpeg\" \/>\n<meta name=\"author\" content=\"Firma Invitada\" \/>\n<meta name=\"twitter:card\" content=\"summary_large_image\" \/>\n<meta name=\"twitter:label1\" content=\"Escrito por\" \/>\n\t<meta name=\"twitter:data1\" content=\"Firma Invitada\" \/>\n\t<meta name=\"twitter:label2\" content=\"Tiempo de lectura\" \/>\n\t<meta name=\"twitter:data2\" content=\"1 minuto\" \/>\n\t<meta name=\"twitter:label3\" content=\"Written by\" \/>\n\t<meta name=\"twitter:data3\" content=\"Firma Invitada\" \/>\n<script type=\"application\/ld+json\" class=\"yoast-schema-graph\">{\"@context\":\"https:\\\/\\\/schema.org\",\"@graph\":[{\"@type\":\"Article\",\"@id\":\"https:\\\/\\\/blogs.deusto.es\\\/ethics\\\/tecnica-y-tecnologia-como-conversar-con-un-tecnofilo\\\/#article\",\"isPartOf\":{\"@id\":\"https:\\\/\\\/blogs.deusto.es\\\/ethics\\\/tecnica-y-tecnologia-como-conversar-con-un-tecnofilo\\\/\"},\"author\":{\"name\":\"Firma Invitada\",\"@id\":\"https:\\\/\\\/blogs.deusto.es\\\/ethics\\\/#\\\/schema\\\/person\\\/5f9536f6f9d65de463dfdce78855dcff\"},\"headline\":\"T\u00e9cnica y tecnolog\u00eda: c\u00f3mo conversar con un tecnol\u00f3filo\",\"datePublished\":\"2021-05-31T13:25:36+00:00\",\"dateModified\":\"2021-09-13T08:45:59+00:00\",\"mainEntityOfPage\":{\"@id\":\"https:\\\/\\\/blogs.deusto.es\\\/ethics\\\/tecnica-y-tecnologia-como-conversar-con-un-tecnofilo\\\/\"},\"wordCount\":247,\"commentCount\":0,\"publisher\":{\"@id\":\"https:\\\/\\\/blogs.deusto.es\\\/ethics\\\/#organization\"},\"image\":{\"@id\":\"https:\\\/\\\/blogs.deusto.es\\\/ethics\\\/tecnica-y-tecnologia-como-conversar-con-un-tecnofilo\\\/#primaryimage\"},\"thumbnailUrl\":\"https:\\\/\\\/blogs.deusto.es\\\/wp-content\\\/uploads\\\/sites\\\/44\\\/2021\\\/05\\\/tecnica-y-tecnologia-conversar-tecnofilo-adrian-almazan.jpg\",\"articleSection\":[\"Publicaciones\"],\"inLanguage\":\"es\",\"potentialAction\":[{\"@type\":\"CommentAction\",\"name\":\"Comment\",\"target\":[\"https:\\\/\\\/blogs.deusto.es\\\/ethics\\\/tecnica-y-tecnologia-como-conversar-con-un-tecnofilo\\\/#respond\"]}]},{\"@type\":\"WebPage\",\"@id\":\"https:\\\/\\\/blogs.deusto.es\\\/ethics\\\/tecnica-y-tecnologia-como-conversar-con-un-tecnofilo\\\/\",\"url\":\"https:\\\/\\\/blogs.deusto.es\\\/ethics\\\/tecnica-y-tecnologia-como-conversar-con-un-tecnofilo\\\/\",\"name\":\"T\u00e9cnica y tecnolog\u00eda: c\u00f3mo conversar con un tecnol\u00f3filo - Centro de \u00c9tica Aplicada\",\"isPartOf\":{\"@id\":\"https:\\\/\\\/blogs.deusto.es\\\/ethics\\\/#website\"},\"primaryImageOfPage\":{\"@id\":\"https:\\\/\\\/blogs.deusto.es\\\/ethics\\\/tecnica-y-tecnologia-como-conversar-con-un-tecnofilo\\\/#primaryimage\"},\"image\":{\"@id\":\"https:\\\/\\\/blogs.deusto.es\\\/ethics\\\/tecnica-y-tecnologia-como-conversar-con-un-tecnofilo\\\/#primaryimage\"},\"thumbnailUrl\":\"https:\\\/\\\/blogs.deusto.es\\\/wp-content\\\/uploads\\\/sites\\\/44\\\/2021\\\/05\\\/tecnica-y-tecnologia-conversar-tecnofilo-adrian-almazan.jpg\",\"datePublished\":\"2021-05-31T13:25:36+00:00\",\"dateModified\":\"2021-09-13T08:45:59+00:00\",\"description\":\"Un repaso a las ideas err\u00f3neas que invaden nuestra relaci\u00f3n con la tecnolog\u00eda en tiempos de crisis ecosocial global.\",\"inLanguage\":\"es\",\"potentialAction\":[{\"@type\":\"ReadAction\",\"target\":[\"https:\\\/\\\/blogs.deusto.es\\\/ethics\\\/tecnica-y-tecnologia-como-conversar-con-un-tecnofilo\\\/\"]}]},{\"@type\":\"ImageObject\",\"inLanguage\":\"es\",\"@id\":\"https:\\\/\\\/blogs.deusto.es\\\/ethics\\\/tecnica-y-tecnologia-como-conversar-con-un-tecnofilo\\\/#primaryimage\",\"url\":\"https:\\\/\\\/blogs.deusto.es\\\/wp-content\\\/uploads\\\/sites\\\/44\\\/2021\\\/05\\\/tecnica-y-tecnologia-conversar-tecnofilo-adrian-almazan.jpg\",\"contentUrl\":\"https:\\\/\\\/blogs.deusto.es\\\/wp-content\\\/uploads\\\/sites\\\/44\\\/2021\\\/05\\\/tecnica-y-tecnologia-conversar-tecnofilo-adrian-almazan.jpg\",\"width\":669,\"height\":1024,\"caption\":\"T\u00e9cnica y tecnolog\u00eda: c\u00f3mo conversar con un tecn\u00f3filo\"},{\"@type\":\"WebSite\",\"@id\":\"https:\\\/\\\/blogs.deusto.es\\\/ethics\\\/#website\",\"url\":\"https:\\\/\\\/blogs.deusto.es\\\/ethics\\\/\",\"name\":\"Centro de \u00c9tica Aplicada\",\"description\":\"Informaci\u00f3n y opini\u00f3n del Centro de \u00c9tica Aplicada de la Universidad de Deusto\",\"publisher\":{\"@id\":\"https:\\\/\\\/blogs.deusto.es\\\/ethics\\\/#organization\"},\"potentialAction\":[{\"@type\":\"SearchAction\",\"target\":{\"@type\":\"EntryPoint\",\"urlTemplate\":\"https:\\\/\\\/blogs.deusto.es\\\/ethics\\\/?s={search_term_string}\"},\"query-input\":{\"@type\":\"PropertyValueSpecification\",\"valueRequired\":true,\"valueName\":\"search_term_string\"}}],\"inLanguage\":\"es\"},{\"@type\":\"Organization\",\"@id\":\"https:\\\/\\\/blogs.deusto.es\\\/ethics\\\/#organization\",\"name\":\"Centro de \u00c9tica Aplicada\",\"url\":\"https:\\\/\\\/blogs.deusto.es\\\/ethics\\\/\",\"logo\":{\"@type\":\"ImageObject\",\"inLanguage\":\"es\",\"@id\":\"https:\\\/\\\/blogs.deusto.es\\\/ethics\\\/#\\\/schema\\\/logo\\\/image\\\/\",\"url\":\"https:\\\/\\\/blogs.deusto.es\\\/wp-content\\\/uploads\\\/sites\\\/44\\\/2020\\\/01\\\/Logo-Deusto-CEA.png\",\"contentUrl\":\"https:\\\/\\\/blogs.deusto.es\\\/wp-content\\\/uploads\\\/sites\\\/44\\\/2020\\\/01\\\/Logo-Deusto-CEA.png\",\"width\":215,\"height\":106,\"caption\":\"Centro de \u00c9tica Aplicada\"},\"image\":{\"@id\":\"https:\\\/\\\/blogs.deusto.es\\\/ethics\\\/#\\\/schema\\\/logo\\\/image\\\/\"}},{\"@type\":\"Person\",\"@id\":\"https:\\\/\\\/blogs.deusto.es\\\/ethics\\\/#\\\/schema\\\/person\\\/5f9536f6f9d65de463dfdce78855dcff\",\"name\":\"Firma Invitada\",\"image\":{\"@type\":\"ImageObject\",\"inLanguage\":\"es\",\"@id\":\"https:\\\/\\\/secure.gravatar.com\\\/avatar\\\/9b0480927ba4bb2b6170e92c5028ac786d05af5fb6c3557e4393d4922e6bbe9d?s=96&d=retro&r=g2a0ea19a2521b5dab55ee21c617d463a\",\"url\":\"https:\\\/\\\/secure.gravatar.com\\\/avatar\\\/9b0480927ba4bb2b6170e92c5028ac786d05af5fb6c3557e4393d4922e6bbe9d?s=96&d=retro&r=g\",\"contentUrl\":\"https:\\\/\\\/secure.gravatar.com\\\/avatar\\\/9b0480927ba4bb2b6170e92c5028ac786d05af5fb6c3557e4393d4922e6bbe9d?s=96&d=retro&r=g\",\"caption\":\"Firma Invitada\"},\"url\":\"https:\\\/\\\/blogs.deusto.es\\\/ethics\\\/author\\\/firmainvitada\\\/\"}]}<\/script>\n<!-- \/ Yoast SEO plugin. -->","yoast_head_json":{"title":"T\u00e9cnica y tecnolog\u00eda: c\u00f3mo conversar con un tecnol\u00f3filo - Centro de \u00c9tica Aplicada","description":"Un repaso a las ideas err\u00f3neas que invaden nuestra relaci\u00f3n con la tecnolog\u00eda en tiempos de crisis ecosocial global.","robots":{"index":"index","follow":"follow","max-snippet":"max-snippet:-1","max-image-preview":"max-image-preview:large","max-video-preview":"max-video-preview:-1"},"canonical":"https:\/\/blogs.deusto.es\/ethics\/tecnica-y-tecnologia-como-conversar-con-un-tecnofilo\/","og_locale":"es_ES","og_type":"article","og_title":"T\u00e9cnica y tecnolog\u00eda: c\u00f3mo conversar con un tecnol\u00f3filo - Centro de \u00c9tica Aplicada","og_description":"Un repaso a las ideas err\u00f3neas que invaden nuestra relaci\u00f3n con la tecnolog\u00eda en tiempos de crisis ecosocial global.","og_url":"https:\/\/blogs.deusto.es\/ethics\/tecnica-y-tecnologia-como-conversar-con-un-tecnofilo\/","og_site_name":"Centro de \u00c9tica Aplicada","article_published_time":"2021-05-31T13:25:36+00:00","article_modified_time":"2021-09-13T08:45:59+00:00","og_image":[{"width":669,"height":1024,"url":"https:\/\/blogs.deusto.es\/alumni\/wp-content\/uploads\/sites\/44\/2021\/05\/tecnica-y-tecnologia-conversar-tecnofilo-adrian-almazan.jpg","type":"image\/jpeg"}],"author":"Firma Invitada","twitter_card":"summary_large_image","twitter_misc":{"Escrito por":"Firma Invitada","Tiempo de lectura":"1 minuto","Written by":"Firma Invitada"},"schema":{"@context":"https:\/\/schema.org","@graph":[{"@type":"Article","@id":"https:\/\/blogs.deusto.es\/ethics\/tecnica-y-tecnologia-como-conversar-con-un-tecnofilo\/#article","isPartOf":{"@id":"https:\/\/blogs.deusto.es\/ethics\/tecnica-y-tecnologia-como-conversar-con-un-tecnofilo\/"},"author":{"name":"Firma Invitada","@id":"https:\/\/blogs.deusto.es\/ethics\/#\/schema\/person\/5f9536f6f9d65de463dfdce78855dcff"},"headline":"T\u00e9cnica y tecnolog\u00eda: c\u00f3mo conversar con un tecnol\u00f3filo","datePublished":"2021-05-31T13:25:36+00:00","dateModified":"2021-09-13T08:45:59+00:00","mainEntityOfPage":{"@id":"https:\/\/blogs.deusto.es\/ethics\/tecnica-y-tecnologia-como-conversar-con-un-tecnofilo\/"},"wordCount":247,"commentCount":0,"publisher":{"@id":"https:\/\/blogs.deusto.es\/ethics\/#organization"},"image":{"@id":"https:\/\/blogs.deusto.es\/ethics\/tecnica-y-tecnologia-como-conversar-con-un-tecnofilo\/#primaryimage"},"thumbnailUrl":"https:\/\/blogs.deusto.es\/wp-content\/uploads\/sites\/44\/2021\/05\/tecnica-y-tecnologia-conversar-tecnofilo-adrian-almazan.jpg","articleSection":["Publicaciones"],"inLanguage":"es","potentialAction":[{"@type":"CommentAction","name":"Comment","target":["https:\/\/blogs.deusto.es\/ethics\/tecnica-y-tecnologia-como-conversar-con-un-tecnofilo\/#respond"]}]},{"@type":"WebPage","@id":"https:\/\/blogs.deusto.es\/ethics\/tecnica-y-tecnologia-como-conversar-con-un-tecnofilo\/","url":"https:\/\/blogs.deusto.es\/ethics\/tecnica-y-tecnologia-como-conversar-con-un-tecnofilo\/","name":"T\u00e9cnica y tecnolog\u00eda: c\u00f3mo conversar con un tecnol\u00f3filo - Centro de \u00c9tica Aplicada","isPartOf":{"@id":"https:\/\/blogs.deusto.es\/ethics\/#website"},"primaryImageOfPage":{"@id":"https:\/\/blogs.deusto.es\/ethics\/tecnica-y-tecnologia-como-conversar-con-un-tecnofilo\/#primaryimage"},"image":{"@id":"https:\/\/blogs.deusto.es\/ethics\/tecnica-y-tecnologia-como-conversar-con-un-tecnofilo\/#primaryimage"},"thumbnailUrl":"https:\/\/blogs.deusto.es\/wp-content\/uploads\/sites\/44\/2021\/05\/tecnica-y-tecnologia-conversar-tecnofilo-adrian-almazan.jpg","datePublished":"2021-05-31T13:25:36+00:00","dateModified":"2021-09-13T08:45:59+00:00","description":"Un repaso a las ideas err\u00f3neas que invaden nuestra relaci\u00f3n con la tecnolog\u00eda en tiempos de crisis ecosocial global.","inLanguage":"es","potentialAction":[{"@type":"ReadAction","target":["https:\/\/blogs.deusto.es\/ethics\/tecnica-y-tecnologia-como-conversar-con-un-tecnofilo\/"]}]},{"@type":"ImageObject","inLanguage":"es","@id":"https:\/\/blogs.deusto.es\/ethics\/tecnica-y-tecnologia-como-conversar-con-un-tecnofilo\/#primaryimage","url":"https:\/\/blogs.deusto.es\/wp-content\/uploads\/sites\/44\/2021\/05\/tecnica-y-tecnologia-conversar-tecnofilo-adrian-almazan.jpg","contentUrl":"https:\/\/blogs.deusto.es\/wp-content\/uploads\/sites\/44\/2021\/05\/tecnica-y-tecnologia-conversar-tecnofilo-adrian-almazan.jpg","width":669,"height":1024,"caption":"T\u00e9cnica y tecnolog\u00eda: c\u00f3mo conversar con un tecn\u00f3filo"},{"@type":"WebSite","@id":"https:\/\/blogs.deusto.es\/ethics\/#website","url":"https:\/\/blogs.deusto.es\/ethics\/","name":"Centro de \u00c9tica Aplicada","description":"Informaci\u00f3n y opini\u00f3n del Centro de \u00c9tica Aplicada de la Universidad de Deusto","publisher":{"@id":"https:\/\/blogs.deusto.es\/ethics\/#organization"},"potentialAction":[{"@type":"SearchAction","target":{"@type":"EntryPoint","urlTemplate":"https:\/\/blogs.deusto.es\/ethics\/?s={search_term_string}"},"query-input":{"@type":"PropertyValueSpecification","valueRequired":true,"valueName":"search_term_string"}}],"inLanguage":"es"},{"@type":"Organization","@id":"https:\/\/blogs.deusto.es\/ethics\/#organization","name":"Centro de \u00c9tica Aplicada","url":"https:\/\/blogs.deusto.es\/ethics\/","logo":{"@type":"ImageObject","inLanguage":"es","@id":"https:\/\/blogs.deusto.es\/ethics\/#\/schema\/logo\/image\/","url":"https:\/\/blogs.deusto.es\/wp-content\/uploads\/sites\/44\/2020\/01\/Logo-Deusto-CEA.png","contentUrl":"https:\/\/blogs.deusto.es\/wp-content\/uploads\/sites\/44\/2020\/01\/Logo-Deusto-CEA.png","width":215,"height":106,"caption":"Centro de \u00c9tica Aplicada"},"image":{"@id":"https:\/\/blogs.deusto.es\/ethics\/#\/schema\/logo\/image\/"}},{"@type":"Person","@id":"https:\/\/blogs.deusto.es\/ethics\/#\/schema\/person\/5f9536f6f9d65de463dfdce78855dcff","name":"Firma Invitada","image":{"@type":"ImageObject","inLanguage":"es","@id":"https:\/\/secure.gravatar.com\/avatar\/9b0480927ba4bb2b6170e92c5028ac786d05af5fb6c3557e4393d4922e6bbe9d?s=96&d=retro&r=g2a0ea19a2521b5dab55ee21c617d463a","url":"https:\/\/secure.gravatar.com\/avatar\/9b0480927ba4bb2b6170e92c5028ac786d05af5fb6c3557e4393d4922e6bbe9d?s=96&d=retro&r=g","contentUrl":"https:\/\/secure.gravatar.com\/avatar\/9b0480927ba4bb2b6170e92c5028ac786d05af5fb6c3557e4393d4922e6bbe9d?s=96&d=retro&r=g","caption":"Firma Invitada"},"url":"https:\/\/blogs.deusto.es\/ethics\/author\/firmainvitada\/"}]}},"_links":{"self":[{"href":"https:\/\/blogs.deusto.es\/ethics\/wp-json\/wp\/v2\/posts\/5191","targetHints":{"allow":["GET"]}}],"collection":[{"href":"https:\/\/blogs.deusto.es\/ethics\/wp-json\/wp\/v2\/posts"}],"about":[{"href":"https:\/\/blogs.deusto.es\/ethics\/wp-json\/wp\/v2\/types\/post"}],"author":[{"embeddable":true,"href":"https:\/\/blogs.deusto.es\/ethics\/wp-json\/wp\/v2\/users\/594"}],"replies":[{"embeddable":true,"href":"https:\/\/blogs.deusto.es\/ethics\/wp-json\/wp\/v2\/comments?post=5191"}],"version-history":[{"count":11,"href":"https:\/\/blogs.deusto.es\/ethics\/wp-json\/wp\/v2\/posts\/5191\/revisions"}],"predecessor-version":[{"id":5598,"href":"https:\/\/blogs.deusto.es\/ethics\/wp-json\/wp\/v2\/posts\/5191\/revisions\/5598"}],"wp:featuredmedia":[{"embeddable":true,"href":"https:\/\/blogs.deusto.es\/ethics\/wp-json\/wp\/v2\/media\/5193"}],"wp:attachment":[{"href":"https:\/\/blogs.deusto.es\/ethics\/wp-json\/wp\/v2\/media?parent=5191"}],"wp:term":[{"taxonomy":"category","embeddable":true,"href":"https:\/\/blogs.deusto.es\/ethics\/wp-json\/wp\/v2\/categories?post=5191"},{"taxonomy":"post_tag","embeddable":true,"href":"https:\/\/blogs.deusto.es\/ethics\/wp-json\/wp\/v2\/tags?post=5191"},{"taxonomy":"author","embeddable":true,"href":"https:\/\/blogs.deusto.es\/ethics\/wp-json\/wp\/v2\/coauthors?post=5191"}],"curies":[{"name":"wp","href":"https:\/\/api.w.org\/{rel}","templated":true}]}}