{"id":748,"date":"2019-06-27T09:54:06","date_gmt":"2019-06-27T07:54:06","guid":{"rendered":"https:\/\/preblogs.deusto.es\/ethics\/?p=748"},"modified":"2021-07-22T14:44:15","modified_gmt":"2021-07-22T12:44:15","slug":"directica-gestion-etica","status":"publish","type":"post","link":"https:\/\/blogs.deusto.es\/ethics\/directica-gestion-etica\/","title":{"rendered":"Directica desarrolla una herramienta para la gesti\u00f3n \u00e9tica de las empresas"},"content":{"rendered":"\n<p>La comunidad de aprendizaje Directica se caracteriza por la construcci\u00f3n colaborativa de contenidos y productos entre los directivos y acad\u00e9micos que la integran. En este curso, <a href=\"https:\/\/socialesyhumanas.deusto.es\/cs\/Satellite\/socialesyhumanas\/es\/centro-etica-aplicada\/etica-por-areas\/etica-empresarial-0\/directica-funcion-directiva\" target=\"_blank\" rel=\"noreferrer noopener\">la comunidad de aprendizaje<\/a> del Centro de \u00c9tica Aplicada de la Universidad de Deusto<a aria-label=\" (se abre en una nueva pesta\u00f1a)\" href=\"https:\/\/socialesyhumanas.deusto.es\/cs\/Satellite\/socialesyhumanas\/es\/centro-etica-aplicada\/?utm_source=blog&amp;utm_medium=post&amp;utm_campaign=centro_etica_aplicada\" target=\"_blank\" rel=\"noreferrer noopener\"> <\/a>asumi\u00f3 el reto de desarrollar contenidos para <strong>favorecer la integraci\u00f3n de la \u00e9tica en la gesti\u00f3n empresarial<\/strong> de forma pr\u00e1ctica. <\/p>\n\n\n\n<p>La comunidad decidi\u00f3 embarcarse en el desarrollo de una herramienta que contemplara <strong>los distintos aspectos de la actividad empresarial<\/strong> en los que la \u00e9tica resulta determinante. El objetivo era proponer v\u00edas que permitir\u00edan a las empresas discernir c\u00f3mo podr\u00edan fortalecer su desempe\u00f1o \u00e9tico. <\/p>\n\n\n\n<p>Las sesiones mensuales permitieron delimitar los elementos y la estructura base de la herramienta, contrastar la pertinencia y utilidad de los elementos establecidos y reflexionar sobre los sistemas de gesti\u00f3n empresarial, palancas y momentos clave que permiten o dificultan <strong>la permeabilidad de la \u00e9tica en la gesti\u00f3n <\/strong>de la organizaci\u00f3n.<\/p>\n\n\n\n<h2 class=\"wp-block-heading\">Marco de referencia<\/h2>\n\n\n\n<p>La labor realizada durante el curso ha dado como resultado una herramienta para la integraci\u00f3n de la gesti\u00f3n \u00e9tica en la empresa que, sin duda, supone un <strong>avance significativo<\/strong> en relaci\u00f3n a los objetivos que persigue Directica.<\/p>\n\n\n\n<p>Esta herramienta se compone de <strong>un marco de referencia <\/strong>y de una gu\u00eda para la integraci\u00f3n de la \u00e9tica en la gesti\u00f3n. Contempla <strong>los elementos de gesti\u00f3n claves<\/strong> para promover comportamientos \u00e9ticos en las organizaciones. Estos son la misi\u00f3n y el prop\u00f3sito; la cultura y los valores; la gobernanza; la gesti\u00f3n de personas (liderazgo, estructura, autonom\u00eda, procesos de vida laboral, \u00e1mbitos de desarrollo personal, toma de decisiones), y la medici\u00f3n, evaluaci\u00f3n y el contraste para la rendici\u00f3n de cuentas de la empresa. <\/p>\n\n\n\n<h2 class=\"wp-block-heading\">Directica: cierre de curso <\/h2>\n\n\n\n<p>En cada elemento se proponen una serie de <strong>cuestionamientos \u00e9ticos<\/strong> que permitir\u00e1n a la empresa reflexionar y descubrir v\u00edas en las que basarse para asegurar la incorporaci\u00f3n de la perspectiva \u00e9tica como eje transversal de su gesti\u00f3n. <\/p>\n\n\n\n<p>Directica cerr\u00f3 el curso el pasado 18 de junio con una reflexi\u00f3n sobre la aplicaci\u00f3n de esta herramienta, su utilizaci\u00f3n en empresas y situaciones reales. Los resultados de su aplicaci\u00f3n permitir\u00e1n terminar una herramienta que, consideramos, puede ser <strong>un apoyo fundamental<\/strong> para todas aquellas empresas que persiguen orientarse \u00e9ticamente.<\/p>\n","protected":false},"excerpt":{"rendered":"<p>La comunidad de aprendizaje Directica se caracteriza por la construcci\u00f3n colaborativa de contenidos y productos entre los directivos y acad\u00e9micos que la integran. En este curso, la comunidad de aprendizaje del Centro de \u00c9tica Aplicada de la Universidad de Deusto asumi\u00f3 el reto de desarrollar contenidos para favorecer la integraci\u00f3n de la \u00e9tica en la [&hellip;]<\/p>\n","protected":false},"author":449,"featured_media":760,"comment_status":"open","ping_status":"open","sticky":false,"template":"","format":"standard","meta":{"footnotes":""},"categories":[2],"tags":[46,82],"coauthors":[135],"class_list":["post-748","post","type-post","status-publish","format-standard","has-post-thumbnail","hentry","category-actualidad","tag-directica","tag-etica-empresarial"],"yoast_head":"<!-- This site is optimized with the Yoast SEO plugin v27.4 - https:\/\/yoast.com\/product\/yoast-seo-wordpress\/ -->\n<title>Directica crea una herramienta para fortalecer la \u00e9tica empresarial<\/title>\n<meta name=\"description\" content=\"La comunidad de aprendizaje Directica identifica los distintos aspectos de la actividad empresarial en los que la \u00e9tica es clave.\" \/>\n<meta name=\"robots\" content=\"index, follow, max-snippet:-1, max-image-preview:large, max-video-preview:-1\" \/>\n<link rel=\"canonical\" href=\"https:\/\/blogs.deusto.es\/ethics\/directica-gestion-etica\/\" \/>\n<meta property=\"og:locale\" content=\"es_ES\" \/>\n<meta property=\"og:type\" content=\"article\" \/>\n<meta property=\"og:title\" content=\"Directica crea una herramienta para fortalecer la \u00e9tica empresarial\" \/>\n<meta property=\"og:description\" content=\"La comunidad de aprendizaje Directica identifica los distintos aspectos de la actividad empresarial en los que la \u00e9tica es clave.\" \/>\n<meta property=\"og:url\" content=\"https:\/\/blogs.deusto.es\/ethics\/directica-gestion-etica\/\" \/>\n<meta property=\"og:site_name\" content=\"Centro de \u00c9tica Aplicada\" \/>\n<meta property=\"article:published_time\" content=\"2019-06-27T07:54:06+00:00\" \/>\n<meta property=\"article:modified_time\" content=\"2021-07-22T12:44:15+00:00\" \/>\n<meta property=\"og:image\" content=\"https:\/\/blogs.deusto.es\/alumni\/wp-content\/uploads\/sites\/44\/2019\/06\/directica-5.jpg\" \/>\n\t<meta property=\"og:image:width\" content=\"678\" \/>\n\t<meta property=\"og:image:height\" content=\"381\" \/>\n\t<meta property=\"og:image:type\" content=\"image\/jpeg\" \/>\n<meta name=\"author\" content=\"CEA\" \/>\n<meta name=\"twitter:card\" content=\"summary_large_image\" \/>\n<meta name=\"twitter:label1\" content=\"Escrito por\" \/>\n\t<meta name=\"twitter:data1\" content=\"CEA\" \/>\n\t<meta name=\"twitter:label2\" content=\"Tiempo de lectura\" \/>\n\t<meta name=\"twitter:data2\" content=\"2 minutos\" \/>\n\t<meta name=\"twitter:label3\" content=\"Written by\" \/>\n\t<meta name=\"twitter:data3\" content=\"CEA\" \/>\n<script type=\"application\/ld+json\" class=\"yoast-schema-graph\">{\"@context\":\"https:\\\/\\\/schema.org\",\"@graph\":[{\"@type\":\"Article\",\"@id\":\"https:\\\/\\\/blogs.deusto.es\\\/ethics\\\/directica-gestion-etica\\\/#article\",\"isPartOf\":{\"@id\":\"https:\\\/\\\/blogs.deusto.es\\\/ethics\\\/directica-gestion-etica\\\/\"},\"author\":{\"name\":\"CEA\",\"@id\":\"https:\\\/\\\/blogs.deusto.es\\\/ethics\\\/#\\\/schema\\\/person\\\/b1a9448d0ef6db39cc4472ddfe96c843\"},\"headline\":\"Directica desarrolla una herramienta para la gesti\u00f3n \u00e9tica de las empresas\",\"datePublished\":\"2019-06-27T07:54:06+00:00\",\"dateModified\":\"2021-07-22T12:44:15+00:00\",\"mainEntityOfPage\":{\"@id\":\"https:\\\/\\\/blogs.deusto.es\\\/ethics\\\/directica-gestion-etica\\\/\"},\"wordCount\":412,\"commentCount\":0,\"publisher\":{\"@id\":\"https:\\\/\\\/blogs.deusto.es\\\/ethics\\\/#organization\"},\"image\":{\"@id\":\"https:\\\/\\\/blogs.deusto.es\\\/ethics\\\/directica-gestion-etica\\\/#primaryimage\"},\"thumbnailUrl\":\"https:\\\/\\\/blogs.deusto.es\\\/wp-content\\\/uploads\\\/sites\\\/44\\\/2019\\\/06\\\/directica-5.jpg\",\"keywords\":[\"DIRECTICA\",\"\u00c9tica empresarial\"],\"articleSection\":[\"Actualidad\"],\"inLanguage\":\"es\",\"potentialAction\":[{\"@type\":\"CommentAction\",\"name\":\"Comment\",\"target\":[\"https:\\\/\\\/blogs.deusto.es\\\/ethics\\\/directica-gestion-etica\\\/#respond\"]}]},{\"@type\":\"WebPage\",\"@id\":\"https:\\\/\\\/blogs.deusto.es\\\/ethics\\\/directica-gestion-etica\\\/\",\"url\":\"https:\\\/\\\/blogs.deusto.es\\\/ethics\\\/directica-gestion-etica\\\/\",\"name\":\"Directica crea una herramienta para fortalecer la \u00e9tica empresarial\",\"isPartOf\":{\"@id\":\"https:\\\/\\\/blogs.deusto.es\\\/ethics\\\/#website\"},\"primaryImageOfPage\":{\"@id\":\"https:\\\/\\\/blogs.deusto.es\\\/ethics\\\/directica-gestion-etica\\\/#primaryimage\"},\"image\":{\"@id\":\"https:\\\/\\\/blogs.deusto.es\\\/ethics\\\/directica-gestion-etica\\\/#primaryimage\"},\"thumbnailUrl\":\"https:\\\/\\\/blogs.deusto.es\\\/wp-content\\\/uploads\\\/sites\\\/44\\\/2019\\\/06\\\/directica-5.jpg\",\"datePublished\":\"2019-06-27T07:54:06+00:00\",\"dateModified\":\"2021-07-22T12:44:15+00:00\",\"description\":\"La comunidad de aprendizaje Directica identifica los distintos aspectos de la actividad empresarial en los que la \u00e9tica es clave.\",\"inLanguage\":\"es\",\"potentialAction\":[{\"@type\":\"ReadAction\",\"target\":[\"https:\\\/\\\/blogs.deusto.es\\\/ethics\\\/directica-gestion-etica\\\/\"]}]},{\"@type\":\"ImageObject\",\"inLanguage\":\"es\",\"@id\":\"https:\\\/\\\/blogs.deusto.es\\\/ethics\\\/directica-gestion-etica\\\/#primaryimage\",\"url\":\"https:\\\/\\\/blogs.deusto.es\\\/wp-content\\\/uploads\\\/sites\\\/44\\\/2019\\\/06\\\/directica-5.jpg\",\"contentUrl\":\"https:\\\/\\\/blogs.deusto.es\\\/wp-content\\\/uploads\\\/sites\\\/44\\\/2019\\\/06\\\/directica-5.jpg\",\"width\":678,\"height\":381,\"caption\":\"Reuni\u00f3n de Directica\"},{\"@type\":\"WebSite\",\"@id\":\"https:\\\/\\\/blogs.deusto.es\\\/ethics\\\/#website\",\"url\":\"https:\\\/\\\/blogs.deusto.es\\\/ethics\\\/\",\"name\":\"Centro de \u00c9tica Aplicada\",\"description\":\"Informaci\u00f3n y opini\u00f3n del Centro de \u00c9tica Aplicada de la Universidad de Deusto\",\"publisher\":{\"@id\":\"https:\\\/\\\/blogs.deusto.es\\\/ethics\\\/#organization\"},\"potentialAction\":[{\"@type\":\"SearchAction\",\"target\":{\"@type\":\"EntryPoint\",\"urlTemplate\":\"https:\\\/\\\/blogs.deusto.es\\\/ethics\\\/?s={search_term_string}\"},\"query-input\":{\"@type\":\"PropertyValueSpecification\",\"valueRequired\":true,\"valueName\":\"search_term_string\"}}],\"inLanguage\":\"es\"},{\"@type\":\"Organization\",\"@id\":\"https:\\\/\\\/blogs.deusto.es\\\/ethics\\\/#organization\",\"name\":\"Centro de \u00c9tica Aplicada\",\"url\":\"https:\\\/\\\/blogs.deusto.es\\\/ethics\\\/\",\"logo\":{\"@type\":\"ImageObject\",\"inLanguage\":\"es\",\"@id\":\"https:\\\/\\\/blogs.deusto.es\\\/ethics\\\/#\\\/schema\\\/logo\\\/image\\\/\",\"url\":\"https:\\\/\\\/blogs.deusto.es\\\/wp-content\\\/uploads\\\/sites\\\/44\\\/2020\\\/01\\\/Logo-Deusto-CEA.png\",\"contentUrl\":\"https:\\\/\\\/blogs.deusto.es\\\/wp-content\\\/uploads\\\/sites\\\/44\\\/2020\\\/01\\\/Logo-Deusto-CEA.png\",\"width\":215,\"height\":106,\"caption\":\"Centro de \u00c9tica Aplicada\"},\"image\":{\"@id\":\"https:\\\/\\\/blogs.deusto.es\\\/ethics\\\/#\\\/schema\\\/logo\\\/image\\\/\"}},{\"@type\":\"Person\",\"@id\":\"https:\\\/\\\/blogs.deusto.es\\\/ethics\\\/#\\\/schema\\\/person\\\/b1a9448d0ef6db39cc4472ddfe96c843\",\"name\":\"CEA\",\"image\":{\"@type\":\"ImageObject\",\"inLanguage\":\"es\",\"@id\":\"https:\\\/\\\/secure.gravatar.com\\\/avatar\\\/3a73b71380816da7da0097a79b12f3638896ea2e71eb1e96074cc053ea2027f0?s=96&d=retro&r=ge83b219abcf5f877b5f5a8581676fae7\",\"url\":\"https:\\\/\\\/secure.gravatar.com\\\/avatar\\\/3a73b71380816da7da0097a79b12f3638896ea2e71eb1e96074cc053ea2027f0?s=96&d=retro&r=g\",\"contentUrl\":\"https:\\\/\\\/secure.gravatar.com\\\/avatar\\\/3a73b71380816da7da0097a79b12f3638896ea2e71eb1e96074cc053ea2027f0?s=96&d=retro&r=g\",\"caption\":\"CEA\"},\"url\":\"https:\\\/\\\/blogs.deusto.es\\\/ethics\\\/author\\\/cea\\\/\"}]}<\/script>\n<!-- \/ Yoast SEO plugin. -->","yoast_head_json":{"title":"Directica crea una herramienta para fortalecer la \u00e9tica empresarial","description":"La comunidad de aprendizaje Directica identifica los distintos aspectos de la actividad empresarial en los que la \u00e9tica es clave.","robots":{"index":"index","follow":"follow","max-snippet":"max-snippet:-1","max-image-preview":"max-image-preview:large","max-video-preview":"max-video-preview:-1"},"canonical":"https:\/\/blogs.deusto.es\/ethics\/directica-gestion-etica\/","og_locale":"es_ES","og_type":"article","og_title":"Directica crea una herramienta para fortalecer la \u00e9tica empresarial","og_description":"La comunidad de aprendizaje Directica identifica los distintos aspectos de la actividad empresarial en los que la \u00e9tica es clave.","og_url":"https:\/\/blogs.deusto.es\/ethics\/directica-gestion-etica\/","og_site_name":"Centro de \u00c9tica Aplicada","article_published_time":"2019-06-27T07:54:06+00:00","article_modified_time":"2021-07-22T12:44:15+00:00","og_image":[{"width":678,"height":381,"url":"https:\/\/blogs.deusto.es\/alumni\/wp-content\/uploads\/sites\/44\/2019\/06\/directica-5.jpg","type":"image\/jpeg"}],"author":"CEA","twitter_card":"summary_large_image","twitter_misc":{"Escrito por":"CEA","Tiempo de lectura":"2 minutos","Written by":"CEA"},"schema":{"@context":"https:\/\/schema.org","@graph":[{"@type":"Article","@id":"https:\/\/blogs.deusto.es\/ethics\/directica-gestion-etica\/#article","isPartOf":{"@id":"https:\/\/blogs.deusto.es\/ethics\/directica-gestion-etica\/"},"author":{"name":"CEA","@id":"https:\/\/blogs.deusto.es\/ethics\/#\/schema\/person\/b1a9448d0ef6db39cc4472ddfe96c843"},"headline":"Directica desarrolla una herramienta para la gesti\u00f3n \u00e9tica de las empresas","datePublished":"2019-06-27T07:54:06+00:00","dateModified":"2021-07-22T12:44:15+00:00","mainEntityOfPage":{"@id":"https:\/\/blogs.deusto.es\/ethics\/directica-gestion-etica\/"},"wordCount":412,"commentCount":0,"publisher":{"@id":"https:\/\/blogs.deusto.es\/ethics\/#organization"},"image":{"@id":"https:\/\/blogs.deusto.es\/ethics\/directica-gestion-etica\/#primaryimage"},"thumbnailUrl":"https:\/\/blogs.deusto.es\/wp-content\/uploads\/sites\/44\/2019\/06\/directica-5.jpg","keywords":["DIRECTICA","\u00c9tica empresarial"],"articleSection":["Actualidad"],"inLanguage":"es","potentialAction":[{"@type":"CommentAction","name":"Comment","target":["https:\/\/blogs.deusto.es\/ethics\/directica-gestion-etica\/#respond"]}]},{"@type":"WebPage","@id":"https:\/\/blogs.deusto.es\/ethics\/directica-gestion-etica\/","url":"https:\/\/blogs.deusto.es\/ethics\/directica-gestion-etica\/","name":"Directica crea una herramienta para fortalecer la \u00e9tica empresarial","isPartOf":{"@id":"https:\/\/blogs.deusto.es\/ethics\/#website"},"primaryImageOfPage":{"@id":"https:\/\/blogs.deusto.es\/ethics\/directica-gestion-etica\/#primaryimage"},"image":{"@id":"https:\/\/blogs.deusto.es\/ethics\/directica-gestion-etica\/#primaryimage"},"thumbnailUrl":"https:\/\/blogs.deusto.es\/wp-content\/uploads\/sites\/44\/2019\/06\/directica-5.jpg","datePublished":"2019-06-27T07:54:06+00:00","dateModified":"2021-07-22T12:44:15+00:00","description":"La comunidad de aprendizaje Directica identifica los distintos aspectos de la actividad empresarial en los que la \u00e9tica es clave.","inLanguage":"es","potentialAction":[{"@type":"ReadAction","target":["https:\/\/blogs.deusto.es\/ethics\/directica-gestion-etica\/"]}]},{"@type":"ImageObject","inLanguage":"es","@id":"https:\/\/blogs.deusto.es\/ethics\/directica-gestion-etica\/#primaryimage","url":"https:\/\/blogs.deusto.es\/wp-content\/uploads\/sites\/44\/2019\/06\/directica-5.jpg","contentUrl":"https:\/\/blogs.deusto.es\/wp-content\/uploads\/sites\/44\/2019\/06\/directica-5.jpg","width":678,"height":381,"caption":"Reuni\u00f3n de Directica"},{"@type":"WebSite","@id":"https:\/\/blogs.deusto.es\/ethics\/#website","url":"https:\/\/blogs.deusto.es\/ethics\/","name":"Centro de \u00c9tica Aplicada","description":"Informaci\u00f3n y opini\u00f3n del Centro de \u00c9tica Aplicada de la Universidad de Deusto","publisher":{"@id":"https:\/\/blogs.deusto.es\/ethics\/#organization"},"potentialAction":[{"@type":"SearchAction","target":{"@type":"EntryPoint","urlTemplate":"https:\/\/blogs.deusto.es\/ethics\/?s={search_term_string}"},"query-input":{"@type":"PropertyValueSpecification","valueRequired":true,"valueName":"search_term_string"}}],"inLanguage":"es"},{"@type":"Organization","@id":"https:\/\/blogs.deusto.es\/ethics\/#organization","name":"Centro de \u00c9tica Aplicada","url":"https:\/\/blogs.deusto.es\/ethics\/","logo":{"@type":"ImageObject","inLanguage":"es","@id":"https:\/\/blogs.deusto.es\/ethics\/#\/schema\/logo\/image\/","url":"https:\/\/blogs.deusto.es\/wp-content\/uploads\/sites\/44\/2020\/01\/Logo-Deusto-CEA.png","contentUrl":"https:\/\/blogs.deusto.es\/wp-content\/uploads\/sites\/44\/2020\/01\/Logo-Deusto-CEA.png","width":215,"height":106,"caption":"Centro de \u00c9tica Aplicada"},"image":{"@id":"https:\/\/blogs.deusto.es\/ethics\/#\/schema\/logo\/image\/"}},{"@type":"Person","@id":"https:\/\/blogs.deusto.es\/ethics\/#\/schema\/person\/b1a9448d0ef6db39cc4472ddfe96c843","name":"CEA","image":{"@type":"ImageObject","inLanguage":"es","@id":"https:\/\/secure.gravatar.com\/avatar\/3a73b71380816da7da0097a79b12f3638896ea2e71eb1e96074cc053ea2027f0?s=96&d=retro&r=ge83b219abcf5f877b5f5a8581676fae7","url":"https:\/\/secure.gravatar.com\/avatar\/3a73b71380816da7da0097a79b12f3638896ea2e71eb1e96074cc053ea2027f0?s=96&d=retro&r=g","contentUrl":"https:\/\/secure.gravatar.com\/avatar\/3a73b71380816da7da0097a79b12f3638896ea2e71eb1e96074cc053ea2027f0?s=96&d=retro&r=g","caption":"CEA"},"url":"https:\/\/blogs.deusto.es\/ethics\/author\/cea\/"}]}},"_links":{"self":[{"href":"https:\/\/blogs.deusto.es\/ethics\/wp-json\/wp\/v2\/posts\/748","targetHints":{"allow":["GET"]}}],"collection":[{"href":"https:\/\/blogs.deusto.es\/ethics\/wp-json\/wp\/v2\/posts"}],"about":[{"href":"https:\/\/blogs.deusto.es\/ethics\/wp-json\/wp\/v2\/types\/post"}],"author":[{"embeddable":true,"href":"https:\/\/blogs.deusto.es\/ethics\/wp-json\/wp\/v2\/users\/449"}],"replies":[{"embeddable":true,"href":"https:\/\/blogs.deusto.es\/ethics\/wp-json\/wp\/v2\/comments?post=748"}],"version-history":[{"count":9,"href":"https:\/\/blogs.deusto.es\/ethics\/wp-json\/wp\/v2\/posts\/748\/revisions"}],"predecessor-version":[{"id":5456,"href":"https:\/\/blogs.deusto.es\/ethics\/wp-json\/wp\/v2\/posts\/748\/revisions\/5456"}],"wp:featuredmedia":[{"embeddable":true,"href":"https:\/\/blogs.deusto.es\/ethics\/wp-json\/wp\/v2\/media\/760"}],"wp:attachment":[{"href":"https:\/\/blogs.deusto.es\/ethics\/wp-json\/wp\/v2\/media?parent=748"}],"wp:term":[{"taxonomy":"category","embeddable":true,"href":"https:\/\/blogs.deusto.es\/ethics\/wp-json\/wp\/v2\/categories?post=748"},{"taxonomy":"post_tag","embeddable":true,"href":"https:\/\/blogs.deusto.es\/ethics\/wp-json\/wp\/v2\/tags?post=748"},{"taxonomy":"author","embeddable":true,"href":"https:\/\/blogs.deusto.es\/ethics\/wp-json\/wp\/v2\/coauthors?post=748"}],"curies":[{"name":"wp","href":"https:\/\/api.w.org\/{rel}","templated":true}]}}