{"id":10459,"date":"2020-02-20T10:00:07","date_gmt":"2020-02-20T09:00:07","guid":{"rendered":"https:\/\/preblogs.deusto.es\/iedeusto\/?p=10459"},"modified":"2020-02-19T10:09:09","modified_gmt":"2020-02-19T09:09:09","slug":"voy-a-ir-y-lo-voy-a-conseguir","status":"publish","type":"post","link":"https:\/\/blogs.deusto.es\/iedeusto\/voy-a-ir-y-lo-voy-a-conseguir\/","title":{"rendered":"\u201cVoy a ir y lo voy a conseguir\u201d"},"content":{"rendered":"\n<div class=\"wp-block-image\"><figure class=\"alignright\"><img decoding=\"async\" width=\"190\" height=\"261\" src=\"https:\/\/blogs.deusto.es\/iedeusto\/wp-content\/uploads\/sites\/27\/2020\/02\/Captura-de-pantalla-2020-02-06-a-las-10.17.38.png\" alt=\"\" class=\"wp-image-10472\" \/><\/figure><\/div>\n\n\n\n<p>Ya son casi cuatro a\u00f1os desde que <a href=\"https:\/\/www.linkedin.com\/in\/enekobastarrika\/\"><strong>Eneko Bastarrika<\/strong><\/a> decidi\u00f3 fundar la empresa<a href=\"http:\/\/tiofuleko.com\/\"> <\/a><strong><a href=\"http:\/\/tiofuleko.com\/\">T\u00edo<br> Fuleko Creative Solutions<\/a>.<\/strong> Este <em>startup<\/em> se define como una boutique creativa con<br> gesti\u00f3n integral de la comunicaci\u00f3n y marketing de una empresa. <a href=\"http:\/\/tiofuleko.com\/\"><strong>T\u00edo Fuleko<\/strong><\/a> ofrece<br> soluciones completas de comunicaci\u00f3n, marketing, estrategia, branding, dise\u00f1o y<br>creaci\u00f3n de webs adem\u00e1s de traducir contenido euskera-castellano y castellano-euskera. <a href=\"https:\/\/www.linkedin.com\/in\/enekobastarrika\/\">Eneko<\/a> ofrece soluciones a distintos problemas que le trasladan sus clientes partiendo de encontrar una soluci\u00f3n creativa, siempre dando un giro de tuerca a las cosas y procesos convencionales. Adem\u00e1s, <a href=\"https:\/\/www.linkedin.com\/in\/enekobastarrika\/\">Eneko<\/a> intenta que la soluci\u00f3n sea beneficiosa y duradera para el cliente a corto y a largo plazo. <\/p>\n\n\n\n<p>El nombre de este startup es un tanto curioso.<a href=\"http:\/\/tiofuleko.com\/\"> <\/a>Fuleko fue la mascota oficial de la Copa Mundial de la FIFA Brasil 2014. Es un armadillo de la especie Tolypeutes tricinctus (armadillo de tres bandas brasile\u00f1o), seg\u00fan su nombre cient\u00edfico, y su nombre une las palabras F\u00fatbol (Ful) y Ecolog\u00eda (Eco). <a href=\"https:\/\/www.linkedin.com\/in\/enekobastarrika\/\">Eneko<\/a> decidi\u00f3 reemplazar la C por la K con el fin de simbolizar sus ra\u00edces y or\u00edgenes. El fundador fue gestando la idea de abrir su nuevo negocio el \u00faltimo a\u00f1o en el que estuvo trabajando por cuenta ajena. En este periodo, mucha gente le anim\u00f3 a abrir su propio negocio, ya que al realizar peque\u00f1os trabajos para las personas de su entorno, la gente cercana y no tan cercana, se dio cuenta de las habilidades y proezas que posee <a href=\"https:\/\/www.linkedin.com\/in\/enekobastarrika\/\">Eneko<\/a>. Desde el primer momento, <a href=\"https:\/\/www.linkedin.com\/in\/enekobastarrika\/\">Eneko<\/a> fue consciente de que emprender en dicho mercado no iba a ser una tarea f\u00e1cil. El mercado en que quer\u00eda desarrollar su actividad estaba ocupado por pocas grandes empresas que copaban casi la totalidad del mercado, adem\u00e1s de muchas peque\u00f1as y medianas, y como \u00e9l dir\u00eda, \u201cpara nosotros solo quedan migajas\u201d. <a href=\"http:\/\/tiofuleko.com\/\">T\u00edo Fuleko<\/a> se dirige principalmente a peque\u00f1as y medianas empresas. Especialmente aquellas que no le han dado importancia o no han priorizado sus \u00e1reas de marketing y comunicaci\u00f3n, ya que en muchos casos son aut\u00f3nomos que desconocen dichas \u00e1reas de conocimiento y no reflexionan acerca del valor de su marca o imagen.<\/p>\n\n\n\n<figure class=\"wp-block-image\"><img fetchpriority=\"high\" decoding=\"async\" width=\"1024\" height=\"404\" src=\"https:\/\/blogs.deusto.es\/iedeusto\/wp-content\/uploads\/sites\/27\/2020\/02\/Captura-de-pantalla-2020-02-06-a-las-10.17.28-1024x404.png\" alt=\"\" class=\"wp-image-10473\" srcset=\"https:\/\/blogs.deusto.es\/wp-content\/uploads\/sites\/27\/2020\/02\/Captura-de-pantalla-2020-02-06-a-las-10.17.28-1024x404.png 1024w, https:\/\/blogs.deusto.es\/wp-content\/uploads\/sites\/27\/2020\/02\/Captura-de-pantalla-2020-02-06-a-las-10.17.28-300x118.png 300w, https:\/\/blogs.deusto.es\/wp-content\/uploads\/sites\/27\/2020\/02\/Captura-de-pantalla-2020-02-06-a-las-10.17.28-768x303.png 768w, https:\/\/blogs.deusto.es\/wp-content\/uploads\/sites\/27\/2020\/02\/Captura-de-pantalla-2020-02-06-a-las-10.17.28.png 1311w\" sizes=\"(max-width: 1024px) 100vw, 1024px\" \/><\/figure>\n\n\n\n<p><strong>En tus redes sociales te defines como una persona que quiere ir aprendiendo nuevas experiencias y continuar creciendo a nivel personal y profesional \u00bfC\u00f3mo satisfaces esas necesidades o ambiciones de aprendizaje?\u00bfEs suficiente con el d\u00eda a d\u00eda?<\/strong><\/p>\n\n\n\n<p>Principalmente s\u00ed. Los suelo satisfacer con los distintos retos diarios que me trasmiten mis clientes. En mi trabajo, debo de ser creativo a diario y, por lo tanto, esto conlleva<br>informarte de las tendencias, visitar distintas webs, ver y escuchar contenido audiovisual, realizar benchmarking, etc. Sin darme cuenta, aprendo con los proyectos que realizo. Es un autoaprendizaje constante. Adem\u00e1s, no s\u00f3lo aprendo de las<br>actividades y acciones que realizo, ya que tanto los clientes y proveedores me hacen<br>aprender. <\/p>\n\n\n\n<p><strong>Siempre hay alguna caracter\u00edstica que hace pensar que va a&nbsp;ser un proyecto<br>exitoso. \u00bfCu\u00e1l ha sido en el caso de T\u00edo Fuleko?<\/strong><\/p>\n\n\n\n<p>El obst\u00e1culo m\u00e1s grande con el que me he encontrado ha sido el mismo mercado. Es un mercado en el que existe una competencia feroz. Al mismo tiempo, eres consciente de que no podr\u00e1s llegar a ofrecer tus servicios a algunas empresas a pesar de que tus servicios sean id\u00e9nticos o mejores que los que ofrece tu competencia. Adem\u00e1s, es un mercado bastante fidelizado, es decir, los clientes suelen acudir casi siempre al mismo proveedor del servicio, por lo que es muy dif\u00edcil crear nuevas conexiones y relaciones proveedor-cliente. Es un mercado en el que hay una lucha continua.<\/p>\n\n\n\n<p>Para empezar, dir\u00eda que la constancia y la perseverancia han sido puntos necesarios,<br>pero en ning\u00fan caso lo habr\u00eda logrado sin la confianza que han mantenido y depositado en m\u00ed mis clientes. Adem\u00e1s, en mi caso, el boca a boca ha sido muy importante y positivo. Si el cliente se queda satisfecho con el servicio recibido, me recomienda a un tercero, y este seguramente terminar\u00e1 acudiendo a mis servicios. Por otro lado, creo que<br>el cliente ha entendido que el servicio que he ofrecido ha sido de calidad, por lo que me ha ayudado a diferenciarme de las otras empresas que compiten en el mismo mercado que <a href=\"http:\/\/tiofuleko.com\/\"><strong>T\u00edo Fuleko.<\/strong><\/a><\/p>\n\n\n\n<p><strong>\u00bfCu\u00e1les han sido los obst\u00e1culos que te has encontrado por el camino?<\/strong><\/p>\n\n\n\n<figure class=\"wp-block-image\"><img decoding=\"async\" width=\"1024\" height=\"374\" src=\"https:\/\/blogs.deusto.es\/iedeusto\/wp-content\/uploads\/sites\/27\/2020\/02\/Captura-de-pantalla-2020-02-06-a-las-10.18.10-1024x374.png\" alt=\"\" class=\"wp-image-10471\" srcset=\"https:\/\/blogs.deusto.es\/wp-content\/uploads\/sites\/27\/2020\/02\/Captura-de-pantalla-2020-02-06-a-las-10.18.10-1024x374.png 1024w, https:\/\/blogs.deusto.es\/wp-content\/uploads\/sites\/27\/2020\/02\/Captura-de-pantalla-2020-02-06-a-las-10.18.10-300x110.png 300w, https:\/\/blogs.deusto.es\/wp-content\/uploads\/sites\/27\/2020\/02\/Captura-de-pantalla-2020-02-06-a-las-10.18.10-768x281.png 768w, https:\/\/blogs.deusto.es\/wp-content\/uploads\/sites\/27\/2020\/02\/Captura-de-pantalla-2020-02-06-a-las-10.18.10.png 1411w\" sizes=\"(max-width: 1024px) 100vw, 1024px\" \/><\/figure>\n\n\n\n<p><strong><em>Has estado durante m\u00e1s de un a\u00f1o en la incubadora de emprendedores de la<br><a href=\"https:\/\/www.deusto.es\/cs\/Satellite\/deusto\/es\/universidad-deusto\">Universidad de Deusto<\/a> \u00bfen qu\u00e9 te ha podido ayudar? \u00bfEl coworking en la incubadora ha tenido efectos positivos en tu proyecto? <\/em><\/strong><\/p>\n\n\n\n<p>Sobre todo en dos aspectos: estabilidad y nuevos contactos. La <strong><a href=\"https:\/\/www.deusto.es\/cs\/Satellite\/deusto\/es\/universidad-deusto\">universidad de Deusto<\/a><\/strong><br> y en especial <a href=\"https:\/\/www.deusto.es\/cs\/Satellite\/deusto\/es\/emprendimiento-0\">Innogune<\/a> han sido un sitio adonde acudir y sentirte seguro. Estudi\u00e9 en esta misma universidad y conozco a mucha gente que trabaja y pertenece a la instituci\u00f3n, empezando desde docentes e investigadores, hasta personal de administraci\u00f3n y trabajadores de mantenimiento. Esto crea un ambiente y entorno estable, pero al mismo tiempo eres consciente de que debes salir al mundo exterior a darte a conocer y a que los clientes potenciales te vean como un futuro proveedor.<\/p>\n\n\n\n<p><strong><em>\u00bfSiempre has tenido la ambici\u00f3n emprender o fue algo casual?<\/em><\/strong><\/p>\n\n\n\n<p>Cuando era joven y reci\u00e9n licenciado no me lo plante\u00e9 ni como opci\u00f3n, pero en mis \u00faltimos a\u00f1os de trabajado como director de marketing en un centro de idiomas muy famoso en Gipuzkoa y en mi experiencia como trabajador por cuenta ajena empec\u00e9 a<br>sentir una inquietud y deseo de crear una empresa propia y poder vivir de ello. <\/p>\n\n\n\n<p><strong><em>\u00bfEs dif\u00edcil emprender y crear un nuevo camino en un mercado tan desarrollado como al que pertenecen algunas ramas de tu negocio (traducci\u00f3n, organizaci\u00f3n de eventos, etc.) o debido a tu diferenciaci\u00f3n lo has tenido m\u00e1s f\u00e1cil?<\/em><\/strong><\/p>\n\n\n\n<div class=\"wp-block-image\"><figure class=\"alignright\"><img loading=\"lazy\" decoding=\"async\" width=\"348\" height=\"231\" src=\"https:\/\/blogs.deusto.es\/iedeusto\/wp-content\/uploads\/sites\/27\/2020\/02\/Captura-de-pantalla-2020-02-06-a-las-10.17.01.png\" alt=\"\" class=\"wp-image-10474\" srcset=\"https:\/\/blogs.deusto.es\/wp-content\/uploads\/sites\/27\/2020\/02\/Captura-de-pantalla-2020-02-06-a-las-10.17.01.png 348w, https:\/\/blogs.deusto.es\/wp-content\/uploads\/sites\/27\/2020\/02\/Captura-de-pantalla-2020-02-06-a-las-10.17.01-300x199.png 300w\" sizes=\"(max-width: 348px) 100vw, 348px\" \/><\/figure><\/div>\n\n\n\n<p>Esta es la eterna pregunta. Hay dos opciones: especializarse en un nicho de mercado en concreto o diversificar tus productos y\/o servicios para ofrecerlos a m\u00e1s de un segmento o mercado. He o\u00eddo repetidas veces que al introducirse en un nuevo mercado se debe empezar especializ\u00e1ndose en un nicho de mercado en concreto e ir diversificando el negocio al mismo tiempo de que este vaya creciendo. Al contrario, como creo que dijo S\u00f3crates, \u201cS\u00f3lo s\u00e9 que no se nada\u201d, o mejor dicho en mi caso, s\u00e9 de muchas \u00e1reas distintas, pero no domino a la perfecci\u00f3n ninguna de ellas. Por ello, en mi caso que he sido autodidacta en el \u00e1rea de creaci\u00f3n de dise\u00f1o de webs y en traducci\u00f3n, y por otro lado, debido a mi experiencia como director de marketing tengo conocimientos para realizar desde un plan estrat\u00e9gico hasta una nueva identidad corporativa, creo que esto me brinda un abanico o \u00e1rea de trabajo muy grande. Por ello, no le veo sentido a especializarme en un servicio o nicho en concreto, ya que en muchas ocasiones el mismo cliente necesita y me solicita m\u00e1s de uno de los servicios que ofrezco en un mismo proyecto. Por ejemplo, al crear y dise\u00f1ar una web es muy \u00fatil ofrecer servicio de traducci\u00f3n debido a la demanda de contenido en distintos idiomas.<\/p>\n\n\n\n<p><strong><em>Posees una gran experiencia en el \u00e1rea del marketing \u00bfLa experiencia o<br>conocimiento que has obtenido en estos trabajos te ha ayudado para dise\u00f1ar y<br>llevar adelante el proyecto de <a href=\"http:\/\/tiofuleko.com\/\">T\u00edo Fuleko?<\/a><\/em><\/strong><\/p>\n\n\n\n<p>Antes de empezar con el proyecto de <strong><a href=\"http:\/\/tiofuleko.com\/\">T\u00edo Fuleko,<\/a><\/strong> estuve trabajando como director de<br>marketing en un compa\u00f1\u00eda de centro de idiomas muy famoso en Gipuzkoa. Esta<br>experiencia me ha valido para ver desde el otro lado lo que soy ahora, es decir, los que antes eran mis proveedores ahora son mis competidores. En este puesto de trabajo pude observar como era este mercado antes de introducirme en \u00e9l. Adem\u00e1s, de manera<br>inconsciente fui adquiriendo informaci\u00f3n sobre c\u00f3mo diferenciarme, mejorar distintos aspectos o solucionar algunos errores en el servicio ofrecido que ve\u00eda en los que eran los proveedores de servicios en aquella \u00e9poca. Por otro lado, tambi\u00e9n estuve trabajando en una agencia de publicidad. En esta empresa pude aprender cu\u00e1l era la rutina diaria de una agencia.<br>Todas estas experiencias fueron muy ricas para crear conocimiento y necesarias a la hora de lanzarme a abrir mi propio negocio en el mercado. En primer lugar, realic\u00e9 una reflexi\u00f3n sobre si ser\u00eda capaz de llevar adelante mi proyecto y decid\u00ed tirar hacia adelante con ello. <\/p>\n\n\n\n<p><strong><em>En otro pa\u00eds el tejido empresarial con caracter\u00edsticas como las de tu empresa est\u00e1n m\u00e1s desarrollados. \u00bfCu\u00e1l o cu\u00e1les crees que pueden ser los motivos?<\/em><\/strong><\/p>\n\n\n\n<p>Desde mi punto de vista, dir\u00eda que es un tema o aspecto cultural. En otros pa\u00edses de nuestro entorno la cultura del emprendizaje est\u00e1 mucho m\u00e1s avanzada y arraigada. Un claro ejemplo de ello est\u00e1 en la edad media de emancipaci\u00f3n de los j\u00f3venes en otros pa\u00edses. Por ejemplo, en los pa\u00edses escandinavos la mayor\u00eda de los j\u00f3venes se van de casa al mismo tiempo que empiezan a cursar en la universidad, y la gran mayor\u00eda de ellos no vuelven a la casa de sus padres. Esto les ayuda a ser m\u00e1s independientes. Como dir\u00edamos en euskera, estos actos crean la filosof\u00eda de \u201ctxapela buruan eta ibili munduan\u201d. Esos j\u00f3venes se acostumbran a los cambios y a afrontar nuevos retos. En nuestro entorno en cambio, somos bastante reacios a ello, no nos gustan mucho los cambios. Si nuestra cultura se abriera m\u00e1s como en los pa\u00edses escandinavos, yo creo que otro gallo cantar\u00eda.<\/p>\n\n\n\n<p><strong><a href=\"http:\/\/tiofuleko.com\/\">Tio Fuleko <\/a>ofrece servicios relacionados, pero al mismo tiempo diversificado (estrategia, branding, web, traducciones, etc.). \u00bfTe consideras una persona multidisciplinar?<\/strong><\/p>\n\n\n\n<p>S\u00ed, creo que si no tuviera experiencia y conocimientos en distintas \u00e1reas no lo podr\u00eda hacer. Puedo ofrecer un servicio bastante integral, desde la creaci\u00f3n de un plan estrat\u00e9gico de marketing hasta la organizaci\u00f3n de un evento o el dise\u00f1o de un cartel, por lo que el abanico es bastante amplio. Adem\u00e1s de ello, <a href=\"http:\/\/tiofuleko.com\/\">T\u00edo Fuleko <\/a>dispone de colaboradores y profesionales. Por ejemplo, si un cliente necesita servicio de fotograf\u00eda, imprenta, m\u00fasica u otros<a href=\"http:\/\/tiofuleko.com\/\"> Tio Fuleko <\/a>le puede ofrecer uno de confianza y de calidad. Por lo tanto, si el cliente necesita un servicio espec\u00edfico que yo no le puedo ofrecer, le ofrezco al cliente el servicio de mis colaboradores y ser\u00e1 \u00e9l quien decida contratarlos o no.<\/p>\n\n\n\n<p><a href=\"http:\/\/tiofuleko.com\/\"><strong><em>Tio Fuleko<\/em><\/strong><\/a><strong><em> ha tenido grandes clientes como <\/em><\/strong><a href=\"https:\/\/donostiafestibala.com\/es\/\"><strong><em>Donostia Kutxa Kultur Festibala,<\/em><\/strong><\/a><strong><em><br><\/em><\/strong><a href=\"https:\/\/www.linkedin.com\/in\/aritzaranburu\/\"><strong><em>Aritz Aranburu<\/em><\/strong><\/a><strong><em>, <\/em><\/strong><a href=\"https:\/\/www.linkedin.com\/company\/emetel\/\"><strong><em>Emetel<\/em><\/strong><\/a><strong><em>, <\/em><\/strong><a href=\"https:\/\/www.linkedin.com\/company\/once\/\"><strong><em>ONCE<\/em><\/strong><\/a><strong><em>, <\/em><\/strong><a href=\"https:\/\/www.linkedin.com\/company\/repsol\/\"><strong><em>Repsol<\/em><\/strong><\/a><strong><em>, <\/em><\/strong><a href=\"https:\/\/www.linkedin.com\/company\/bancobankia\/\"><strong><em>Bankia<\/em><\/strong><\/a><strong><em>, <\/em><\/strong><a href=\"https:\/\/www.linkedin.com\/company\/elcorteingles\/\"><strong><em>El Corte Ingl\u00e9s<\/em><\/strong><\/a><strong><em>, <\/em><\/strong><a href=\"https:\/\/www.maxcenter.com\/\"><strong><em>Max Center<\/em><\/strong><\/a><strong><em>,<br><\/em><\/strong><a href=\"https:\/\/www.linkedin.com\/company\/manos-unidas\/about\/\"><strong><em>Manos Unidas<\/em><\/strong><\/a><strong><em>\u2026 y muchas m\u00e1s. \u00bfEs f\u00e1cil que una start-up como <\/em><\/strong><a href=\"http:\/\/tiofuleko.com\/\"><strong><em>T\u00edo Fuleko<\/em><\/strong><\/a><strong><em> inicie<br>relaciones comerciales-empresariales con gigantes y multinacionales?<\/em><\/strong><\/p>\n\n\n\n<p>En primer lugar, debo de explicar que con estos clientes he trabajado en traducciones<br>de sus campa\u00f1as de publicidad mediante una agencia de Madrid. No he trabajado<br>directamente con ellos. Si no fuese por esta agencia, ser\u00eda muy dif\u00edcil contactar y<br>trabajar con estas grandes empresas. Estas compa\u00f1\u00edas est\u00e1n acostumbradas a tratar y<br>relacionarse con empresas de su mismo tama\u00f1o, es decir, grandes corporaciones. Muy<br>pocas veces acuden a empresas peque\u00f1as y menos a aut\u00f3nomos como yo. Estas<br>empresas, adem\u00e1s, est\u00e1n acostumbrados a delegar sus demandas de servicios en otras<br>empresas externas y suelen ser bastante fieles a sus proveedores. Por ello, casi nunca o<br>rara vez una gran empresa como \u00e9stas delega la confianza en un <em>freelance<\/em> por una serie<br>de motivos. Desde el punto de vista de una empresa grande, nosotros no les podemos<br>ofrecer la seguridad, la confianza o el cach\u00e9 que pueden ofrecer algunas agencias de publicidad, aunque nuestra calidad sea igual o superior en algunos casos y seamos m\u00e1s r\u00e1pidos y \u00e1giles que ellos.<\/p>\n\n\n\n<p>Adem\u00e1s, aunque s\u00e9 que habr\u00e1 mucha gente que discrepe conmigo, hay bastante &#8216;postureo&#8217; en el sector. En muchos casos se paga por el nombre de la agencia de publicidad. Es verdad que las grandes agencias publicitarias poseen muy buena calidad debido a que atraen a talento, pero nosotros tambi\u00e9n podemos ofrecer esa calidad.<\/p>\n\n\n\n<p><strong><em><a href=\"http:\/\/tiofuleko.com\/\">T\u00edo Fuleko <\/a>adem\u00e1s de ser una empresa moderna a\u00f1ade conceptos innovadores<br>tanto en los dise\u00f1os web, estrategias, branding, etc. donde se debe ser distinto a los<br>competidores y crear una esencia personal de cada empresa \u00bfC\u00f3mo haces para<br>innovar cada d\u00eda y tener ideas frescas?<\/em><\/strong><\/p>\n\n\n\n<p>El concepto de la innovaci\u00f3n es muy amplio. Algunas veces parece que est\u00e1 muy<br>conectado con la tecnolog\u00eda o con volver a descubrir el fuego. Desde mi punto de vista,<br>la innovaci\u00f3n tambi\u00e9n recae en darle un giro de tuerca a las cosas ya existentes con el<br>objetivo de mejorarlas. En el d\u00eda a d\u00eda realizamos un mont\u00f3n de actividades<br>inconscientemente que se pueden mejorar si nos quedamos a pensar, cogemos<br>perspectiva y les damos un giro de tuerca.<\/p>\n\n\n\n<figure class=\"wp-block-image\"><img loading=\"lazy\" decoding=\"async\" width=\"1024\" height=\"373\" src=\"https:\/\/blogs.deusto.es\/iedeusto\/wp-content\/uploads\/sites\/27\/2020\/02\/Captura-de-pantalla-2020-02-06-a-las-10.18.22-1024x373.png\" alt=\"\" class=\"wp-image-10470\" srcset=\"https:\/\/blogs.deusto.es\/wp-content\/uploads\/sites\/27\/2020\/02\/Captura-de-pantalla-2020-02-06-a-las-10.18.22-1024x373.png 1024w, https:\/\/blogs.deusto.es\/wp-content\/uploads\/sites\/27\/2020\/02\/Captura-de-pantalla-2020-02-06-a-las-10.18.22-300x109.png 300w, https:\/\/blogs.deusto.es\/wp-content\/uploads\/sites\/27\/2020\/02\/Captura-de-pantalla-2020-02-06-a-las-10.18.22-768x280.png 768w, https:\/\/blogs.deusto.es\/wp-content\/uploads\/sites\/27\/2020\/02\/Captura-de-pantalla-2020-02-06-a-las-10.18.22.png 1413w\" sizes=\"(max-width: 1024px) 100vw, 1024px\" \/><\/figure>\n\n\n\n<p><strong><em>\u00bfSe necesita alguna cualidad espec\u00edfica para emprender?<\/em><\/strong><\/p>\n\n\n\n<p>Iniciativa y proactividad. Sin ese \u00edmpetu de seguir adelante con el proyecto, superar<br>los obst\u00e1culos y llevar una constancia diaria con el trabajo, yo creo que no es posible.<br>Una persona que est\u00e1 acostumbrada a estar en su zona de confort y es reacia a los<br>cambios, creo que no tiene un esp\u00edritu emprendedor. Adem\u00e1s, creo que hay que tener un car\u00e1cter de superarse a s\u00ed mismo y creer que puedes conseguir tus objetivos que te has establecido. En definitiva, para aprender tambi\u00e9n hay que tener proactividad, ese sentimiento de <strong>\u201cvoy a ir y lo voy a conseguir\u201d<\/strong>. Hay que decir tambi\u00e9n que es muy<br>dif\u00edcil. Es f\u00e1cil estarse tranquilo cuando tienes un sueldo fijo y trabajas por cuenta ajena,<br>pero cuando tienes que buscar t\u00fa solo el pan diario las cosas cambian mucho.<\/p>\n\n\n\n<p><strong><em>Por \u00faltimo \u00bf D\u00f3nde te gustar\u00eda ver tu proyecto en un periodo de 5 a\u00f1os?<\/em><\/strong><\/p>\n\n\n\n<p>Lo ideal ser\u00eda que pudiese contratar a personas y que <a href=\"http:\/\/tiofuleko.com\/\"><strong>T\u00edo Fuleko<\/strong><\/a> aumentase de tama\u00f1o y volumen de negocio. Creo que es muy bonito poder aportarle tambi\u00e9n a la sociedad.<br>Contratando una persona, puedes ayudar a esa persona, a su entorno y a la sociedad en general, ya que creas un salario, este salario crea consumo y al mismo tiempo pagas<br>impuestos. Por lo tanto, creando empleo ayudas a la sociedad y al entorno.<\/p>\n\n\n\n<figure class=\"wp-block-embed-twitter wp-block-embed is-type-rich is-provider-twitter\"><div class=\"wp-block-embed__wrapper\">\n<a class=\"twitter-timeline\" data-width=\"500\" data-height=\"750\" data-dnt=\"true\" href=\"https:\/\/twitter.com\/deustoEmprende?ref_src=twsrc%5Etfw\">Tweets by deustoEmprende<\/a><script async src=\"https:\/\/platform.twitter.com\/widgets.js\" charset=\"utf-8\"><\/script>\n<\/div><\/figure>\n\n\n\n<p><\/p>\n<p><span class='st_facebook_buttons' st_title='\u201cVoy a ir y lo voy a conseguir\u201d' st_url='https:\/\/blogs.deusto.es\/iedeusto\/voy-a-ir-y-lo-voy-a-conseguir\/' displayText='facebook'><\/span><span st_via='deustoDEC' st_username='deustoDEC' class='st_twitter_buttons' st_title='\u201cVoy a ir y lo voy a conseguir\u201d' st_url='https:\/\/blogs.deusto.es\/iedeusto\/voy-a-ir-y-lo-voy-a-conseguir\/' displayText='twitter'><\/span><span class='st_email_buttons' st_title='\u201cVoy a ir y lo voy a conseguir\u201d' st_url='https:\/\/blogs.deusto.es\/iedeusto\/voy-a-ir-y-lo-voy-a-conseguir\/' displayText='email'><\/span><span class='st_fblike_buttons' st_title='\u201cVoy a ir y lo voy a conseguir\u201d' st_url='https:\/\/blogs.deusto.es\/iedeusto\/voy-a-ir-y-lo-voy-a-conseguir\/' displayText='fblike'><\/span><span class='st_plusone_buttons' st_title='\u201cVoy a ir y lo voy a conseguir\u201d' st_url='https:\/\/blogs.deusto.es\/iedeusto\/voy-a-ir-y-lo-voy-a-conseguir\/' displayText='plusone'><\/span><span class='st_pinterest_buttons' st_title='\u201cVoy a ir y lo voy a conseguir\u201d' st_url='https:\/\/blogs.deusto.es\/iedeusto\/voy-a-ir-y-lo-voy-a-conseguir\/' displayText='pinterest'><\/span><span class='st_sharethis_buttons' st_title='\u201cVoy a ir y lo voy a conseguir\u201d' st_url='https:\/\/blogs.deusto.es\/iedeusto\/voy-a-ir-y-lo-voy-a-conseguir\/' displayText='sharethis'><\/span><\/p>","protected":false},"excerpt":{"rendered":"<p>Ya son casi cuatro a\u00f1os desde que Eneko Bastarrika decidi\u00f3 fundar la empresa T\u00edo Fuleko Creative Solutions. Este startup se define como una boutique creativa con gesti\u00f3n integral de la comunicaci\u00f3n y marketing de una empresa. T\u00edo Fuleko ofrece soluciones completas de comunicaci\u00f3n, marketing, estrategia, branding, dise\u00f1o ycreaci\u00f3n de webs adem\u00e1s de traducir contenido euskera-castellano [&hellip;]<\/p>\n<p><span class='st_facebook_buttons' st_title='\u201cVoy a ir y lo voy a conseguir\u201d' st_url='https:\/\/blogs.deusto.es\/iedeusto\/voy-a-ir-y-lo-voy-a-conseguir\/' displayText='facebook'><\/span><span st_via='deustoDEC' st_username='deustoDEC' class='st_twitter_buttons' st_title='\u201cVoy a ir y lo voy a conseguir\u201d' st_url='https:\/\/blogs.deusto.es\/iedeusto\/voy-a-ir-y-lo-voy-a-conseguir\/' displayText='twitter'><\/span><span class='st_email_buttons' st_title='\u201cVoy a ir y lo voy a conseguir\u201d' st_url='https:\/\/blogs.deusto.es\/iedeusto\/voy-a-ir-y-lo-voy-a-conseguir\/' displayText='email'><\/span><span class='st_fblike_buttons' st_title='\u201cVoy a ir y lo voy a conseguir\u201d' st_url='https:\/\/blogs.deusto.es\/iedeusto\/voy-a-ir-y-lo-voy-a-conseguir\/' displayText='fblike'><\/span><span class='st_plusone_buttons' st_title='\u201cVoy a ir y lo voy a conseguir\u201d' st_url='https:\/\/blogs.deusto.es\/iedeusto\/voy-a-ir-y-lo-voy-a-conseguir\/' displayText='plusone'><\/span><span class='st_pinterest_buttons' st_title='\u201cVoy a ir y lo voy a conseguir\u201d' st_url='https:\/\/blogs.deusto.es\/iedeusto\/voy-a-ir-y-lo-voy-a-conseguir\/' displayText='pinterest'><\/span><span class='st_sharethis_buttons' st_title='\u201cVoy a ir y lo voy a conseguir\u201d' st_url='https:\/\/blogs.deusto.es\/iedeusto\/voy-a-ir-y-lo-voy-a-conseguir\/' displayText='sharethis'><\/span><\/p>","protected":false},"author":387,"featured_media":10472,"comment_status":"open","ping_status":"open","sticky":false,"template":"","format":"standard","meta":{"site-sidebar-layout":"default","site-content-layout":"","ast-site-content-layout":"default","site-content-style":"default","site-sidebar-style":"default","ast-global-header-display":"","ast-banner-title-visibility":"","ast-main-header-display":"","ast-hfb-above-header-display":"","ast-hfb-below-header-display":"","ast-hfb-mobile-header-display":"","site-post-title":"","ast-breadcrumbs-content":"","ast-featured-img":"","footer-sml-layout":"","ast-disable-related-posts":"","theme-transparent-header-meta":"","adv-header-id-meta":"","stick-header-meta":"","header-above-stick-meta":"","header-main-stick-meta":"","header-below-stick-meta":"","astra-migrate-meta-layouts":"default","ast-page-background-enabled":"default","ast-page-background-meta":{"desktop":{"background-color":"var(--ast-global-color-4)","background-image":"","background-repeat":"repeat","background-position":"center center","background-size":"auto","background-attachment":"scroll","background-type":"","background-media":"","overlay-type":"","overlay-color":"","overlay-opacity":"","overlay-gradient":""},"tablet":{"background-color":"","background-image":"","background-repeat":"repeat","background-position":"center center","background-size":"auto","background-attachment":"scroll","background-type":"","background-media":"","overlay-type":"","overlay-color":"","overlay-opacity":"","overlay-gradient":""},"mobile":{"background-color":"","background-image":"","background-repeat":"repeat","background-position":"center center","background-size":"auto","background-attachment":"scroll","background-type":"","background-media":"","overlay-type":"","overlay-color":"","overlay-opacity":"","overlay-gradient":""}},"ast-content-background-meta":{"desktop":{"background-color":"var(--ast-global-color-5)","background-image":"","background-repeat":"repeat","background-position":"center center","background-size":"auto","background-attachment":"scroll","background-type":"","background-media":"","overlay-type":"","overlay-color":"","overlay-opacity":"","overlay-gradient":""},"tablet":{"background-color":"var(--ast-global-color-5)","background-image":"","background-repeat":"repeat","background-position":"center center","background-size":"auto","background-attachment":"scroll","background-type":"","background-media":"","overlay-type":"","overlay-color":"","overlay-opacity":"","overlay-gradient":""},"mobile":{"background-color":"var(--ast-global-color-5)","background-image":"","background-repeat":"repeat","background-position":"center center","background-size":"auto","background-attachment":"scroll","background-type":"","background-media":"","overlay-type":"","overlay-color":"","overlay-opacity":"","overlay-gradient":""}},"footnotes":""},"categories":[8,393,35],"tags":[394,285,211],"class_list":["post-10459","post","type-post","status-publish","format-standard","has-post-thumbnail","hentry","category-emprendimiento","category-entrevista","category-startup","tag-entrevista","tag-startup","tag-startups-emprendimiento-economia"],"aioseo_notices":[],"jetpack_featured_media_url":"https:\/\/blogs.deusto.es\/wp-content\/uploads\/sites\/27\/2020\/02\/Captura-de-pantalla-2020-02-06-a-las-10.17.38.png","_links":{"self":[{"href":"https:\/\/blogs.deusto.es\/iedeusto\/wp-json\/wp\/v2\/posts\/10459","targetHints":{"allow":["GET"]}}],"collection":[{"href":"https:\/\/blogs.deusto.es\/iedeusto\/wp-json\/wp\/v2\/posts"}],"about":[{"href":"https:\/\/blogs.deusto.es\/iedeusto\/wp-json\/wp\/v2\/types\/post"}],"author":[{"embeddable":true,"href":"https:\/\/blogs.deusto.es\/iedeusto\/wp-json\/wp\/v2\/users\/387"}],"replies":[{"embeddable":true,"href":"https:\/\/blogs.deusto.es\/iedeusto\/wp-json\/wp\/v2\/comments?post=10459"}],"version-history":[{"count":11,"href":"https:\/\/blogs.deusto.es\/iedeusto\/wp-json\/wp\/v2\/posts\/10459\/revisions"}],"predecessor-version":[{"id":10612,"href":"https:\/\/blogs.deusto.es\/iedeusto\/wp-json\/wp\/v2\/posts\/10459\/revisions\/10612"}],"wp:featuredmedia":[{"embeddable":true,"href":"https:\/\/blogs.deusto.es\/iedeusto\/wp-json\/wp\/v2\/media\/10472"}],"wp:attachment":[{"href":"https:\/\/blogs.deusto.es\/iedeusto\/wp-json\/wp\/v2\/media?parent=10459"}],"wp:term":[{"taxonomy":"category","embeddable":true,"href":"https:\/\/blogs.deusto.es\/iedeusto\/wp-json\/wp\/v2\/categories?post=10459"},{"taxonomy":"post_tag","embeddable":true,"href":"https:\/\/blogs.deusto.es\/iedeusto\/wp-json\/wp\/v2\/tags?post=10459"}],"curies":[{"name":"wp","href":"https:\/\/api.w.org\/{rel}","templated":true}]}}