{"id":10511,"date":"2020-02-14T14:10:27","date_gmt":"2020-02-14T13:10:27","guid":{"rendered":"https:\/\/preblogs.deusto.es\/iedeusto\/?p=10511"},"modified":"2020-02-14T14:12:10","modified_gmt":"2020-02-14T13:12:10","slug":"cuarto-encuentro-de-creaction-el-coloquio","status":"publish","type":"post","link":"https:\/\/blogs.deusto.es\/iedeusto\/cuarto-encuentro-de-creaction-el-coloquio\/","title":{"rendered":"Cuarto encuentro de creaction! \u201cEl coloquio\u201d"},"content":{"rendered":"\n<ul class=\"wp-block-list\"><li>Asistentes: 50<\/li><li>Lugares: Campus de Bilbao y SS<\/li><li>Ponente: Jos\u00e9 Luis Larrea<\/li><li>Tema: Palancas de Innovaci\u00f3n<\/li><\/ul>\n\n\n\n<figure class=\"wp-block-image\"><img fetchpriority=\"high\" decoding=\"async\" width=\"1024\" height=\"585\" src=\"https:\/\/blogs.deusto.es\/iedeusto\/wp-content\/uploads\/sites\/27\/2020\/02\/Tarjeta-Visita-Innovacion-y-Emprendimiento-1024x585.png\" alt=\"\" class=\"wp-image-10528\" srcset=\"https:\/\/blogs.deusto.es\/wp-content\/uploads\/sites\/27\/2020\/02\/Tarjeta-Visita-Innovacion-y-Emprendimiento-1024x585.png 1024w, https:\/\/blogs.deusto.es\/wp-content\/uploads\/sites\/27\/2020\/02\/Tarjeta-Visita-Innovacion-y-Emprendimiento-300x171.png 300w, https:\/\/blogs.deusto.es\/wp-content\/uploads\/sites\/27\/2020\/02\/Tarjeta-Visita-Innovacion-y-Emprendimiento-768x439.png 768w, https:\/\/blogs.deusto.es\/wp-content\/uploads\/sites\/27\/2020\/02\/Tarjeta-Visita-Innovacion-y-Emprendimiento.png 1050w\" sizes=\"(max-width: 1024px) 100vw, 1024px\" \/><\/figure>\n\n\n\n<p>Febrero est\u00e1 siendo un mes muy intenso para los y las participantes en el viaje de&nbsp;<a rel=\"noreferrer noopener\" href=\"https:\/\/www.creaction.es\/es\/login\" target=\"_blank\"><strong>Creaction!<\/strong><\/a>. Si hace apenas una semana <a href=\"https:\/\/blogs.deusto.es\/iedeusto\/tercer-encuentro-de-creaction-%F0%9F%9A%80\/\">compart\u00edamos lo vivido en Bilbao y San-Sebasti\u00e1n<\/a> con motivo del \u201cThe Debate\u201d correspondiente a <strong><em>Inspiria<\/em><\/strong> esta semana, 12 y 13 de febrero, no iba a ser menos y volvemos a la carga tanto en Bilbao como en San-Sebasti\u00e1n con \u201c<strong><em>El Coloquio<\/em><\/strong>\u201d.<\/p>\n\n\n\n<p>En esta ocasi\u00f3n y trat\u00e1ndose del encuentro correspondiente a <strong><em>Innovania<\/em><\/strong>, el m\u00f3dulo en que conocer las teor\u00edas de la innovaci\u00f3n, qu\u00e9 mejor que contar con el autor del Libro&nbsp;<a href=\"https:\/\/books.google.es\/books\/about\/Teor%C3%ADa_imperfecta_de_la_innovaci%C3%B3n.html?id=z9qzcQAACAAJ&amp;source=kp_book_description&amp;redir_esc=y\">\u201cLa teor\u00eda (imperfecta) de la Innovaci\u00f3n\u201d<\/a>, <a href=\"http:\/\/www.nuevaeconomiaforum.org\/ponentes\/jose-luis-larrea\">Jos\u00e9 Luis Larrea<\/a>.<\/p>\n\n\n\n<p>Al igual que en el viaje, la sesi\u00f3n se estructur\u00f3 en cinco partes. En este coloquio,<a href=\"https:\/\/www.linkedin.com\/in\/jose-luis-larrea-jim%C3%A9nez-de-vicu%C3%B1a-2b18a4106\/\"> Jos\u00e9 Luis <\/a>ha volcado toda su experiencia al cargo de empresas referentes en el Pa\u00eds Vasco como <a href=\"https:\/\/www.linkedin.com\/company\/euskaltel\/\">Euskaltel<\/a> e <a href=\"https:\/\/www.linkedin.com\/company\/ibermatica\/\">Ibermatica<\/a>, sin olvidar su paso por la consejer\u00eda de este mismo territorio y su actual papel como presidente de honor del <a href=\"https:\/\/www.deusto.es\/cs\/Satellite\/deusto\/es\/universidad-deusto\/vive-deusto\/se-constituye-el-consejo-asesor-de-deusto-social-lab-una-iniciativa-de-la-universidad-que-busca-la-cooperacion-para-la-transformacion-de-la-sociedad\/noticia\">Deusto Social Lab<\/a> y en el <a href=\"https:\/\/www.deusto.es\/cs\/ContentServer?pagename=Deusto\/Page\/Deusto_Cargos_Template&amp;categoria=1&amp;idCentro=3&amp;cid=1340042365516&amp;hizkuntza=es&amp;c=Page&amp;localizador=3000527900;3000528066;1340042318705;1340042365516;&amp;SITE=Deusto\">consejo de Gobierno&nbsp;de la propia Universidad de Deusto.<\/a><\/p>\n\n\n\n<p>La sesi\u00f3n comenz\u00f3 como no pod\u00eda ser de otra forma con la primera de las teor\u00edas, <em>El c\u00edrculo de Leonardo<\/em>, en la que aprendimos jugando con Legos o Puzzles como la creatividad y la modelizaci\u00f3n est\u00e1n conectadas, as\u00ed como cu\u00e1les son sus cualidades y enemigos. Y es que,&nbsp;\u201c<em>s\u00f3lo se produce innovaci\u00f3n sostenible en el tiempo si equilibramos la creatividad y la modelizaci\u00f3n sobre la base de unos valores<\/em>\u201d.<\/p>\n\n\n\n<figure class=\"wp-block-image\"><img decoding=\"async\" width=\"768\" height=\"1024\" src=\"https:\/\/blogs.deusto.es\/iedeusto\/wp-content\/uploads\/sites\/27\/2020\/02\/JOSE-LUIS-LARREA-CREACTION-BILBAO-COLOQUIO-768x1024.jpeg\" alt=\"\" class=\"wp-image-10518\" srcset=\"https:\/\/blogs.deusto.es\/wp-content\/uploads\/sites\/27\/2020\/02\/JOSE-LUIS-LARREA-CREACTION-BILBAO-COLOQUIO-768x1024.jpeg 768w, https:\/\/blogs.deusto.es\/wp-content\/uploads\/sites\/27\/2020\/02\/JOSE-LUIS-LARREA-CREACTION-BILBAO-COLOQUIO-225x300.jpeg 225w, https:\/\/blogs.deusto.es\/wp-content\/uploads\/sites\/27\/2020\/02\/JOSE-LUIS-LARREA-CREACTION-BILBAO-COLOQUIO.jpeg 1200w\" sizes=\"(max-width: 768px) 100vw, 768px\" \/><\/figure>\n\n\n\n<p>Seguimos con un nuevo c\u00edrculo en el que<a href=\"https:\/\/es.wikipedia.org\/wiki\/Jos%C3%A9_Luis_Larrea\"> Jos\u00e9 Luis<\/a> habl\u00f3 desde la posici\u00f3n que le da su experiencia a un grupo de viajeros y viajeras que apenas ha alcanzado la mayor\u00eda de edad. Un nuevo punto de fricci\u00f3n en este \u00e1mbito lleno de contradicciones que da forma a la teor\u00eda \u201cEl combate\u201d con la que nos qued\u00f3 claro que&nbsp;\u201c<em>la innovaci\u00f3n sostenible exige gestionar las contradicciones inherentes a todo proceso evolutivo<\/em>\u201d,&nbsp;tanto como ir contra el status quo.<\/p>\n\n\n\n<p>En este punto y acerc\u00e1ndonos al ecuador del coloquio rememoramos las haza\u00f1as de grandes exploradores. Col\u00f3n, Marco Polo\u2026 que en su momento se cuestionaron tanto respuestas como preguntas y se embarcaron a \u201c<strong>La aventura<\/strong>\u00ab, tercera ley de la innovaci\u00f3n o el espacio de las oportunidades en la que&nbsp;\u201c<em>cualquier organizaci\u00f3n, que aspire a ser innovadora, debe aprender a convivir con m\u00e1s preguntas que respuestas, y a disfrutar con ello<\/em>\u201d.<\/p>\n\n\n\n<p>Seguimos \u201c<strong>El desaf\u00edo<\/strong>\u201d, cuarta ley que llevo a los anteriores exploradores a los l\u00edmites del mundo conocido, trasgrediendo las fronteras de lo conocido. Un proceso que Jose Luis dejo claro tiene tanto que ver con la inspiraci\u00f3n como con el trabajo duro. Los grandes proyectos, que nacen de cruzar la frontera con la inspiraci\u00f3n, se hacen d\u00eda a d\u00eda, euro a euro, pulgada a pulgada\u2026poniendo todo el esfuerzo por dar un poco m\u00e1s, por alcanzar la excelencia que se encuentra en esos decimales que otros despreciar\u00edan en el redondeo. Y es que,&nbsp;\u201c<em>el desaf\u00edo de la innovaci\u00f3n est\u00e1 en el universo de los valores marginales<\/em>\u201d.<\/p>\n\n\n\n<p>Por \u00faltimo y con la quinta ley \u201c<strong>El tiempo<\/strong>\u201d pis\u00e1ndonos los talones, hablamos de como este est\u00e1 fuera de nuestro dominio y tiene un peso fundamental en el proceso. Procesos de innovaci\u00f3n, que como la vida misma comprobamos est\u00e1n representados en el deporte. Tras analizar el f\u00fatbol y el tenis a trav\u00e9s de la plataforma online, lo viajeros analizaron las consecuencias de la introducci\u00f3n de tiempos de jugada, tiro a canasta en el baloncesto y c\u00f3mo esto cambio incluso la morfolog\u00eda de sus jugadores. Y es que al igual que en el baloncesto,&nbsp;\u201c<em>la innovaci\u00f3n no permite especular con el tiempo para perderlo, pues la gesti\u00f3n del tiempo es fundamental para garantizar la innovaci\u00f3n sostenible<\/em>\u201d.<\/p>\n\n\n\n<figure class=\"wp-block-image\"><img decoding=\"async\" width=\"1024\" height=\"768\" src=\"https:\/\/blogs.deusto.es\/iedeusto\/wp-content\/uploads\/sites\/27\/2020\/02\/creaction-jose-luis-larrea-san-sebastian-1024x768.jpeg\" alt=\"\" class=\"wp-image-10517\" srcset=\"https:\/\/blogs.deusto.es\/wp-content\/uploads\/sites\/27\/2020\/02\/creaction-jose-luis-larrea-san-sebastian-1024x768.jpeg 1024w, https:\/\/blogs.deusto.es\/wp-content\/uploads\/sites\/27\/2020\/02\/creaction-jose-luis-larrea-san-sebastian-300x225.jpeg 300w, https:\/\/blogs.deusto.es\/wp-content\/uploads\/sites\/27\/2020\/02\/creaction-jose-luis-larrea-san-sebastian-768x576.jpeg 768w, https:\/\/blogs.deusto.es\/wp-content\/uploads\/sites\/27\/2020\/02\/creaction-jose-luis-larrea-san-sebastian.jpeg 1600w\" sizes=\"(max-width: 1024px) 100vw, 1024px\" \/><figcaption>Mesa redonda con Jos\u00e9 Luis Larrea en el campus de San-Sebasti\u00e1n<\/figcaption><\/figure>\n\n\n\n<p>Para poner la guinda al pastel y tal y como se nos hab\u00eda anticipado, <a href=\"https:\/\/elpais.com\/tag\/jose_luis_larrea\/a\">Jos\u00e9 Luis<\/a> resumi\u00f3 sus cinco teor\u00edas en una sola ley:&nbsp;<strong>\u201c La innovaci\u00f3n sostenible surge de la tensi\u00f3n entre la creatividad y la modelizaci\u00f3n, como expresi\u00f3n del combate entre elementos que aparecen como contradictorios, alimentada por la aventura de convivir con m\u00e1s preguntas que respuestas, en la b\u00fasqueda permanente de rupturas en los m\u00e1rgenes que nos llevan al progreso, de manera sostenida en el tiempo y con resultados que aportan un valor reconocido por el mercado y la sociedad.\u201d<\/strong><\/p>\n\n\n\n<p>Por lo tanto, cinco leyes en forma de c\u00edrculo que al unificarse se ven representadas como una espiral. Una figura que nos traslada la idea del progreso y el dinamismo, caracter\u00edsticas indispensable en la innovaci\u00f3n y que representa gr\u00e1ficamente la reflexi\u00f3n hecha en esta tres horas de \u201c<strong>El coloquio<\/strong>\u201d.<\/p>\n\n\n\n<p>Muchas gracias Jos\u00e9 Luis por tu incre\u00edble aportaci\u00f3n con el alumnado de Bilbao y San-Sebasti\u00e1n. En unas semanas estar\u00e1 tambi\u00e9n con el alumnado de Vitoria-Gasteiz. \u00a1Qu\u00e9 ganas!<\/p>\n\n\n\n<p>Os esperamos en el siguiente encuentro, \u201c<strong><em>Improvisando<\/em><\/strong>\u201d el d\u00eda 27 de Febrero, en el que nos adentraremos en ese espacio de aventura y desaf\u00edo que suponen la detecci\u00f3n de tendencias y oportunidades de proyecto. <strong><em>Oportunia<\/em><\/strong>, here we come!!!<\/p>\n\n\n\n<figure class=\"wp-block-embed-twitter wp-block-embed is-type-rich is-provider-twitter\"><div class=\"wp-block-embed__wrapper\">\n<a class=\"twitter-timeline\" data-width=\"500\" data-height=\"750\" data-dnt=\"true\" href=\"https:\/\/twitter.com\/deustoEmprende?ref_src=twsrc%5Etfw\">Tweets by deustoEmprende<\/a><script async src=\"https:\/\/platform.twitter.com\/widgets.js\" charset=\"utf-8\"><\/script>\n<\/div><\/figure>\n<p><span class='st_facebook_buttons' st_title='Cuarto encuentro de creaction! \u201cEl coloquio\u201d' st_url='https:\/\/blogs.deusto.es\/iedeusto\/cuarto-encuentro-de-creaction-el-coloquio\/' displayText='facebook'><\/span><span st_via='deustoDEC' st_username='deustoDEC' class='st_twitter_buttons' st_title='Cuarto encuentro de creaction! \u201cEl coloquio\u201d' st_url='https:\/\/blogs.deusto.es\/iedeusto\/cuarto-encuentro-de-creaction-el-coloquio\/' displayText='twitter'><\/span><span class='st_email_buttons' st_title='Cuarto encuentro de creaction! \u201cEl coloquio\u201d' st_url='https:\/\/blogs.deusto.es\/iedeusto\/cuarto-encuentro-de-creaction-el-coloquio\/' displayText='email'><\/span><span class='st_fblike_buttons' st_title='Cuarto encuentro de creaction! \u201cEl coloquio\u201d' st_url='https:\/\/blogs.deusto.es\/iedeusto\/cuarto-encuentro-de-creaction-el-coloquio\/' displayText='fblike'><\/span><span class='st_plusone_buttons' st_title='Cuarto encuentro de creaction! \u201cEl coloquio\u201d' st_url='https:\/\/blogs.deusto.es\/iedeusto\/cuarto-encuentro-de-creaction-el-coloquio\/' displayText='plusone'><\/span><span class='st_pinterest_buttons' st_title='Cuarto encuentro de creaction! \u201cEl coloquio\u201d' st_url='https:\/\/blogs.deusto.es\/iedeusto\/cuarto-encuentro-de-creaction-el-coloquio\/' displayText='pinterest'><\/span><span class='st_sharethis_buttons' st_title='Cuarto encuentro de creaction! \u201cEl coloquio\u201d' st_url='https:\/\/blogs.deusto.es\/iedeusto\/cuarto-encuentro-de-creaction-el-coloquio\/' displayText='sharethis'><\/span><\/p>","protected":false},"excerpt":{"rendered":"<p>Asistentes: 50 Lugares: Campus de Bilbao y SS Ponente: Jos\u00e9 Luis Larrea Tema: Palancas de Innovaci\u00f3n Febrero est\u00e1 siendo un mes muy intenso para los y las participantes en el viaje de&nbsp;Creaction!. Si hace apenas una semana compart\u00edamos lo vivido en Bilbao y San-Sebasti\u00e1n con motivo del \u201cThe Debate\u201d correspondiente a Inspiria esta semana, 12 [&hellip;]<\/p>\n<p><span class='st_facebook_buttons' st_title='Cuarto encuentro de creaction! \u201cEl coloquio\u201d' st_url='https:\/\/blogs.deusto.es\/iedeusto\/cuarto-encuentro-de-creaction-el-coloquio\/' displayText='facebook'><\/span><span st_via='deustoDEC' st_username='deustoDEC' class='st_twitter_buttons' st_title='Cuarto encuentro de creaction! \u201cEl coloquio\u201d' st_url='https:\/\/blogs.deusto.es\/iedeusto\/cuarto-encuentro-de-creaction-el-coloquio\/' displayText='twitter'><\/span><span class='st_email_buttons' st_title='Cuarto encuentro de creaction! \u201cEl coloquio\u201d' st_url='https:\/\/blogs.deusto.es\/iedeusto\/cuarto-encuentro-de-creaction-el-coloquio\/' displayText='email'><\/span><span class='st_fblike_buttons' st_title='Cuarto encuentro de creaction! \u201cEl coloquio\u201d' st_url='https:\/\/blogs.deusto.es\/iedeusto\/cuarto-encuentro-de-creaction-el-coloquio\/' displayText='fblike'><\/span><span class='st_plusone_buttons' st_title='Cuarto encuentro de creaction! \u201cEl coloquio\u201d' st_url='https:\/\/blogs.deusto.es\/iedeusto\/cuarto-encuentro-de-creaction-el-coloquio\/' displayText='plusone'><\/span><span class='st_pinterest_buttons' st_title='Cuarto encuentro de creaction! \u201cEl coloquio\u201d' st_url='https:\/\/blogs.deusto.es\/iedeusto\/cuarto-encuentro-de-creaction-el-coloquio\/' displayText='pinterest'><\/span><span class='st_sharethis_buttons' st_title='Cuarto encuentro de creaction! \u201cEl coloquio\u201d' st_url='https:\/\/blogs.deusto.es\/iedeusto\/cuarto-encuentro-de-creaction-el-coloquio\/' displayText='sharethis'><\/span><\/p>","protected":false},"author":387,"featured_media":10518,"comment_status":"open","ping_status":"open","sticky":false,"template":"","format":"standard","meta":{"site-sidebar-layout":"default","site-content-layout":"","ast-site-content-layout":"default","site-content-style":"default","site-sidebar-style":"default","ast-global-header-display":"","ast-banner-title-visibility":"","ast-main-header-display":"","ast-hfb-above-header-display":"","ast-hfb-below-header-display":"","ast-hfb-mobile-header-display":"","site-post-title":"","ast-breadcrumbs-content":"","ast-featured-img":"","footer-sml-layout":"","ast-disable-related-posts":"","theme-transparent-header-meta":"","adv-header-id-meta":"","stick-header-meta":"","header-above-stick-meta":"","header-main-stick-meta":"","header-below-stick-meta":"","astra-migrate-meta-layouts":"default","ast-page-background-enabled":"default","ast-page-background-meta":{"desktop":{"background-color":"var(--ast-global-color-4)","background-image":"","background-repeat":"repeat","background-position":"center center","background-size":"auto","background-attachment":"scroll","background-type":"","background-media":"","overlay-type":"","overlay-color":"","overlay-opacity":"","overlay-gradient":""},"tablet":{"background-color":"","background-image":"","background-repeat":"repeat","background-position":"center center","background-size":"auto","background-attachment":"scroll","background-type":"","background-media":"","overlay-type":"","overlay-color":"","overlay-opacity":"","overlay-gradient":""},"mobile":{"background-color":"","background-image":"","background-repeat":"repeat","background-position":"center center","background-size":"auto","background-attachment":"scroll","background-type":"","background-media":"","overlay-type":"","overlay-color":"","overlay-opacity":"","overlay-gradient":""}},"ast-content-background-meta":{"desktop":{"background-color":"var(--ast-global-color-5)","background-image":"","background-repeat":"repeat","background-position":"center center","background-size":"auto","background-attachment":"scroll","background-type":"","background-media":"","overlay-type":"","overlay-color":"","overlay-opacity":"","overlay-gradient":""},"tablet":{"background-color":"var(--ast-global-color-5)","background-image":"","background-repeat":"repeat","background-position":"center center","background-size":"auto","background-attachment":"scroll","background-type":"","background-media":"","overlay-type":"","overlay-color":"","overlay-opacity":"","overlay-gradient":""},"mobile":{"background-color":"var(--ast-global-color-5)","background-image":"","background-repeat":"repeat","background-position":"center center","background-size":"auto","background-attachment":"scroll","background-type":"","background-media":"","overlay-type":"","overlay-color":"","overlay-opacity":"","overlay-gradient":""}},"footnotes":""},"categories":[360,304],"tags":[354,179],"class_list":["post-10511","post","type-post","status-publish","format-standard","has-post-thumbnail","hentry","category-creaction","category-estudiantes","tag-creaction","tag-estudiantes"],"aioseo_notices":[],"jetpack_featured_media_url":"https:\/\/blogs.deusto.es\/wp-content\/uploads\/sites\/27\/2020\/02\/JOSE-LUIS-LARREA-CREACTION-BILBAO-COLOQUIO.jpeg","_links":{"self":[{"href":"https:\/\/blogs.deusto.es\/iedeusto\/wp-json\/wp\/v2\/posts\/10511","targetHints":{"allow":["GET"]}}],"collection":[{"href":"https:\/\/blogs.deusto.es\/iedeusto\/wp-json\/wp\/v2\/posts"}],"about":[{"href":"https:\/\/blogs.deusto.es\/iedeusto\/wp-json\/wp\/v2\/types\/post"}],"author":[{"embeddable":true,"href":"https:\/\/blogs.deusto.es\/iedeusto\/wp-json\/wp\/v2\/users\/387"}],"replies":[{"embeddable":true,"href":"https:\/\/blogs.deusto.es\/iedeusto\/wp-json\/wp\/v2\/comments?post=10511"}],"version-history":[{"count":15,"href":"https:\/\/blogs.deusto.es\/iedeusto\/wp-json\/wp\/v2\/posts\/10511\/revisions"}],"predecessor-version":[{"id":10704,"href":"https:\/\/blogs.deusto.es\/iedeusto\/wp-json\/wp\/v2\/posts\/10511\/revisions\/10704"}],"wp:featuredmedia":[{"embeddable":true,"href":"https:\/\/blogs.deusto.es\/iedeusto\/wp-json\/wp\/v2\/media\/10518"}],"wp:attachment":[{"href":"https:\/\/blogs.deusto.es\/iedeusto\/wp-json\/wp\/v2\/media?parent=10511"}],"wp:term":[{"taxonomy":"category","embeddable":true,"href":"https:\/\/blogs.deusto.es\/iedeusto\/wp-json\/wp\/v2\/categories?post=10511"},{"taxonomy":"post_tag","embeddable":true,"href":"https:\/\/blogs.deusto.es\/iedeusto\/wp-json\/wp\/v2\/tags?post=10511"}],"curies":[{"name":"wp","href":"https:\/\/api.w.org\/{rel}","templated":true}]}}