{"id":11825,"date":"2020-11-09T14:09:29","date_gmt":"2020-11-09T13:09:29","guid":{"rendered":"https:\/\/preblogs.deusto.es\/iedeusto\/?p=11825"},"modified":"2020-11-10T11:56:31","modified_gmt":"2020-11-10T10:56:31","slug":"semana-deusto-emprende-coloquio-deusto-emprende-books-el-batacazo-emprendedor","status":"publish","type":"post","link":"https:\/\/blogs.deusto.es\/iedeusto\/semana-deusto-emprende-coloquio-deusto-emprende-books-el-batacazo-emprendedor\/","title":{"rendered":"Semana Deusto Emprende &#8211; Coloquio Deusto Emprende Books \u00abEl batacazo emprendedor\u00bb"},"content":{"rendered":"\n<h4 class=\"wp-block-heading\"> \u00bfEn qu\u00e9 consiste?&nbsp; <\/h4>\n\n\n\n<p>En Deusto Emprende estrenamos una nueva secci\u00f3n, un espacio donde podremos aprender y estar al d\u00eda sobre\u00a0 libros que tengan relaci\u00f3n con la innovaci\u00f3n y el emprendimiento: DEUSTO EMPRENDE BOOKS. Para inaugurar esta secci\u00f3n tendremos la ocasi\u00f3n de charlar con los autores del libro <strong>\u201cEl batacazo emprendedor\u201d. <\/strong>\u00a0\u00a0Josep Mar\u00eda Vallve Guionnet y \u00c1lvaro D\u00edez, autores del libro, contar\u00e1n su experiencia emprendiendo en primera persona y responder\u00e1n a las cuestiones que planteen los asistentes al coloquio.\u00a0<\/p>\n\n\n\n<p>Adem\u00e1s, a las primeras 10 personas que se inscriban y puedan venir a nuestras instalaciones, les regalaremos un ejemplar del libro. <\/p>\n\n\n\n<h4 class=\"wp-block-heading\">Autores:&nbsp;<\/h4>\n\n\n\n<p><strong><a href=\"https:\/\/es.linkedin.com\/in\/jmvg23\/es-es\">Josep Mar\u00eda Vallve Guionett:<\/a> Co-founder &amp; Digital Business Consultant en AD Agora<\/strong><\/p>\n\n\n\n<p>Josep Maria Vallv\u00e8 i Guionnet es ingeniero industrial por la Universidad Polit\u00e9cnica de Catalu\u00f1a y PDD por IESE Business School. Con m\u00e1s de 10 a\u00f1os trabajando como ingeniero para grandes empresas, y tras realizar el PDD en IESE, despert\u00f3 su esp\u00edritu emprendedor y decidi\u00f3 iniciar diversos proyectos empresariales que ha desarrollado con \u00e9xito. Cuenta con gran experiencia y capacidad en el an\u00e1lisis de startups desde el punto de vista financiero, de operaciones, de log\u00edstica y de marketing.<\/p>\n\n\n\n<p><strong><a href=\"https:\/\/es.linkedin.com\/in\/ada10\">\u00c1lvaro D\u00edez Avi\u00e9s:\u00a0<\/a> Co-founder &amp; Digital Business Consultant en AD Agora<\/strong><\/p>\n\n\n\n<p>\u00c1lvaro D\u00edez Avil\u00e9s es licenciado en Derecho por la Universidad Rovira Virgili y MBA por Deusto Business School, Bradford University (UK) y \u00c9cole de Commerce Sup\u00e9rieure du Nantes (Fr). Con m\u00e1s de 25 a\u00f1os de experiencia como consultor ejecutivo en marketing, comunicaci\u00f3n y estrategia digital, es un reemprendedor convencido que ha fundado y desarrollado empresas en diferentes sectores con \u00e9xito. Es tambi\u00e9n profesor colaborador en la escuela de negocios ESADE.<br><\/p>\n\n\n\n<h4 class=\"wp-block-heading\">\u00bfCu\u00e1ndo y d\u00f3nde? <\/h4>\n\n\n\n<p>El coloquio, organizado por Deusto Emprende, tendr\u00e1 lugar el d\u00eda 17 de noviembre de 16:00h a 17:00h en formato ONLINE.&nbsp;<br><\/p>\n\n\n\n<h4 class=\"wp-block-heading\">Inscripciones<\/h4>\n\n\n\n<p>Si te interesa el emprendimiento y quieres escuchar testimonios reales de personas que han emprendido, \u00a1no te puedes perder este coloquio! <\/p>\n\n\n\n<p class=\"has-text-align-center\"><strong>Las primeras 10 personas que se inscriban y acudan al coloquio obtendr\u00e1n gratis un n\u00famero del libro en cuesti\u00f3n. \u00bfA qu\u00e9 esperas? <\/strong><br><\/p>\n\n\n\n<p class=\"has-text-align-center\"><strong><a href=\"https:\/\/forms.gle\/ZEDh9A3LPiRVEK6R6\">\u00a1AP\u00daNTATE!<\/a><\/strong><\/p>\n<p><span class='st_facebook_buttons' st_title='Semana Deusto Emprende &#8211; Coloquio Deusto Emprende Books \u00abEl batacazo emprendedor\u00bb' st_url='https:\/\/blogs.deusto.es\/iedeusto\/semana-deusto-emprende-coloquio-deusto-emprende-books-el-batacazo-emprendedor\/' displayText='facebook'><\/span><span st_via='deustoDEC' st_username='deustoDEC' class='st_twitter_buttons' st_title='Semana Deusto Emprende &#8211; Coloquio Deusto Emprende Books \u00abEl batacazo emprendedor\u00bb' st_url='https:\/\/blogs.deusto.es\/iedeusto\/semana-deusto-emprende-coloquio-deusto-emprende-books-el-batacazo-emprendedor\/' displayText='twitter'><\/span><span class='st_email_buttons' st_title='Semana Deusto Emprende &#8211; Coloquio Deusto Emprende Books \u00abEl batacazo emprendedor\u00bb' st_url='https:\/\/blogs.deusto.es\/iedeusto\/semana-deusto-emprende-coloquio-deusto-emprende-books-el-batacazo-emprendedor\/' displayText='email'><\/span><span class='st_fblike_buttons' st_title='Semana Deusto Emprende &#8211; Coloquio Deusto Emprende Books \u00abEl batacazo emprendedor\u00bb' st_url='https:\/\/blogs.deusto.es\/iedeusto\/semana-deusto-emprende-coloquio-deusto-emprende-books-el-batacazo-emprendedor\/' displayText='fblike'><\/span><span class='st_plusone_buttons' st_title='Semana Deusto Emprende &#8211; Coloquio Deusto Emprende Books \u00abEl batacazo emprendedor\u00bb' st_url='https:\/\/blogs.deusto.es\/iedeusto\/semana-deusto-emprende-coloquio-deusto-emprende-books-el-batacazo-emprendedor\/' displayText='plusone'><\/span><span class='st_pinterest_buttons' st_title='Semana Deusto Emprende &#8211; Coloquio Deusto Emprende Books \u00abEl batacazo emprendedor\u00bb' st_url='https:\/\/blogs.deusto.es\/iedeusto\/semana-deusto-emprende-coloquio-deusto-emprende-books-el-batacazo-emprendedor\/' displayText='pinterest'><\/span><span class='st_sharethis_buttons' st_title='Semana Deusto Emprende &#8211; Coloquio Deusto Emprende Books \u00abEl batacazo emprendedor\u00bb' st_url='https:\/\/blogs.deusto.es\/iedeusto\/semana-deusto-emprende-coloquio-deusto-emprende-books-el-batacazo-emprendedor\/' displayText='sharethis'><\/span><\/p>","protected":false},"excerpt":{"rendered":"<p>\u00bfEn qu\u00e9 consiste?&nbsp; En Deusto Emprende estrenamos una nueva secci\u00f3n, un espacio donde podremos aprender y estar al d\u00eda sobre\u00a0 libros que tengan relaci\u00f3n con la innovaci\u00f3n y el emprendimiento: DEUSTO EMPRENDE BOOKS. Para inaugurar esta secci\u00f3n tendremos la ocasi\u00f3n de charlar con los autores del libro \u201cEl batacazo emprendedor\u201d. \u00a0\u00a0Josep Mar\u00eda Vallve Guionnet y [&hellip;]<\/p>\n<p><span class='st_facebook_buttons' st_title='Semana Deusto Emprende &#8211; Coloquio Deusto Emprende Books \u00abEl batacazo emprendedor\u00bb' st_url='https:\/\/blogs.deusto.es\/iedeusto\/semana-deusto-emprende-coloquio-deusto-emprende-books-el-batacazo-emprendedor\/' displayText='facebook'><\/span><span st_via='deustoDEC' st_username='deustoDEC' class='st_twitter_buttons' st_title='Semana Deusto Emprende &#8211; Coloquio Deusto Emprende Books \u00abEl batacazo emprendedor\u00bb' st_url='https:\/\/blogs.deusto.es\/iedeusto\/semana-deusto-emprende-coloquio-deusto-emprende-books-el-batacazo-emprendedor\/' displayText='twitter'><\/span><span class='st_email_buttons' st_title='Semana Deusto Emprende &#8211; Coloquio Deusto Emprende Books \u00abEl batacazo emprendedor\u00bb' st_url='https:\/\/blogs.deusto.es\/iedeusto\/semana-deusto-emprende-coloquio-deusto-emprende-books-el-batacazo-emprendedor\/' displayText='email'><\/span><span class='st_fblike_buttons' st_title='Semana Deusto Emprende &#8211; Coloquio Deusto Emprende Books \u00abEl batacazo emprendedor\u00bb' st_url='https:\/\/blogs.deusto.es\/iedeusto\/semana-deusto-emprende-coloquio-deusto-emprende-books-el-batacazo-emprendedor\/' displayText='fblike'><\/span><span class='st_plusone_buttons' st_title='Semana Deusto Emprende &#8211; Coloquio Deusto Emprende Books \u00abEl batacazo emprendedor\u00bb' st_url='https:\/\/blogs.deusto.es\/iedeusto\/semana-deusto-emprende-coloquio-deusto-emprende-books-el-batacazo-emprendedor\/' displayText='plusone'><\/span><span class='st_pinterest_buttons' st_title='Semana Deusto Emprende &#8211; Coloquio Deusto Emprende Books \u00abEl batacazo emprendedor\u00bb' st_url='https:\/\/blogs.deusto.es\/iedeusto\/semana-deusto-emprende-coloquio-deusto-emprende-books-el-batacazo-emprendedor\/' displayText='pinterest'><\/span><span class='st_sharethis_buttons' st_title='Semana Deusto Emprende &#8211; Coloquio Deusto Emprende Books \u00abEl batacazo emprendedor\u00bb' st_url='https:\/\/blogs.deusto.es\/iedeusto\/semana-deusto-emprende-coloquio-deusto-emprende-books-el-batacazo-emprendedor\/' displayText='sharethis'><\/span><\/p>","protected":false},"author":387,"featured_media":11857,"comment_status":"open","ping_status":"open","sticky":false,"template":"","format":"standard","meta":{"site-sidebar-layout":"default","site-content-layout":"","ast-site-content-layout":"default","site-content-style":"default","site-sidebar-style":"default","ast-global-header-display":"","ast-banner-title-visibility":"","ast-main-header-display":"","ast-hfb-above-header-display":"","ast-hfb-below-header-display":"","ast-hfb-mobile-header-display":"","site-post-title":"","ast-breadcrumbs-content":"","ast-featured-img":"","footer-sml-layout":"","ast-disable-related-posts":"","theme-transparent-header-meta":"","adv-header-id-meta":"","stick-header-meta":"","header-above-stick-meta":"","header-main-stick-meta":"","header-below-stick-meta":"","astra-migrate-meta-layouts":"default","ast-page-background-enabled":"default","ast-page-background-meta":{"desktop":{"background-color":"var(--ast-global-color-4)","background-image":"","background-repeat":"repeat","background-position":"center center","background-size":"auto","background-attachment":"scroll","background-type":"","background-media":"","overlay-type":"","overlay-color":"","overlay-opacity":"","overlay-gradient":""},"tablet":{"background-color":"","background-image":"","background-repeat":"repeat","background-position":"center center","background-size":"auto","background-attachment":"scroll","background-type":"","background-media":"","overlay-type":"","overlay-color":"","overlay-opacity":"","overlay-gradient":""},"mobile":{"background-color":"","background-image":"","background-repeat":"repeat","background-position":"center center","background-size":"auto","background-attachment":"scroll","background-type":"","background-media":"","overlay-type":"","overlay-color":"","overlay-opacity":"","overlay-gradient":""}},"ast-content-background-meta":{"desktop":{"background-color":"var(--ast-global-color-5)","background-image":"","background-repeat":"repeat","background-position":"center center","background-size":"auto","background-attachment":"scroll","background-type":"","background-media":"","overlay-type":"","overlay-color":"","overlay-opacity":"","overlay-gradient":""},"tablet":{"background-color":"var(--ast-global-color-5)","background-image":"","background-repeat":"repeat","background-position":"center center","background-size":"auto","background-attachment":"scroll","background-type":"","background-media":"","overlay-type":"","overlay-color":"","overlay-opacity":"","overlay-gradient":""},"mobile":{"background-color":"var(--ast-global-color-5)","background-image":"","background-repeat":"repeat","background-position":"center center","background-size":"auto","background-attachment":"scroll","background-type":"","background-media":"","overlay-type":"","overlay-color":"","overlay-opacity":"","overlay-gradient":""}},"footnotes":""},"categories":[464,461],"tags":[],"class_list":["post-11825","post","type-post","status-publish","format-standard","has-post-thumbnail","hentry","category-martes","category-semana-emprende-2020"],"aioseo_notices":[],"jetpack_featured_media_url":"https:\/\/blogs.deusto.es\/wp-content\/uploads\/sites\/27\/2020\/11\/Semana-Deusto-Emprende.png","_links":{"self":[{"href":"https:\/\/blogs.deusto.es\/iedeusto\/wp-json\/wp\/v2\/posts\/11825","targetHints":{"allow":["GET"]}}],"collection":[{"href":"https:\/\/blogs.deusto.es\/iedeusto\/wp-json\/wp\/v2\/posts"}],"about":[{"href":"https:\/\/blogs.deusto.es\/iedeusto\/wp-json\/wp\/v2\/types\/post"}],"author":[{"embeddable":true,"href":"https:\/\/blogs.deusto.es\/iedeusto\/wp-json\/wp\/v2\/users\/387"}],"replies":[{"embeddable":true,"href":"https:\/\/blogs.deusto.es\/iedeusto\/wp-json\/wp\/v2\/comments?post=11825"}],"version-history":[{"count":7,"href":"https:\/\/blogs.deusto.es\/iedeusto\/wp-json\/wp\/v2\/posts\/11825\/revisions"}],"predecessor-version":[{"id":12058,"href":"https:\/\/blogs.deusto.es\/iedeusto\/wp-json\/wp\/v2\/posts\/11825\/revisions\/12058"}],"wp:featuredmedia":[{"embeddable":true,"href":"https:\/\/blogs.deusto.es\/iedeusto\/wp-json\/wp\/v2\/media\/11857"}],"wp:attachment":[{"href":"https:\/\/blogs.deusto.es\/iedeusto\/wp-json\/wp\/v2\/media?parent=11825"}],"wp:term":[{"taxonomy":"category","embeddable":true,"href":"https:\/\/blogs.deusto.es\/iedeusto\/wp-json\/wp\/v2\/categories?post=11825"},{"taxonomy":"post_tag","embeddable":true,"href":"https:\/\/blogs.deusto.es\/iedeusto\/wp-json\/wp\/v2\/tags?post=11825"}],"curies":[{"name":"wp","href":"https:\/\/api.w.org\/{rel}","templated":true}]}}