{"id":12294,"date":"2020-11-19T17:45:32","date_gmt":"2020-11-19T16:45:32","guid":{"rendered":"https:\/\/preblogs.deusto.es\/iedeusto\/?p=12294"},"modified":"2020-11-19T17:45:32","modified_gmt":"2020-11-19T16:45:32","slug":"semana-deusto-emprende-2020-dia-3","status":"publish","type":"post","link":"https:\/\/blogs.deusto.es\/iedeusto\/semana-deusto-emprende-2020-dia-3\/","title":{"rendered":"Semana Deusto Emprende 2020 &#8211; D\u00eda 3"},"content":{"rendered":"\n<p>Del 16 al 20&nbsp;de noviembre tiene lugar la&nbsp;<a href=\"https:\/\/www.genglobal.org\/gew\" target=\"_blank\" rel=\"noreferrer noopener\">Global Entrepreneurship Week<\/a>&nbsp;en 180 pa\u00edses, con 20.000 socios, 40.000 eventos y 10 millones de personas participantes en esta iniciativa que busca fomentar la cultura emprendedora e innovadora.<\/p>\n\n\n\n<p><a href=\"https:\/\/www.deusto.es\/cs\/Satellite\/deusto\/es\/emprendimiento-0\" target=\"_blank\" rel=\"noreferrer noopener\">Deusto&nbsp;Emprende&nbsp;&#8211; Unidad de Innovaci\u00f3n y Emprendimiento<\/a>&nbsp;de la Universidad de&nbsp;Deusto&nbsp;se suma a esta iniciativa de manera adaptada a la situaci\u00f3n. Por la seguridad de todos y todas, se han podido sacar adelante la mayor\u00eda de las actividades en formato online. <\/p>\n\n\n\n<h3 class=\"wp-block-heading\"><strong>Visita virtual Innogune<\/strong><\/h3>\n\n\n\n<p>A las 11:00 de la ma\u00f1ana se hizo una visita virtual a la incubadora de empresas Innogune en el campus de Donostia\/San Sebasti\u00e1n. El tour virtual lo realiz\u00f3 el responsable de Innogune, Mikel Korta, a trav\u00e9s de google street view por el edificio ense\u00f1ando las instalaciones y explicando diferentes proyectos que se alojaban all\u00ed.\u00a0<\/p>\n\n\n\n<p>Estudiantes de la Universidad de Deusto asistieron a la visita y tambi\u00e9n se interesaron por ofertas formativas que ofrece Deusto Emprende desde el programa para los de primero de grado, creaction!, hasta el M\u00e1ster Dual de Emprendimiento en Acci\u00f3n. Al final de la sesi\u00f3n hubo preguntas por parte de los asistentes y se interesaron especialmente por el programa creaction!.\u00a0<\/p>\n\n\n\n<figure class=\"wp-block-image size-large\"><img fetchpriority=\"high\" decoding=\"async\" width=\"951\" height=\"536\" src=\"https:\/\/blogs.deusto.es\/iedeusto\/wp-content\/uploads\/sites\/27\/2020\/11\/Captura-de-pantalla-2020-11-19-a-las-15.43.19-1-edited.png\" alt=\"\" class=\"wp-image-12317\" srcset=\"https:\/\/blogs.deusto.es\/wp-content\/uploads\/sites\/27\/2020\/11\/Captura-de-pantalla-2020-11-19-a-las-15.43.19-1-edited.png 951w, https:\/\/blogs.deusto.es\/wp-content\/uploads\/sites\/27\/2020\/11\/Captura-de-pantalla-2020-11-19-a-las-15.43.19-1-edited-300x169.png 300w, https:\/\/blogs.deusto.es\/wp-content\/uploads\/sites\/27\/2020\/11\/Captura-de-pantalla-2020-11-19-a-las-15.43.19-1-edited-768x433.png 768w\" sizes=\"(max-width: 951px) 100vw, 951px\" \/><\/figure>\n\n\n\n<p><\/p>\n\n\n\n<h3 class=\"wp-block-heading\"><strong>Innovaci\u00f3n frugal <\/strong><\/h3>\n\n\n\n<p>En esta jornada pudimos conocer a dos profesionales con dos recorridos profesionales muy distintos,\u00a0<a href=\"https:\/\/de.linkedin.com\/in\/sordoji\/de\">\u00a0Jos\u00e9 Ignacio Sordo<\/a>\u00a0y<a href=\"https:\/\/es.linkedin.com\/in\/davidsuriol\">\u00a0David Suriol<\/a>, que nos presentaron la plataforma de<a href=\"https:\/\/moonshot.ceo\/ecosystems\">\u00a0Ecosistemas de Innovaci\u00f3n Moonshot<\/a>\u00a0que est\u00e1 basada en metodolog\u00edas de Innovaci\u00f3n Frugal, un concepto muy interesante que algunos describen como \u201cm\u00e1s por menos para un mundo mejor\u201d.<\/p>\n\n\n\n<p>Por un lado, <a href=\"https:\/\/www.linkedin.com\/in\/sordoji\/?locale=de_DE\" target=\"_blank\" rel=\"noreferrer noopener\">Jose Ignacio Sordo<\/a>\u00a0es Ingeniero en Inform\u00e1tica del TEC Monterrey y tiene una Maestr\u00eda en IA de la Fundaci\u00f3n A. Rosenblueth. Su experiencia en firmas Fortune 100, nuevas empresas digitales e incubadoras, le dan una perspectiva inmejorable para poder hablar con autoridad sobre los desaf\u00edos de la adopci\u00f3n digital.<\/p>\n\n\n\n<p>Por otro lado, <a href=\"https:\/\/www.linkedin.com\/in\/davidsuriol\/?originalSubdomain=es\" target=\"_blank\" rel=\"noreferrer noopener\">David Suriol<\/a>, fundador y CEO de Moonshot y autor de 6 libros. Estudi\u00f3 periodismo en la Universidad de Navarra, m\u00e1ster de Direcci\u00f3n comercial y MKT por el IE y Sustainability por Harvard Extension School. David tiene un car\u00e1cter emprendedor que le ha llevado a fundar empresas en el \u00e1mbito tecnol\u00f3gico: Deutecno Noses &amp; Sensors (narices artificiales, vendida en 2014), Vortex Bladeless (molinos de viento sin palas) y Moonshot Innovation (Plataforma de creaci\u00f3n de Ecosistemas para la gesti\u00f3n de la innovaci\u00f3n).<\/p>\n\n\n\n<figure class=\"wp-block-gallery columns-1 is-cropped wp-block-gallery-1 is-layout-flex wp-block-gallery-is-layout-flex\"><ul class=\"blocks-gallery-grid\"><li class=\"blocks-gallery-item\"><figure><img decoding=\"async\" width=\"1024\" height=\"526\" src=\"https:\/\/blogs.deusto.es\/iedeusto\/wp-content\/uploads\/sites\/27\/2020\/11\/Captura-de-pantalla-2020-11-19-a-las-17.24.52-1-1024x526.jpg\" alt=\"\" data-id=\"12322\" data-full-url=\"https:\/\/blogs.deusto.es\/iedeusto\/wp-content\/uploads\/sites\/27\/2020\/11\/Captura-de-pantalla-2020-11-19-a-las-17.24.52-1.jpg\" data-link=\"https:\/\/blogs.deusto.es\/iedeusto\/?attachment_id=12322\" class=\"wp-image-12322\" srcset=\"https:\/\/blogs.deusto.es\/wp-content\/uploads\/sites\/27\/2020\/11\/Captura-de-pantalla-2020-11-19-a-las-17.24.52-1-1024x526.jpg 1024w, https:\/\/blogs.deusto.es\/wp-content\/uploads\/sites\/27\/2020\/11\/Captura-de-pantalla-2020-11-19-a-las-17.24.52-1-300x154.jpg 300w, https:\/\/blogs.deusto.es\/wp-content\/uploads\/sites\/27\/2020\/11\/Captura-de-pantalla-2020-11-19-a-las-17.24.52-1-768x394.jpg 768w, https:\/\/blogs.deusto.es\/wp-content\/uploads\/sites\/27\/2020\/11\/Captura-de-pantalla-2020-11-19-a-las-17.24.52-1-1536x789.jpg 1536w, https:\/\/blogs.deusto.es\/wp-content\/uploads\/sites\/27\/2020\/11\/Captura-de-pantalla-2020-11-19-a-las-17.24.52-1.jpg 2014w\" sizes=\"(max-width: 1024px) 100vw, 1024px\" \/><\/figure><\/li><\/ul><\/figure>\n\n\n\n<h3 class=\"wp-block-heading\"><strong>Reto<\/strong> <strong>en el Contenedor- Espacio Deusto Emprende<\/strong><\/h3>\n\n\n\n<p>El buen tiempo acompa\u00f1aba y la plaza de la memoria en la que se encuentra el contenedor se llen\u00f3 de actividad. El alumnado comenz\u00f3 el d\u00eda solidariz\u00e1ndose con Jos\u00e9 \u00c1ngel, amigo y uno de nuestros favoritos. <\/p>\n\n\n\n<p>\u00bfC\u00f3mo podemos divertirnos en nuestro tiempo libre mientras respetamos las medidas de seguridad? Un peque\u00f1o ejercicio de creatividad divertido y con el que trabajar la empat\u00eda. <\/p>\n\n\n\n<p>El contenedor atrae diariamente a los estudiantes y profesorado de la universidad y surgen preguntas como: \u00bfEs para hacer PCRs? \u00bfEmprendimiento? y \u00bfC\u00f3mo nos pod\u00e9is ayudar? \u00bfQu\u00e9 son esos QRs? Adem\u00e1s, contamos con la presencia de Angel Prieto, investigador y emprendedor de la facultad de psicolog\u00eda que nos cont\u00f3 como cre\u00f3 <a href=\"http:\/\/sotecsa-salud.com\/\">SOTECSA<\/a> &#8216;Soluciones tecnol\u00f3gicas en Salud&#8217; y cual est\u00e1 siendo su recorrido actual. <\/p>\n\n\n\n<p>Porqu\u00e9 s\u00ed, emprender mientras se estudia es posible. <\/p>\n\n\n\n<figure class=\"wp-block-image size-large\"><img decoding=\"async\" width=\"1024\" height=\"563\" src=\"https:\/\/blogs.deusto.es\/iedeusto\/wp-content\/uploads\/sites\/27\/2020\/11\/Captura-de-pantalla-2020-11-19-a-las-16.23.47-1024x563.jpg\" alt=\"\" class=\"wp-image-12318\" srcset=\"https:\/\/blogs.deusto.es\/wp-content\/uploads\/sites\/27\/2020\/11\/Captura-de-pantalla-2020-11-19-a-las-16.23.47-1024x563.jpg 1024w, https:\/\/blogs.deusto.es\/wp-content\/uploads\/sites\/27\/2020\/11\/Captura-de-pantalla-2020-11-19-a-las-16.23.47-300x165.jpg 300w, https:\/\/blogs.deusto.es\/wp-content\/uploads\/sites\/27\/2020\/11\/Captura-de-pantalla-2020-11-19-a-las-16.23.47-768x422.jpg 768w, https:\/\/blogs.deusto.es\/wp-content\/uploads\/sites\/27\/2020\/11\/Captura-de-pantalla-2020-11-19-a-las-16.23.47-1536x844.jpg 1536w, https:\/\/blogs.deusto.es\/wp-content\/uploads\/sites\/27\/2020\/11\/Captura-de-pantalla-2020-11-19-a-las-16.23.47-2048x1126.jpg 2048w\" sizes=\"(max-width: 1024px) 100vw, 1024px\" \/><\/figure>\n\n\n\n<p><\/p>\n\n\n\n<p><\/p>\n<p><span class='st_facebook_buttons' st_title='Semana Deusto Emprende 2020 &#8211; D\u00eda 3' st_url='https:\/\/blogs.deusto.es\/iedeusto\/semana-deusto-emprende-2020-dia-3\/' displayText='facebook'><\/span><span st_via='deustoDEC' st_username='deustoDEC' class='st_twitter_buttons' st_title='Semana Deusto Emprende 2020 &#8211; D\u00eda 3' st_url='https:\/\/blogs.deusto.es\/iedeusto\/semana-deusto-emprende-2020-dia-3\/' displayText='twitter'><\/span><span class='st_email_buttons' st_title='Semana Deusto Emprende 2020 &#8211; D\u00eda 3' st_url='https:\/\/blogs.deusto.es\/iedeusto\/semana-deusto-emprende-2020-dia-3\/' displayText='email'><\/span><span class='st_fblike_buttons' st_title='Semana Deusto Emprende 2020 &#8211; D\u00eda 3' st_url='https:\/\/blogs.deusto.es\/iedeusto\/semana-deusto-emprende-2020-dia-3\/' displayText='fblike'><\/span><span class='st_plusone_buttons' st_title='Semana Deusto Emprende 2020 &#8211; D\u00eda 3' st_url='https:\/\/blogs.deusto.es\/iedeusto\/semana-deusto-emprende-2020-dia-3\/' displayText='plusone'><\/span><span class='st_pinterest_buttons' st_title='Semana Deusto Emprende 2020 &#8211; D\u00eda 3' st_url='https:\/\/blogs.deusto.es\/iedeusto\/semana-deusto-emprende-2020-dia-3\/' displayText='pinterest'><\/span><span class='st_sharethis_buttons' st_title='Semana Deusto Emprende 2020 &#8211; D\u00eda 3' st_url='https:\/\/blogs.deusto.es\/iedeusto\/semana-deusto-emprende-2020-dia-3\/' displayText='sharethis'><\/span><\/p>","protected":false},"excerpt":{"rendered":"<p>Del 16 al 20&nbsp;de noviembre tiene lugar la&nbsp;Global Entrepreneurship Week&nbsp;en 180 pa\u00edses, con 20.000 socios, 40.000 eventos y 10 millones de personas participantes en esta iniciativa que busca fomentar la cultura emprendedora e innovadora. Deusto&nbsp;Emprende&nbsp;&#8211; Unidad de Innovaci\u00f3n y Emprendimiento&nbsp;de la Universidad de&nbsp;Deusto&nbsp;se suma a esta iniciativa de manera adaptada a la situaci\u00f3n. Por la [&hellip;]<\/p>\n<p><span class='st_facebook_buttons' st_title='Semana Deusto Emprende 2020 &#8211; D\u00eda 3' st_url='https:\/\/blogs.deusto.es\/iedeusto\/semana-deusto-emprende-2020-dia-3\/' displayText='facebook'><\/span><span st_via='deustoDEC' st_username='deustoDEC' class='st_twitter_buttons' st_title='Semana Deusto Emprende 2020 &#8211; D\u00eda 3' st_url='https:\/\/blogs.deusto.es\/iedeusto\/semana-deusto-emprende-2020-dia-3\/' displayText='twitter'><\/span><span class='st_email_buttons' st_title='Semana Deusto Emprende 2020 &#8211; D\u00eda 3' st_url='https:\/\/blogs.deusto.es\/iedeusto\/semana-deusto-emprende-2020-dia-3\/' displayText='email'><\/span><span class='st_fblike_buttons' st_title='Semana Deusto Emprende 2020 &#8211; D\u00eda 3' st_url='https:\/\/blogs.deusto.es\/iedeusto\/semana-deusto-emprende-2020-dia-3\/' displayText='fblike'><\/span><span class='st_plusone_buttons' st_title='Semana Deusto Emprende 2020 &#8211; D\u00eda 3' st_url='https:\/\/blogs.deusto.es\/iedeusto\/semana-deusto-emprende-2020-dia-3\/' displayText='plusone'><\/span><span class='st_pinterest_buttons' st_title='Semana Deusto Emprende 2020 &#8211; D\u00eda 3' st_url='https:\/\/blogs.deusto.es\/iedeusto\/semana-deusto-emprende-2020-dia-3\/' displayText='pinterest'><\/span><span class='st_sharethis_buttons' st_title='Semana Deusto Emprende 2020 &#8211; D\u00eda 3' st_url='https:\/\/blogs.deusto.es\/iedeusto\/semana-deusto-emprende-2020-dia-3\/' displayText='sharethis'><\/span><\/p>","protected":false},"author":387,"featured_media":12324,"comment_status":"open","ping_status":"open","sticky":false,"template":"","format":"standard","meta":{"site-sidebar-layout":"default","site-content-layout":"","ast-site-content-layout":"default","site-content-style":"default","site-sidebar-style":"default","ast-global-header-display":"","ast-banner-title-visibility":"","ast-main-header-display":"","ast-hfb-above-header-display":"","ast-hfb-below-header-display":"","ast-hfb-mobile-header-display":"","site-post-title":"","ast-breadcrumbs-content":"","ast-featured-img":"","footer-sml-layout":"","ast-disable-related-posts":"","theme-transparent-header-meta":"","adv-header-id-meta":"","stick-header-meta":"","header-above-stick-meta":"","header-main-stick-meta":"","header-below-stick-meta":"","astra-migrate-meta-layouts":"default","ast-page-background-enabled":"default","ast-page-background-meta":{"desktop":{"background-color":"var(--ast-global-color-4)","background-image":"","background-repeat":"repeat","background-position":"center center","background-size":"auto","background-attachment":"scroll","background-type":"","background-media":"","overlay-type":"","overlay-color":"","overlay-opacity":"","overlay-gradient":""},"tablet":{"background-color":"","background-image":"","background-repeat":"repeat","background-position":"center center","background-size":"auto","background-attachment":"scroll","background-type":"","background-media":"","overlay-type":"","overlay-color":"","overlay-opacity":"","overlay-gradient":""},"mobile":{"background-color":"","background-image":"","background-repeat":"repeat","background-position":"center center","background-size":"auto","background-attachment":"scroll","background-type":"","background-media":"","overlay-type":"","overlay-color":"","overlay-opacity":"","overlay-gradient":""}},"ast-content-background-meta":{"desktop":{"background-color":"var(--ast-global-color-5)","background-image":"","background-repeat":"repeat","background-position":"center center","background-size":"auto","background-attachment":"scroll","background-type":"","background-media":"","overlay-type":"","overlay-color":"","overlay-opacity":"","overlay-gradient":""},"tablet":{"background-color":"var(--ast-global-color-5)","background-image":"","background-repeat":"repeat","background-position":"center center","background-size":"auto","background-attachment":"scroll","background-type":"","background-media":"","overlay-type":"","overlay-color":"","overlay-opacity":"","overlay-gradient":""},"mobile":{"background-color":"var(--ast-global-color-5)","background-image":"","background-repeat":"repeat","background-position":"center center","background-size":"auto","background-attachment":"scroll","background-type":"","background-media":"","overlay-type":"","overlay-color":"","overlay-opacity":"","overlay-gradient":""}},"footnotes":""},"categories":[465,461],"tags":[],"class_list":["post-12294","post","type-post","status-publish","format-standard","has-post-thumbnail","hentry","category-miercoles","category-semana-emprende-2020"],"aioseo_notices":[],"jetpack_featured_media_url":"https:\/\/blogs.deusto.es\/wp-content\/uploads\/sites\/27\/2020\/11\/Dia-1-Foto-Portada-Blog-2-1.jpg","_links":{"self":[{"href":"https:\/\/blogs.deusto.es\/iedeusto\/wp-json\/wp\/v2\/posts\/12294","targetHints":{"allow":["GET"]}}],"collection":[{"href":"https:\/\/blogs.deusto.es\/iedeusto\/wp-json\/wp\/v2\/posts"}],"about":[{"href":"https:\/\/blogs.deusto.es\/iedeusto\/wp-json\/wp\/v2\/types\/post"}],"author":[{"embeddable":true,"href":"https:\/\/blogs.deusto.es\/iedeusto\/wp-json\/wp\/v2\/users\/387"}],"replies":[{"embeddable":true,"href":"https:\/\/blogs.deusto.es\/iedeusto\/wp-json\/wp\/v2\/comments?post=12294"}],"version-history":[{"count":8,"href":"https:\/\/blogs.deusto.es\/iedeusto\/wp-json\/wp\/v2\/posts\/12294\/revisions"}],"predecessor-version":[{"id":12325,"href":"https:\/\/blogs.deusto.es\/iedeusto\/wp-json\/wp\/v2\/posts\/12294\/revisions\/12325"}],"wp:featuredmedia":[{"embeddable":true,"href":"https:\/\/blogs.deusto.es\/iedeusto\/wp-json\/wp\/v2\/media\/12324"}],"wp:attachment":[{"href":"https:\/\/blogs.deusto.es\/iedeusto\/wp-json\/wp\/v2\/media?parent=12294"}],"wp:term":[{"taxonomy":"category","embeddable":true,"href":"https:\/\/blogs.deusto.es\/iedeusto\/wp-json\/wp\/v2\/categories?post=12294"},{"taxonomy":"post_tag","embeddable":true,"href":"https:\/\/blogs.deusto.es\/iedeusto\/wp-json\/wp\/v2\/tags?post=12294"}],"curies":[{"name":"wp","href":"https:\/\/api.w.org\/{rel}","templated":true}]}}