{"id":12338,"date":"2020-11-23T17:24:07","date_gmt":"2020-11-23T16:24:07","guid":{"rendered":"https:\/\/preblogs.deusto.es\/iedeusto\/?p=12338"},"modified":"2020-11-23T17:24:07","modified_gmt":"2020-11-23T16:24:07","slug":"semana-deusto-emprende-2020-dia-4","status":"publish","type":"post","link":"https:\/\/blogs.deusto.es\/iedeusto\/semana-deusto-emprende-2020-dia-4\/","title":{"rendered":"Semana Deusto Emprende 2020 &#8211; D\u00eda 4"},"content":{"rendered":"\n<p>Del 16 al 20&nbsp;de noviembre tiene lugar la&nbsp;<a href=\"https:\/\/www.genglobal.org\/gew\" target=\"_blank\" rel=\"noreferrer noopener\">Global Entrepreneurship Week<\/a>&nbsp;en 180 pa\u00edses, con 20.000 socios, 40.000 eventos y 10 millones de personas participantes en esta iniciativa que busca fomentar la cultura emprendedora e innovadora.<\/p>\n\n\n\n<p><a href=\"https:\/\/www.deusto.es\/cs\/Satellite\/deusto\/es\/emprendimiento-0\" target=\"_blank\" rel=\"noreferrer noopener\">Deusto&nbsp;Emprende&nbsp;&#8211; Unidad de Innovaci\u00f3n y Emprendimiento<\/a>&nbsp;de la Universidad de&nbsp;Deusto&nbsp;se suma a esta iniciativa de manera adaptada a la situaci\u00f3n. Por la seguridad de todos y todas, se han podido sacar adelante la mayor\u00eda de las actividades en formato online. <\/p>\n\n\n\n<p>\u00b7<\/p>\n\n\n\n<h3 class=\"wp-block-heading\"><strong>Brainstorming Creativo<\/strong><\/h3>\n\n\n\n<p>Una de las actividades organizadas para esta semana ha sido el Brainstorming Creativo con tem\u00e1tica acerca del AGUA. El taller se enmarca dentro del proyecto <a href=\"https:\/\/sites.google.com\/deusto.es\/ura20-21\/home?authuser=0\">URA 20-21 <\/a>y dentro del <a href=\"https:\/\/climathon.climate-kic.org\/\">Climathon<\/a>.<\/p>\n\n\n\n<p>El objetivo del taller es la generaci\u00f3n de nuevas ideas acerca de c\u00f3mo reducir el impacto del agua y ha sido dinamizado por <a href=\"https:\/\/es.linkedin.com\/in\/roberta-vicente\">Roberta Vicente <\/a>y<a href=\"https:\/\/es.linkedin.com\/in\/elene-susperregi-telletxea\"> Elene Susperregi,<\/a> ambas del equipo de Deusto Emprende &#8211; Unidad de Innovaci\u00f3n y Emprendimiento de la Universidad de Deusto. En el taller participaron un total de 17 alumnos y alumnas del grado de Derecho con especialidad econ\u00f3mica y siguiendo la tercera fase de la metodolog\u00eda <a href=\"#DesignThinking\" title=\"https:\/\/www.designthinking.es\/home\/index.php\">#DesignThinking<\/a>,  surgieron ideas muy interesantes para dar respuesta al reto que planteamos.<\/p>\n\n\n\n<figure class=\"wp-block-gallery columns-2 is-cropped wp-block-gallery-1 is-layout-flex wp-block-gallery-is-layout-flex\"><ul class=\"blocks-gallery-grid\"><li class=\"blocks-gallery-item\"><figure><img fetchpriority=\"high\" decoding=\"async\" width=\"925\" height=\"387\" src=\"https:\/\/blogs.deusto.es\/iedeusto\/wp-content\/uploads\/sites\/27\/2020\/11\/eleneeee-1.jpg\" alt=\"\" data-id=\"12349\" data-full-url=\"https:\/\/blogs.deusto.es\/iedeusto\/wp-content\/uploads\/sites\/27\/2020\/11\/eleneeee-1.jpg\" data-link=\"https:\/\/blogs.deusto.es\/iedeusto\/?attachment_id=12349\" class=\"wp-image-12349\" srcset=\"https:\/\/blogs.deusto.es\/wp-content\/uploads\/sites\/27\/2020\/11\/eleneeee-1.jpg 925w, https:\/\/blogs.deusto.es\/wp-content\/uploads\/sites\/27\/2020\/11\/eleneeee-1-300x126.jpg 300w, https:\/\/blogs.deusto.es\/wp-content\/uploads\/sites\/27\/2020\/11\/eleneeee-1-768x321.jpg 768w\" sizes=\"(max-width: 925px) 100vw, 925px\" \/><\/figure><\/li><li class=\"blocks-gallery-item\"><figure><img decoding=\"async\" width=\"924\" height=\"352\" src=\"https:\/\/blogs.deusto.es\/iedeusto\/wp-content\/uploads\/sites\/27\/2020\/11\/roberta.jpg\" alt=\"\" data-id=\"12350\" data-full-url=\"https:\/\/blogs.deusto.es\/iedeusto\/wp-content\/uploads\/sites\/27\/2020\/11\/roberta.jpg\" data-link=\"https:\/\/blogs.deusto.es\/iedeusto\/?attachment_id=12350\" class=\"wp-image-12350\" srcset=\"https:\/\/blogs.deusto.es\/wp-content\/uploads\/sites\/27\/2020\/11\/roberta.jpg 924w, https:\/\/blogs.deusto.es\/wp-content\/uploads\/sites\/27\/2020\/11\/roberta-300x114.jpg 300w, https:\/\/blogs.deusto.es\/wp-content\/uploads\/sites\/27\/2020\/11\/roberta-768x293.jpg 768w\" sizes=\"(max-width: 924px) 100vw, 924px\" \/><\/figure><\/li><\/ul><\/figure>\n\n\n\n<p>\u00b7<\/p>\n\n\n\n<h3 class=\"wp-block-heading\"><strong>Oportunidades Deusto Emprende<\/strong> <\/h3>\n\n\n\n<p>Innogune &#8211; La tarde del jueves, Mikel Korta, responsable de Innogune Donostia, realiz\u00f3 una presentaci\u00f3n de todos los servicios que incluy\u00f3 una visita virtual del edificio a trav\u00e9s de Google Street View. Durante hora y media, los estudiantes que se conectaron pudieron aprender sobre qu\u00e9 hacemos en la Unidad, desde las formaciones que ofrecemos hasta el modelo por el cual nos guiamos en las que entran en juego los valores de Deusto Emprende. <\/p>\n\n\n\n<p>.<\/p>\n\n\n\n<figure class=\"wp-block-gallery columns-2 is-cropped wp-block-gallery-2 is-layout-flex wp-block-gallery-is-layout-flex\"><ul class=\"blocks-gallery-grid\"><li class=\"blocks-gallery-item\"><figure><img decoding=\"async\" width=\"1024\" height=\"566\" src=\"https:\/\/blogs.deusto.es\/iedeusto\/wp-content\/uploads\/sites\/27\/2020\/11\/Captura4444-1024x566.jpg\" alt=\"\" data-id=\"12344\" data-link=\"https:\/\/blogs.deusto.es\/iedeusto\/?attachment_id=12344\" class=\"wp-image-12344\" srcset=\"https:\/\/blogs.deusto.es\/wp-content\/uploads\/sites\/27\/2020\/11\/Captura4444-1024x566.jpg 1024w, https:\/\/blogs.deusto.es\/wp-content\/uploads\/sites\/27\/2020\/11\/Captura4444-300x166.jpg 300w, https:\/\/blogs.deusto.es\/wp-content\/uploads\/sites\/27\/2020\/11\/Captura4444-768x425.jpg 768w, https:\/\/blogs.deusto.es\/wp-content\/uploads\/sites\/27\/2020\/11\/Captura4444.jpg 1201w\" sizes=\"(max-width: 1024px) 100vw, 1024px\" \/><\/figure><\/li><li class=\"blocks-gallery-item\"><figure><img loading=\"lazy\" decoding=\"async\" width=\"1024\" height=\"544\" src=\"https:\/\/blogs.deusto.es\/iedeusto\/wp-content\/uploads\/sites\/27\/2020\/11\/Captura444-1024x544.jpg\" alt=\"\" data-id=\"12345\" data-full-url=\"https:\/\/blogs.deusto.es\/iedeusto\/wp-content\/uploads\/sites\/27\/2020\/11\/Captura444.jpg\" data-link=\"https:\/\/blogs.deusto.es\/iedeusto\/?attachment_id=12345\" class=\"wp-image-12345\" srcset=\"https:\/\/blogs.deusto.es\/wp-content\/uploads\/sites\/27\/2020\/11\/Captura444-1024x544.jpg 1024w, https:\/\/blogs.deusto.es\/wp-content\/uploads\/sites\/27\/2020\/11\/Captura444-300x160.jpg 300w, https:\/\/blogs.deusto.es\/wp-content\/uploads\/sites\/27\/2020\/11\/Captura444-768x408.jpg 768w, https:\/\/blogs.deusto.es\/wp-content\/uploads\/sites\/27\/2020\/11\/Captura444.jpg 1230w\" sizes=\"(max-width: 1024px) 100vw, 1024px\" \/><\/figure><\/li><\/ul><\/figure>\n\n\n\n<h3 class=\"wp-block-heading\"><strong>Reto Espacio &#8211; Contenedor Deusto Emprende<\/strong><\/h3>\n\n\n\n<p>Jueves, cuarto d\u00eda de la semana emprende. En pleno Noviembre ten\u00eda que llegar el d\u00eda y una fina lluvia nos acompa\u00f1\u00f3 a lo largo de todo el d\u00eda. En cualquier otro lugar esto afectar\u00eda a la participaci\u00f3n, pero en el Pais Vasco esto es el pan de cada d\u00eda y aprovechamos para Innovar.<\/p>\n\n\n\n<p>Desde DeustoKabi lleg\u00e1bamos con un nuevo reto. \u00bfQu\u00e9 es un MVP? En el entorno baloncest\u00edstico Most Valuable Player s\u00ed, pero \u00bfy en un entorno emprendedor? El alumnado que se acerc\u00f3 a la plaza de la memoria pudo no solo aprenderlo, sino vivirlo en sus propias carnes con el primer prototipo de la Mochila Silla. Tras breves momento de incertidumbre y observaci\u00f3n por parte de Mikel Centeno, creador de la misma, el alumnado iba descifrando c\u00f3mo utilizarla y pas\u00e1bamos a preguntar \u00bfD\u00f3nde, C\u00f3mo y Cu\u00e1ndo lo utilizar\u00edas? \u00bfCu\u00e1nto pagar\u00edas por ella?&#8230; Un win-win en toda regla en el que todos y todas aprendimos y despu\u00e9s del cual el emprendedor se fue a casa contento y con deberes.<\/p>\n\n\n\n<p>Este d\u00eda tambi\u00e9n contamos con la presencia de <a href=\"https:\/\/www.linkedin.com\/in\/manuel-sendagorta-boogen-a5b297179\/\" title=\"https:\/\/www.linkedin.com\/in\/manuel-sendagorta-boogen-a5b297179\/\">Manu Sendagorta<\/a> de <a href=\"https:\/\/www.latchbrand.es\/\" title=\"https:\/\/www.latchbrand.es\/\">Lacth Brand<\/a>, una comercializadora de cinturones de estilo \u00e9tnico, hechos a mano y originarios de Guatemala.<\/p>\n\n\n\n<figure class=\"wp-block-image size-large\"><img loading=\"lazy\" decoding=\"async\" width=\"1024\" height=\"576\" src=\"https:\/\/blogs.deusto.es\/iedeusto\/wp-content\/uploads\/sites\/27\/2020\/11\/Latch-1024x576.jpg\" alt=\"\" class=\"wp-image-12365\" srcset=\"https:\/\/blogs.deusto.es\/wp-content\/uploads\/sites\/27\/2020\/11\/Latch-1024x576.jpg 1024w, https:\/\/blogs.deusto.es\/wp-content\/uploads\/sites\/27\/2020\/11\/Latch-300x169.jpg 300w, https:\/\/blogs.deusto.es\/wp-content\/uploads\/sites\/27\/2020\/11\/Latch-768x432.jpg 768w, https:\/\/blogs.deusto.es\/wp-content\/uploads\/sites\/27\/2020\/11\/Latch.jpg 1423w\" sizes=\"(max-width: 1024px) 100vw, 1024px\" \/><\/figure>\n\n\n\n<p>Escucharle fue un placer dado que nos permiti\u00f3 conocer la experiencia de un estudiante de Deusto y c\u00f3mo es posible emprender mientras se estudia. El trabajo en equipo, tener las ideas claras y gestionar bien el tiempo fueron claves en el desarrollo de su startup.<\/p>\n\n\n\n<p>\u00b7<\/p>\n<p><span class='st_facebook_buttons' st_title='Semana Deusto Emprende 2020 &#8211; D\u00eda 4' st_url='https:\/\/blogs.deusto.es\/iedeusto\/semana-deusto-emprende-2020-dia-4\/' displayText='facebook'><\/span><span st_via='deustoDEC' st_username='deustoDEC' class='st_twitter_buttons' st_title='Semana Deusto Emprende 2020 &#8211; D\u00eda 4' st_url='https:\/\/blogs.deusto.es\/iedeusto\/semana-deusto-emprende-2020-dia-4\/' displayText='twitter'><\/span><span class='st_email_buttons' st_title='Semana Deusto Emprende 2020 &#8211; D\u00eda 4' st_url='https:\/\/blogs.deusto.es\/iedeusto\/semana-deusto-emprende-2020-dia-4\/' displayText='email'><\/span><span class='st_fblike_buttons' st_title='Semana Deusto Emprende 2020 &#8211; D\u00eda 4' st_url='https:\/\/blogs.deusto.es\/iedeusto\/semana-deusto-emprende-2020-dia-4\/' displayText='fblike'><\/span><span class='st_plusone_buttons' st_title='Semana Deusto Emprende 2020 &#8211; D\u00eda 4' st_url='https:\/\/blogs.deusto.es\/iedeusto\/semana-deusto-emprende-2020-dia-4\/' displayText='plusone'><\/span><span class='st_pinterest_buttons' st_title='Semana Deusto Emprende 2020 &#8211; D\u00eda 4' st_url='https:\/\/blogs.deusto.es\/iedeusto\/semana-deusto-emprende-2020-dia-4\/' displayText='pinterest'><\/span><span class='st_sharethis_buttons' st_title='Semana Deusto Emprende 2020 &#8211; D\u00eda 4' st_url='https:\/\/blogs.deusto.es\/iedeusto\/semana-deusto-emprende-2020-dia-4\/' displayText='sharethis'><\/span><\/p>","protected":false},"excerpt":{"rendered":"<p>Del 16 al 20&nbsp;de noviembre tiene lugar la&nbsp;Global Entrepreneurship Week&nbsp;en 180 pa\u00edses, con 20.000 socios, 40.000 eventos y 10 millones de personas participantes en esta iniciativa que busca fomentar la cultura emprendedora e innovadora. Deusto&nbsp;Emprende&nbsp;&#8211; Unidad de Innovaci\u00f3n y Emprendimiento&nbsp;de la Universidad de&nbsp;Deusto&nbsp;se suma a esta iniciativa de manera adaptada a la situaci\u00f3n. Por la [&hellip;]<\/p>\n<p><span class='st_facebook_buttons' st_title='Semana Deusto Emprende 2020 &#8211; D\u00eda 4' st_url='https:\/\/blogs.deusto.es\/iedeusto\/semana-deusto-emprende-2020-dia-4\/' displayText='facebook'><\/span><span st_via='deustoDEC' st_username='deustoDEC' class='st_twitter_buttons' st_title='Semana Deusto Emprende 2020 &#8211; D\u00eda 4' st_url='https:\/\/blogs.deusto.es\/iedeusto\/semana-deusto-emprende-2020-dia-4\/' displayText='twitter'><\/span><span class='st_email_buttons' st_title='Semana Deusto Emprende 2020 &#8211; D\u00eda 4' st_url='https:\/\/blogs.deusto.es\/iedeusto\/semana-deusto-emprende-2020-dia-4\/' displayText='email'><\/span><span class='st_fblike_buttons' st_title='Semana Deusto Emprende 2020 &#8211; D\u00eda 4' st_url='https:\/\/blogs.deusto.es\/iedeusto\/semana-deusto-emprende-2020-dia-4\/' displayText='fblike'><\/span><span class='st_plusone_buttons' st_title='Semana Deusto Emprende 2020 &#8211; D\u00eda 4' st_url='https:\/\/blogs.deusto.es\/iedeusto\/semana-deusto-emprende-2020-dia-4\/' displayText='plusone'><\/span><span class='st_pinterest_buttons' st_title='Semana Deusto Emprende 2020 &#8211; D\u00eda 4' st_url='https:\/\/blogs.deusto.es\/iedeusto\/semana-deusto-emprende-2020-dia-4\/' displayText='pinterest'><\/span><span class='st_sharethis_buttons' st_title='Semana Deusto Emprende 2020 &#8211; D\u00eda 4' st_url='https:\/\/blogs.deusto.es\/iedeusto\/semana-deusto-emprende-2020-dia-4\/' displayText='sharethis'><\/span><\/p>","protected":false},"author":387,"featured_media":12356,"comment_status":"open","ping_status":"open","sticky":false,"template":"","format":"standard","meta":{"site-sidebar-layout":"default","site-content-layout":"","ast-site-content-layout":"default","site-content-style":"default","site-sidebar-style":"default","ast-global-header-display":"","ast-banner-title-visibility":"","ast-main-header-display":"","ast-hfb-above-header-display":"","ast-hfb-below-header-display":"","ast-hfb-mobile-header-display":"","site-post-title":"","ast-breadcrumbs-content":"","ast-featured-img":"","footer-sml-layout":"","ast-disable-related-posts":"","theme-transparent-header-meta":"","adv-header-id-meta":"","stick-header-meta":"","header-above-stick-meta":"","header-main-stick-meta":"","header-below-stick-meta":"","astra-migrate-meta-layouts":"default","ast-page-background-enabled":"default","ast-page-background-meta":{"desktop":{"background-color":"var(--ast-global-color-4)","background-image":"","background-repeat":"repeat","background-position":"center center","background-size":"auto","background-attachment":"scroll","background-type":"","background-media":"","overlay-type":"","overlay-color":"","overlay-opacity":"","overlay-gradient":""},"tablet":{"background-color":"","background-image":"","background-repeat":"repeat","background-position":"center center","background-size":"auto","background-attachment":"scroll","background-type":"","background-media":"","overlay-type":"","overlay-color":"","overlay-opacity":"","overlay-gradient":""},"mobile":{"background-color":"","background-image":"","background-repeat":"repeat","background-position":"center center","background-size":"auto","background-attachment":"scroll","background-type":"","background-media":"","overlay-type":"","overlay-color":"","overlay-opacity":"","overlay-gradient":""}},"ast-content-background-meta":{"desktop":{"background-color":"var(--ast-global-color-5)","background-image":"","background-repeat":"repeat","background-position":"center center","background-size":"auto","background-attachment":"scroll","background-type":"","background-media":"","overlay-type":"","overlay-color":"","overlay-opacity":"","overlay-gradient":""},"tablet":{"background-color":"var(--ast-global-color-5)","background-image":"","background-repeat":"repeat","background-position":"center center","background-size":"auto","background-attachment":"scroll","background-type":"","background-media":"","overlay-type":"","overlay-color":"","overlay-opacity":"","overlay-gradient":""},"mobile":{"background-color":"var(--ast-global-color-5)","background-image":"","background-repeat":"repeat","background-position":"center center","background-size":"auto","background-attachment":"scroll","background-type":"","background-media":"","overlay-type":"","overlay-color":"","overlay-opacity":"","overlay-gradient":""}},"footnotes":""},"categories":[468,461],"tags":[],"class_list":["post-12338","post","type-post","status-publish","format-standard","has-post-thumbnail","hentry","category-jueves","category-semana-emprende-2020"],"aioseo_notices":[],"jetpack_featured_media_url":"https:\/\/blogs.deusto.es\/wp-content\/uploads\/sites\/27\/2020\/11\/Dia-1-Foto-Portada-Blog-2.png","_links":{"self":[{"href":"https:\/\/blogs.deusto.es\/iedeusto\/wp-json\/wp\/v2\/posts\/12338","targetHints":{"allow":["GET"]}}],"collection":[{"href":"https:\/\/blogs.deusto.es\/iedeusto\/wp-json\/wp\/v2\/posts"}],"about":[{"href":"https:\/\/blogs.deusto.es\/iedeusto\/wp-json\/wp\/v2\/types\/post"}],"author":[{"embeddable":true,"href":"https:\/\/blogs.deusto.es\/iedeusto\/wp-json\/wp\/v2\/users\/387"}],"replies":[{"embeddable":true,"href":"https:\/\/blogs.deusto.es\/iedeusto\/wp-json\/wp\/v2\/comments?post=12338"}],"version-history":[{"count":9,"href":"https:\/\/blogs.deusto.es\/iedeusto\/wp-json\/wp\/v2\/posts\/12338\/revisions"}],"predecessor-version":[{"id":12368,"href":"https:\/\/blogs.deusto.es\/iedeusto\/wp-json\/wp\/v2\/posts\/12338\/revisions\/12368"}],"wp:featuredmedia":[{"embeddable":true,"href":"https:\/\/blogs.deusto.es\/iedeusto\/wp-json\/wp\/v2\/media\/12356"}],"wp:attachment":[{"href":"https:\/\/blogs.deusto.es\/iedeusto\/wp-json\/wp\/v2\/media?parent=12338"}],"wp:term":[{"taxonomy":"category","embeddable":true,"href":"https:\/\/blogs.deusto.es\/iedeusto\/wp-json\/wp\/v2\/categories?post=12338"},{"taxonomy":"post_tag","embeddable":true,"href":"https:\/\/blogs.deusto.es\/iedeusto\/wp-json\/wp\/v2\/tags?post=12338"}],"curies":[{"name":"wp","href":"https:\/\/api.w.org\/{rel}","templated":true}]}}