{"id":14991,"date":"2021-11-23T11:12:56","date_gmt":"2021-11-23T10:12:56","guid":{"rendered":"https:\/\/preblogs.deusto.es\/iedeusto\/?p=14991"},"modified":"2021-11-23T17:10:23","modified_gmt":"2021-11-23T16:10:23","slug":"diarios-medea-2021-reto-5-con-grupo-gtm","status":"publish","type":"post","link":"https:\/\/blogs.deusto.es\/iedeusto\/diarios-medea-2021-reto-5-con-grupo-gtm\/","title":{"rendered":"Diarios MEDEA 2021: Reto 5 con grupo GTM"},"content":{"rendered":"\t\t<div data-elementor-type=\"wp-post\" data-elementor-id=\"14991\" class=\"elementor elementor-14991\" data-elementor-post-type=\"post\">\n\t\t\t\t\t\t<section class=\"elementor-section elementor-top-section elementor-element elementor-element-9207d75 elementor-section-boxed elementor-section-height-default elementor-section-height-default\" data-id=\"9207d75\" data-element_type=\"section\" data-e-type=\"section\">\n\t\t\t\t\t\t<div class=\"elementor-container elementor-column-gap-default\">\n\t\t\t\t\t<div class=\"elementor-column elementor-col-100 elementor-top-column elementor-element elementor-element-d5f5fec\" data-id=\"d5f5fec\" data-element_type=\"column\" data-e-type=\"column\">\n\t\t\t<div class=\"elementor-widget-wrap elementor-element-populated\">\n\t\t\t\t\t\t<div class=\"elementor-element elementor-element-e1658b2 elementor-widget elementor-widget-text-editor\" data-id=\"e1658b2\" data-element_type=\"widget\" data-e-type=\"widget\" data-widget_type=\"text-editor.default\">\n\t\t\t\t<div class=\"elementor-widget-container\">\n\t\t\t\t\t\t\t\t\t<p><span style=\"font-weight: 400;\">Ponemos fin al quinto reto del<\/span><a href=\"https:\/\/www.linkedin.com\/company\/deusto-master-dual-en-emprendimiento-en-accion?trk=public_post_share-update_update-text\"> <span style=\"font-weight: 400;\">Deusto M\u00e1ster Dual en Emprendimiento en Acci\u00f3n<\/span><\/a><span style=\"font-weight: 400;\">, bajo la tem\u00e1tica \u00abNuevas oportunidades\u00bb, propuesto por\u00a0<\/span><a href=\"https:\/\/matrami.com\/\"><span style=\"font-weight: 400;\">Matra<\/span><\/a><span style=\"font-weight: 400;\">, <\/span><a href=\"https:\/\/gtmgrupo.com\/\"><span style=\"font-weight: 400;\">Grupo GTM<\/span><\/a><span style=\"font-weight: 400;\">.<\/span><\/p><p><span style=\"font-weight: 400;\">Esta semana los y las participantes del M\u00e1ster se han centrado en identificar nuevas oportunidades de mercado. Una persona emprendedora debe estar enfocada a ver oportunidades donde otras ven problemas, y por ello, a lo largo de la semana, han podido<\/span><b> comprender mejor la importancia de la observaci\u00f3n continua sobre tendencias, tecnolog\u00edas y la sociedad para comprender d\u00f3nde surgen esas oportunidades. <\/b>En todo este proceso de aprendizaje, han tenido el placer de contar con el acompa\u00f1amiento de<a href=\"https:\/\/www.linkedin.com\/in\/carlospolo\/\"> Carlos Polo\u00a0<\/a>como facilitador de la Universidad.\u00a0<\/p>\t\t\t\t\t\t\t\t<\/div>\n\t\t\t\t<\/div>\n\t\t\t\t\t<\/div>\n\t\t<\/div>\n\t\t\t\t\t<\/div>\n\t\t<\/section>\n\t\t\t\t<section class=\"elementor-section elementor-top-section elementor-element elementor-element-1209834 elementor-section-boxed elementor-section-height-default elementor-section-height-default\" data-id=\"1209834\" data-element_type=\"section\" data-e-type=\"section\">\n\t\t\t\t\t\t<div class=\"elementor-container elementor-column-gap-default\">\n\t\t\t\t\t<div class=\"elementor-column elementor-col-100 elementor-top-column elementor-element elementor-element-6d2fb93\" data-id=\"6d2fb93\" data-element_type=\"column\" data-e-type=\"column\">\n\t\t\t<div class=\"elementor-widget-wrap elementor-element-populated\">\n\t\t\t\t\t\t<div class=\"elementor-element elementor-element-8ba48eb elementor-widget elementor-widget-image\" data-id=\"8ba48eb\" data-element_type=\"widget\" data-e-type=\"widget\" data-widget_type=\"image.default\">\n\t\t\t\t<div class=\"elementor-widget-container\">\n\t\t\t\t\t\t\t\t\t\t\t\t\t\t\t<img fetchpriority=\"high\" decoding=\"async\" width=\"1024\" height=\"768\" src=\"https:\/\/blogs.deusto.es\/wp-content\/uploads\/sites\/27\/2021\/11\/WhatsApp-Image-2021-11-22-at-16.37.04-1024x768.jpeg\" class=\"attachment-large size-large wp-image-15017\" alt=\"\" srcset=\"https:\/\/blogs.deusto.es\/wp-content\/uploads\/sites\/27\/2021\/11\/WhatsApp-Image-2021-11-22-at-16.37.04-1024x768.jpeg 1024w, https:\/\/blogs.deusto.es\/wp-content\/uploads\/sites\/27\/2021\/11\/WhatsApp-Image-2021-11-22-at-16.37.04-300x225.jpeg 300w, https:\/\/blogs.deusto.es\/wp-content\/uploads\/sites\/27\/2021\/11\/WhatsApp-Image-2021-11-22-at-16.37.04-768x576.jpeg 768w, https:\/\/blogs.deusto.es\/wp-content\/uploads\/sites\/27\/2021\/11\/WhatsApp-Image-2021-11-22-at-16.37.04-1536x1152.jpeg 1536w, https:\/\/blogs.deusto.es\/wp-content\/uploads\/sites\/27\/2021\/11\/WhatsApp-Image-2021-11-22-at-16.37.04.jpeg 1600w\" sizes=\"(max-width: 1024px) 100vw, 1024px\" \/>\t\t\t\t\t\t\t\t\t\t\t\t\t\t\t<\/div>\n\t\t\t\t<\/div>\n\t\t\t\t\t<\/div>\n\t\t<\/div>\n\t\t\t\t\t<\/div>\n\t\t<\/section>\n\t\t\t\t<section class=\"elementor-section elementor-top-section elementor-element elementor-element-da472f1 elementor-section-boxed elementor-section-height-default elementor-section-height-default\" data-id=\"da472f1\" data-element_type=\"section\" data-e-type=\"section\">\n\t\t\t\t\t\t<div class=\"elementor-container elementor-column-gap-default\">\n\t\t\t\t\t<div class=\"elementor-column elementor-col-100 elementor-top-column elementor-element elementor-element-f9bb275\" data-id=\"f9bb275\" data-element_type=\"column\" data-e-type=\"column\">\n\t\t\t<div class=\"elementor-widget-wrap elementor-element-populated\">\n\t\t\t\t\t\t<div class=\"elementor-element elementor-element-8d12795 elementor-widget elementor-widget-text-editor\" data-id=\"8d12795\" data-element_type=\"widget\" data-e-type=\"widget\" data-widget_type=\"text-editor.default\">\n\t\t\t\t<div class=\"elementor-widget-container\">\n\t\t\t\t\t\t\t\t\t<p>El<span style=\"font-weight: 400;\"> primer d\u00eda, acompa\u00f1ados por\u00a0<\/span><span style=\"font-weight: 400;\">facilitadores de la empresa,\u00a0<\/span><a href=\"https:\/\/www.linkedin.com\/in\/jaime-galaz-de-miguel-146b0962\/\"><span style=\"font-weight: 400;\">Jaime Galaz de Miguel<\/span><\/a><span style=\"font-weight: 400;\">, Gonzalo de la Rica y <\/span><a href=\"https:\/\/www.linkedin.com\/in\/borja-arbeo-2a561431\/\"><span style=\"font-weight: 400;\">Borja Arbeo<\/span><\/a><span style=\"font-weight: 400;\">, pudieron descubrir m\u00e1s acerca de las empresas involucradas en el reto, adem\u00e1s de realizar una visita a las instalaciones de <\/span><a href=\"https:\/\/tamoin.com\/\"><span style=\"font-weight: 400;\">TAMOIN <\/span><\/a><span style=\"font-weight: 400;\">en Zierbana, descubriendo el interior del almac\u00e9n, y explorando los diferentes tipos de obras ejecutadas por <\/span><a href=\"https:\/\/matrami.com\/\"><span style=\"font-weight: 400;\">MATRA <\/span><\/a><span style=\"font-weight: 400;\">en naves industriales. Las tres personas de la organizaci\u00f3n transmitieron al alumnado las dificultades para operar y quisieron acercar al grupo a la realidad de la empresa, antes de presentarles el reto sobre la tem\u00e1tica de modelos de negocio el que trabajar\u00edan durante la semana.<\/span><\/p><p dir=\"ltr\">El segundo d\u00eda, de vuelta en la <a href=\"https:\/\/www.deusto.es\/cs\/Satellite\/deusto\/es\/universidad-deusto\">Universidad de Deusto<\/a>, comenzaron con una sesi\u00f3n tem\u00e1tica \u2018The Innovation Matrix\u2019 completa con una charla inspiradora sobre innovaci\u00f3n, antes de comenzar una din\u00e1mica de trabajo en grupo para empezar a resolver el reto. Con el apoyo de <a href=\"https:\/\/www.linkedin.com\/in\/roberta-vicente\/\">Roberta Vicente<\/a>, parte del equipo de coordinaci\u00f3n del M\u00e1ster, los cuatro equipos interdisciplinares comenzaron a trabajar con las diferentes etapas de la metodolog\u00eda <a href=\"https:\/\/www.designthinking.es\/inicio\/index.php\">#DesignThinking<\/a>; desde investigaci\u00f3n, s\u00edntesis, ideaci\u00f3n y finalmente prototipado antes de preparar las presentaciones.\u00a0<\/p>\t\t\t\t\t\t\t\t<\/div>\n\t\t\t\t<\/div>\n\t\t\t\t\t<\/div>\n\t\t<\/div>\n\t\t\t\t\t<\/div>\n\t\t<\/section>\n\t\t\t\t<section class=\"elementor-section elementor-top-section elementor-element elementor-element-feb13b1 elementor-section-boxed elementor-section-height-default elementor-section-height-default\" data-id=\"feb13b1\" data-element_type=\"section\" data-e-type=\"section\">\n\t\t\t\t\t\t<div class=\"elementor-container elementor-column-gap-default\">\n\t\t\t\t\t<div class=\"elementor-column elementor-col-50 elementor-top-column elementor-element elementor-element-302e4a8\" data-id=\"302e4a8\" data-element_type=\"column\" data-e-type=\"column\">\n\t\t\t<div class=\"elementor-widget-wrap elementor-element-populated\">\n\t\t\t\t\t\t<div class=\"elementor-element elementor-element-37ce867 elementor-widget elementor-widget-image\" data-id=\"37ce867\" data-element_type=\"widget\" data-e-type=\"widget\" data-widget_type=\"image.default\">\n\t\t\t\t<div class=\"elementor-widget-container\">\n\t\t\t\t\t\t\t\t\t\t\t\t\t\t\t<img decoding=\"async\" width=\"915\" height=\"562\" src=\"https:\/\/blogs.deusto.es\/wp-content\/uploads\/sites\/27\/2021\/11\/Captura1-3.png\" class=\"attachment-large size-large wp-image-14999\" alt=\"\" srcset=\"https:\/\/blogs.deusto.es\/wp-content\/uploads\/sites\/27\/2021\/11\/Captura1-3.png 915w, https:\/\/blogs.deusto.es\/wp-content\/uploads\/sites\/27\/2021\/11\/Captura1-3-300x184.png 300w, https:\/\/blogs.deusto.es\/wp-content\/uploads\/sites\/27\/2021\/11\/Captura1-3-768x472.png 768w\" sizes=\"(max-width: 915px) 100vw, 915px\" \/>\t\t\t\t\t\t\t\t\t\t\t\t\t\t\t<\/div>\n\t\t\t\t<\/div>\n\t\t\t\t\t<\/div>\n\t\t<\/div>\n\t\t\t\t<div class=\"elementor-column elementor-col-50 elementor-top-column elementor-element elementor-element-3cd945e\" data-id=\"3cd945e\" data-element_type=\"column\" data-e-type=\"column\">\n\t\t\t<div class=\"elementor-widget-wrap elementor-element-populated\">\n\t\t\t\t\t\t<div class=\"elementor-element elementor-element-d15dcfb elementor-widget elementor-widget-image\" data-id=\"d15dcfb\" data-element_type=\"widget\" data-e-type=\"widget\" data-widget_type=\"image.default\">\n\t\t\t\t<div class=\"elementor-widget-container\">\n\t\t\t\t\t\t\t\t\t\t\t\t\t\t\t<img decoding=\"async\" width=\"923\" height=\"626\" src=\"https:\/\/blogs.deusto.es\/wp-content\/uploads\/sites\/27\/2021\/11\/Captura-16.png\" class=\"attachment-large size-large wp-image-14998\" alt=\"\" srcset=\"https:\/\/blogs.deusto.es\/wp-content\/uploads\/sites\/27\/2021\/11\/Captura-16.png 923w, https:\/\/blogs.deusto.es\/wp-content\/uploads\/sites\/27\/2021\/11\/Captura-16-300x203.png 300w, https:\/\/blogs.deusto.es\/wp-content\/uploads\/sites\/27\/2021\/11\/Captura-16-768x521.png 768w\" sizes=\"(max-width: 923px) 100vw, 923px\" \/>\t\t\t\t\t\t\t\t\t\t\t\t\t\t\t<\/div>\n\t\t\t\t<\/div>\n\t\t\t\t\t<\/div>\n\t\t<\/div>\n\t\t\t\t\t<\/div>\n\t\t<\/section>\n\t\t\t\t<section class=\"elementor-section elementor-top-section elementor-element elementor-element-c77eea4 elementor-section-boxed elementor-section-height-default elementor-section-height-default\" data-id=\"c77eea4\" data-element_type=\"section\" data-e-type=\"section\">\n\t\t\t\t\t\t<div class=\"elementor-container elementor-column-gap-default\">\n\t\t\t\t\t<div class=\"elementor-column elementor-col-100 elementor-top-column elementor-element elementor-element-97379f0\" data-id=\"97379f0\" data-element_type=\"column\" data-e-type=\"column\">\n\t\t\t<div class=\"elementor-widget-wrap elementor-element-populated\">\n\t\t\t\t\t\t<div class=\"elementor-element elementor-element-86ffdfa elementor-widget elementor-widget-text-editor\" data-id=\"86ffdfa\" data-element_type=\"widget\" data-e-type=\"widget\" data-widget_type=\"text-editor.default\">\n\t\t\t\t<div class=\"elementor-widget-container\">\n\t\t\t\t\t\t\t\t\t<p><span style=\"font-weight: 400;\">Para finalizar el reto, el grupo de participantes pudo asistir a una sesi\u00f3n inspiracional de cierre por parte de <\/span><a href=\"https:\/\/www.linkedin.com\/in\/jaime-galaz-de-miguel-146b0962\/\"><span style=\"font-weight: 400;\">Jaime Galaz<\/span><\/a><span style=\"font-weight: 400;\">, haciendo \u00e9nfasis en la importancia de ser buenas personas y tratar de generar un impacto positivo all\u00ed donde estemos.<\/span><\/p><p style=\"text-align: center;\"><strong>\u00a1Muy buen trabajo a todos! Seguimos aprendiendo y mejorando.\u00a0<\/strong><\/p>\t\t\t\t\t\t\t\t<\/div>\n\t\t\t\t<\/div>\n\t\t\t\t\t<\/div>\n\t\t<\/div>\n\t\t\t\t\t<\/div>\n\t\t<\/section>\n\t\t\t\t<\/div>\n\t\t<p><span class='st_facebook_buttons' st_title='Diarios MEDEA 2021: Reto 5 con grupo GTM' st_url='https:\/\/blogs.deusto.es\/iedeusto\/diarios-medea-2021-reto-5-con-grupo-gtm\/' displayText='facebook'><\/span><span st_via='deustoDEC' st_username='deustoDEC' class='st_twitter_buttons' st_title='Diarios MEDEA 2021: Reto 5 con grupo GTM' st_url='https:\/\/blogs.deusto.es\/iedeusto\/diarios-medea-2021-reto-5-con-grupo-gtm\/' displayText='twitter'><\/span><span class='st_email_buttons' st_title='Diarios MEDEA 2021: Reto 5 con grupo GTM' st_url='https:\/\/blogs.deusto.es\/iedeusto\/diarios-medea-2021-reto-5-con-grupo-gtm\/' displayText='email'><\/span><span class='st_fblike_buttons' st_title='Diarios MEDEA 2021: Reto 5 con grupo GTM' st_url='https:\/\/blogs.deusto.es\/iedeusto\/diarios-medea-2021-reto-5-con-grupo-gtm\/' displayText='fblike'><\/span><span class='st_plusone_buttons' st_title='Diarios MEDEA 2021: Reto 5 con grupo GTM' st_url='https:\/\/blogs.deusto.es\/iedeusto\/diarios-medea-2021-reto-5-con-grupo-gtm\/' displayText='plusone'><\/span><span class='st_pinterest_buttons' st_title='Diarios MEDEA 2021: Reto 5 con grupo GTM' st_url='https:\/\/blogs.deusto.es\/iedeusto\/diarios-medea-2021-reto-5-con-grupo-gtm\/' displayText='pinterest'><\/span><span class='st_sharethis_buttons' st_title='Diarios MEDEA 2021: Reto 5 con grupo GTM' st_url='https:\/\/blogs.deusto.es\/iedeusto\/diarios-medea-2021-reto-5-con-grupo-gtm\/' displayText='sharethis'><\/span><\/p>","protected":false},"excerpt":{"rendered":"<p>Ponemos fin al quinto reto del Deusto M\u00e1ster Dual en Emprendimiento en Acci\u00f3n, bajo la tem\u00e1tica \u00abNuevas oportunidades\u00bb, propuesto por\u00a0Matra, Grupo GTM. Esta semana los y las participantes del M\u00e1ster se han centrado en identificar nuevas oportunidades de mercado. Una persona emprendedora debe estar enfocada a ver oportunidades donde otras ven problemas, y por ello, [&hellip;]<\/p>\n<p><span class='st_facebook_buttons' st_title='Diarios MEDEA 2021: Reto 5 con grupo GTM' st_url='https:\/\/blogs.deusto.es\/iedeusto\/diarios-medea-2021-reto-5-con-grupo-gtm\/' displayText='facebook'><\/span><span st_via='deustoDEC' st_username='deustoDEC' class='st_twitter_buttons' st_title='Diarios MEDEA 2021: Reto 5 con grupo GTM' st_url='https:\/\/blogs.deusto.es\/iedeusto\/diarios-medea-2021-reto-5-con-grupo-gtm\/' displayText='twitter'><\/span><span class='st_email_buttons' st_title='Diarios MEDEA 2021: Reto 5 con grupo GTM' st_url='https:\/\/blogs.deusto.es\/iedeusto\/diarios-medea-2021-reto-5-con-grupo-gtm\/' displayText='email'><\/span><span class='st_fblike_buttons' st_title='Diarios MEDEA 2021: Reto 5 con grupo GTM' st_url='https:\/\/blogs.deusto.es\/iedeusto\/diarios-medea-2021-reto-5-con-grupo-gtm\/' displayText='fblike'><\/span><span class='st_plusone_buttons' st_title='Diarios MEDEA 2021: Reto 5 con grupo GTM' st_url='https:\/\/blogs.deusto.es\/iedeusto\/diarios-medea-2021-reto-5-con-grupo-gtm\/' displayText='plusone'><\/span><span class='st_pinterest_buttons' st_title='Diarios MEDEA 2021: Reto 5 con grupo GTM' st_url='https:\/\/blogs.deusto.es\/iedeusto\/diarios-medea-2021-reto-5-con-grupo-gtm\/' displayText='pinterest'><\/span><span class='st_sharethis_buttons' st_title='Diarios MEDEA 2021: Reto 5 con grupo GTM' st_url='https:\/\/blogs.deusto.es\/iedeusto\/diarios-medea-2021-reto-5-con-grupo-gtm\/' displayText='sharethis'><\/span><\/p>","protected":false},"author":387,"featured_media":15008,"comment_status":"open","ping_status":"open","sticky":false,"template":"","format":"standard","meta":{"site-sidebar-layout":"default","site-content-layout":"","ast-site-content-layout":"default","site-content-style":"default","site-sidebar-style":"default","ast-global-header-display":"","ast-banner-title-visibility":"","ast-main-header-display":"","ast-hfb-above-header-display":"","ast-hfb-below-header-display":"","ast-hfb-mobile-header-display":"","site-post-title":"","ast-breadcrumbs-content":"","ast-featured-img":"","footer-sml-layout":"","ast-disable-related-posts":"","theme-transparent-header-meta":"","adv-header-id-meta":"","stick-header-meta":"","header-above-stick-meta":"","header-main-stick-meta":"","header-below-stick-meta":"","astra-migrate-meta-layouts":"default","ast-page-background-enabled":"default","ast-page-background-meta":{"desktop":{"background-color":"var(--ast-global-color-4)","background-image":"","background-repeat":"repeat","background-position":"center center","background-size":"auto","background-attachment":"scroll","background-type":"","background-media":"","overlay-type":"","overlay-color":"","overlay-opacity":"","overlay-gradient":""},"tablet":{"background-color":"","background-image":"","background-repeat":"repeat","background-position":"center center","background-size":"auto","background-attachment":"scroll","background-type":"","background-media":"","overlay-type":"","overlay-color":"","overlay-opacity":"","overlay-gradient":""},"mobile":{"background-color":"","background-image":"","background-repeat":"repeat","background-position":"center center","background-size":"auto","background-attachment":"scroll","background-type":"","background-media":"","overlay-type":"","overlay-color":"","overlay-opacity":"","overlay-gradient":""}},"ast-content-background-meta":{"desktop":{"background-color":"var(--ast-global-color-5)","background-image":"","background-repeat":"repeat","background-position":"center center","background-size":"auto","background-attachment":"scroll","background-type":"","background-media":"","overlay-type":"","overlay-color":"","overlay-opacity":"","overlay-gradient":""},"tablet":{"background-color":"var(--ast-global-color-5)","background-image":"","background-repeat":"repeat","background-position":"center center","background-size":"auto","background-attachment":"scroll","background-type":"","background-media":"","overlay-type":"","overlay-color":"","overlay-opacity":"","overlay-gradient":""},"mobile":{"background-color":"var(--ast-global-color-5)","background-image":"","background-repeat":"repeat","background-position":"center center","background-size":"auto","background-attachment":"scroll","background-type":"","background-media":"","overlay-type":"","overlay-color":"","overlay-opacity":"","overlay-gradient":""}},"footnotes":""},"categories":[362,366,332,485],"tags":[],"class_list":["post-14991","post","type-post","status-publish","format-standard","has-post-thumbnail","hentry","category-diarios-medea","category-formacion","category-master-dual-en-emprendimiento-en-accion","category-medea2021"],"aioseo_notices":[],"jetpack_featured_media_url":"https:\/\/blogs.deusto.es\/wp-content\/uploads\/sites\/27\/2021\/11\/Captura-4.jpg","_links":{"self":[{"href":"https:\/\/blogs.deusto.es\/iedeusto\/wp-json\/wp\/v2\/posts\/14991","targetHints":{"allow":["GET"]}}],"collection":[{"href":"https:\/\/blogs.deusto.es\/iedeusto\/wp-json\/wp\/v2\/posts"}],"about":[{"href":"https:\/\/blogs.deusto.es\/iedeusto\/wp-json\/wp\/v2\/types\/post"}],"author":[{"embeddable":true,"href":"https:\/\/blogs.deusto.es\/iedeusto\/wp-json\/wp\/v2\/users\/387"}],"replies":[{"embeddable":true,"href":"https:\/\/blogs.deusto.es\/iedeusto\/wp-json\/wp\/v2\/comments?post=14991"}],"version-history":[{"count":17,"href":"https:\/\/blogs.deusto.es\/iedeusto\/wp-json\/wp\/v2\/posts\/14991\/revisions"}],"predecessor-version":[{"id":15020,"href":"https:\/\/blogs.deusto.es\/iedeusto\/wp-json\/wp\/v2\/posts\/14991\/revisions\/15020"}],"wp:featuredmedia":[{"embeddable":true,"href":"https:\/\/blogs.deusto.es\/iedeusto\/wp-json\/wp\/v2\/media\/15008"}],"wp:attachment":[{"href":"https:\/\/blogs.deusto.es\/iedeusto\/wp-json\/wp\/v2\/media?parent=14991"}],"wp:term":[{"taxonomy":"category","embeddable":true,"href":"https:\/\/blogs.deusto.es\/iedeusto\/wp-json\/wp\/v2\/categories?post=14991"},{"taxonomy":"post_tag","embeddable":true,"href":"https:\/\/blogs.deusto.es\/iedeusto\/wp-json\/wp\/v2\/tags?post=14991"}],"curies":[{"name":"wp","href":"https:\/\/api.w.org\/{rel}","templated":true}]}}