{"id":16229,"date":"2022-09-26T15:12:16","date_gmt":"2022-09-26T13:12:16","guid":{"rendered":"https:\/\/preblogs.deusto.es\/iedeusto\/?p=16229"},"modified":"2022-09-26T15:59:14","modified_gmt":"2022-09-26T13:59:14","slug":"da-comienzo-la-6a-edicion-del-programa-de-emprendimiento-juvenil","status":"publish","type":"post","link":"https:\/\/blogs.deusto.es\/iedeusto\/da-comienzo-la-6a-edicion-del-programa-de-emprendimiento-juvenil\/","title":{"rendered":"Da comienzo la 6\u00aa edici\u00f3n del Programa de Emprendimiento Juvenil"},"content":{"rendered":"\n<p><a href=\"https:\/\/www.linkedin.com\/company\/deusto-innovacion-emprendimiento\/?miniCompanyUrn=urn%3Ali%3Afs_miniCompany%3A37264694\"><\/a>El viernes, 23 de septiembre, dio comienzo la nueva edici\u00f3n del <a href=\"https:\/\/www.deusto.es\/es\/inicio\/estudia\/estudios\/curso-seminario\/programa-emprendimiento-juvenil\" target=\"_blank\" rel=\"noreferrer noopener\">Programa de Emprendimiento Juvenil (PEJ)<\/a>, que tiene como objetivo activar la&nbsp;cultura&nbsp;emprendedora y facilitar la puesta en marcha de los&nbsp;proyectos&nbsp;emprendedores participantes.<\/p>\n\n\n\n<p>El Programa&nbsp;Emprendimiento&nbsp;Juvenil, impulsado por el&nbsp;<a href=\"https:\/\/www.linkedin.com\/company\/gobierno-vasco\/\">Gobierno Vasco<\/a>&nbsp;y en colaboraci\u00f3n con la&nbsp;<a href=\"https:\/\/www.linkedin.com\/company\/deusto\/\">Universidad de Deusto<\/a>, apoya la puesta en marcha de iniciativas empresariales en fase inicial con una ayuda de 3.600 \u20ac a cada proyecto.&nbsp; Adem\u00e1s de la financiaci\u00f3n, la ayuda cuenta con una&nbsp;formaci\u00f3n presencial y sesiones individuales centradas&nbsp;en asesorar y acompa\u00f1ar a aquellas personas&nbsp;seleccionadas para cursar el programa. Una vez finalizada la formaci\u00f3n, las personas seleccionadas deber\u00e1n realizar y presentar una memoria del proyecto en el que han estado trabajando.<\/p>\n\n\n\n<p>Este viernes, <a href=\"http:\/\/linkedin.com\/in\/garbinehenry\" target=\"_blank\" rel=\"noreferrer noopener\">Garbi\u00f1e Henry<\/a>, directora de Innovaci\u00f3n y Emprendimiento de la <a href=\"https:\/\/www.linkedin.com\/company\/deusto\/\">Universidad de Deusto<\/a>, dio la bienvenida a las y los nuevos 10 participantes del programa, realizando una ronda de presentaciones donde cada participante se presentaba, contaba sus hobbies y su proyecto. Adem\u00e1s, se present\u00f3 el <a href=\"https:\/\/youtu.be\/93AbDN3OAgI\" target=\"_blank\" rel=\"noreferrer noopener\" title=\"Modelo Deusto Emprendimiento (H4C3R) \">Modelo Deusto Emprendimiento (H4C3R) <\/a>y los servicios que ofrece la <a href=\"https:\/\/www.deusto.es\/cs\/Satellite\/deusto\/es\/emprendimiento-0\" target=\"_blank\" rel=\"noreferrer noopener\">Unidad de Innovaci\u00f3n y Emprendimiento<\/a> de la Universidad. Finalmente, <a href=\"http:\/\/linkedin.com\/in\/vanessa-angulo-sainz-9928b746\" target=\"_blank\" rel=\"noreferrer noopener\">Vanessa Angulo<\/a>, del equipo de <a href=\"https:\/\/www.deusto.es\/cs\/Satellite\/deusto\/es\/emprendimiento-0\" target=\"_blank\" rel=\"noreferrer noopener\">Deusto Emprende<\/a>, realiz\u00f3 una presentaci\u00f3n explicando el funcionamiento, calendario y sesiones del <a href=\"https:\/\/www.deusto.es\/es\/inicio\/estudia\/estudios\/curso-seminario\/programa-emprendimiento-juvenil\" target=\"_blank\" rel=\"noreferrer noopener\">Programa de Emprendimiento Juvenil<\/a>.<\/p>\n\n\n\n<p>Desde el 30 de septiembre hasta el 16 de diciembre, <a href=\"https:\/\/www.deusto.es\/cs\/Satellite\/deusto\/es\/emprendimiento-0\" target=\"_blank\" rel=\"noreferrer noopener\">Deusto Emprende<\/a> proporcionar\u00e1 a los y las participantes sesiones formativas sobre el ecosistema emprendedor, aspectos legales, modelos de negocio, tendencias tecnol\u00f3gicas, comunicaci\u00f3n y marketing digital y comunicaci\u00f3n efectiva y <em>pitch<\/em>. Todas ellas de la mano de personas expertas como<a href=\"http:\/\/linkedin.com\/in\/raulonaindia\" target=\"_blank\" rel=\"noreferrer noopener\"> Ra\u00fal Onaindia<\/a>, <a href=\"http:\/\/linkedin.com\/in\/alvaro-merino-b065b8117\" target=\"_blank\" rel=\"noreferrer noopener\">\u00c1lvaro Merino<\/a>, <a href=\"http:\/\/linkedin.com\/in\/martanavarrosaiz\" target=\"_blank\" rel=\"noreferrer noopener\">Marta Navarro<\/a>, <a href=\"http:\/\/linkedin.com\/in\/carlospolo\" target=\"_blank\" rel=\"noreferrer noopener\">Carlos Polo<\/a>. <\/p>\n\n\n\n<p>Para m\u00e1s informaci\u00f3n sobre el programa: <br><a href=\"https:\/\/lnkd.in\/eXhsM69p\">https:\/\/lnkd.in\/eXhsM69p<\/a><\/p>\n\n\n\n<div class=\"wp-block-columns is-layout-flex wp-container-core-columns-is-layout-28f84493 wp-block-columns-is-layout-flex\">\n<div class=\"wp-block-column is-layout-flow wp-block-column-is-layout-flow\">\n<figure class=\"wp-block-image size-large\"><a href=\"https:\/\/blogs.deusto.es\/alumni\/wp-content\/uploads\/sites\/27\/2022\/09\/DSC0605-1-scaled.jpg\"><img fetchpriority=\"high\" decoding=\"async\" width=\"1024\" height=\"683\" src=\"https:\/\/blogs.deusto.es\/alumni\/wp-content\/uploads\/sites\/27\/2022\/09\/DSC0605-1-1024x683.jpg\" alt=\"\" class=\"wp-image-16237\" srcset=\"https:\/\/blogs.deusto.es\/wp-content\/uploads\/sites\/27\/2022\/09\/DSC0605-1-1024x683.jpg 1024w, https:\/\/blogs.deusto.es\/wp-content\/uploads\/sites\/27\/2022\/09\/DSC0605-1-300x200.jpg 300w, https:\/\/blogs.deusto.es\/wp-content\/uploads\/sites\/27\/2022\/09\/DSC0605-1-768x512.jpg 768w, https:\/\/blogs.deusto.es\/wp-content\/uploads\/sites\/27\/2022\/09\/DSC0605-1-1536x1024.jpg 1536w, https:\/\/blogs.deusto.es\/wp-content\/uploads\/sites\/27\/2022\/09\/DSC0605-1-2048x1365.jpg 2048w\" sizes=\"(max-width: 1024px) 100vw, 1024px\" \/><\/a><\/figure>\n<\/div>\n\n\n\n<div class=\"wp-block-column is-layout-flow wp-block-column-is-layout-flow\">\n<figure class=\"wp-block-image size-large\"><a href=\"https:\/\/blogs.deusto.es\/alumni\/wp-content\/uploads\/sites\/27\/2022\/09\/DSC0598-1-1-scaled.jpg\"><img decoding=\"async\" width=\"1024\" height=\"683\" src=\"https:\/\/blogs.deusto.es\/alumni\/wp-content\/uploads\/sites\/27\/2022\/09\/DSC0598-1-1-1024x683.jpg\" alt=\"\" class=\"wp-image-16238\" srcset=\"https:\/\/blogs.deusto.es\/wp-content\/uploads\/sites\/27\/2022\/09\/DSC0598-1-1-1024x683.jpg 1024w, https:\/\/blogs.deusto.es\/wp-content\/uploads\/sites\/27\/2022\/09\/DSC0598-1-1-300x200.jpg 300w, https:\/\/blogs.deusto.es\/wp-content\/uploads\/sites\/27\/2022\/09\/DSC0598-1-1-768x512.jpg 768w, https:\/\/blogs.deusto.es\/wp-content\/uploads\/sites\/27\/2022\/09\/DSC0598-1-1-1536x1024.jpg 1536w, https:\/\/blogs.deusto.es\/wp-content\/uploads\/sites\/27\/2022\/09\/DSC0598-1-1-2048x1365.jpg 2048w\" sizes=\"(max-width: 1024px) 100vw, 1024px\" \/><\/a><\/figure>\n<\/div>\n<\/div>\n<p><span class='st_facebook_buttons' st_title='Da comienzo la 6\u00aa edici\u00f3n del Programa de Emprendimiento Juvenil' st_url='https:\/\/blogs.deusto.es\/iedeusto\/da-comienzo-la-6a-edicion-del-programa-de-emprendimiento-juvenil\/' displayText='facebook'><\/span><span st_via='deustoDEC' st_username='deustoDEC' class='st_twitter_buttons' st_title='Da comienzo la 6\u00aa edici\u00f3n del Programa de Emprendimiento Juvenil' st_url='https:\/\/blogs.deusto.es\/iedeusto\/da-comienzo-la-6a-edicion-del-programa-de-emprendimiento-juvenil\/' displayText='twitter'><\/span><span class='st_email_buttons' st_title='Da comienzo la 6\u00aa edici\u00f3n del Programa de Emprendimiento Juvenil' st_url='https:\/\/blogs.deusto.es\/iedeusto\/da-comienzo-la-6a-edicion-del-programa-de-emprendimiento-juvenil\/' displayText='email'><\/span><span class='st_fblike_buttons' st_title='Da comienzo la 6\u00aa edici\u00f3n del Programa de Emprendimiento Juvenil' st_url='https:\/\/blogs.deusto.es\/iedeusto\/da-comienzo-la-6a-edicion-del-programa-de-emprendimiento-juvenil\/' displayText='fblike'><\/span><span class='st_plusone_buttons' st_title='Da comienzo la 6\u00aa edici\u00f3n del Programa de Emprendimiento Juvenil' st_url='https:\/\/blogs.deusto.es\/iedeusto\/da-comienzo-la-6a-edicion-del-programa-de-emprendimiento-juvenil\/' displayText='plusone'><\/span><span class='st_pinterest_buttons' st_title='Da comienzo la 6\u00aa edici\u00f3n del Programa de Emprendimiento Juvenil' st_url='https:\/\/blogs.deusto.es\/iedeusto\/da-comienzo-la-6a-edicion-del-programa-de-emprendimiento-juvenil\/' displayText='pinterest'><\/span><span class='st_sharethis_buttons' st_title='Da comienzo la 6\u00aa edici\u00f3n del Programa de Emprendimiento Juvenil' st_url='https:\/\/blogs.deusto.es\/iedeusto\/da-comienzo-la-6a-edicion-del-programa-de-emprendimiento-juvenil\/' displayText='sharethis'><\/span><\/p>","protected":false},"excerpt":{"rendered":"<p>El viernes, 23 de septiembre, dio comienzo la nueva edici\u00f3n del Programa de Emprendimiento Juvenil (PEJ), que tiene como objetivo activar la&nbsp;cultura&nbsp;emprendedora y facilitar la puesta en marcha de los&nbsp;proyectos&nbsp;emprendedores participantes. El Programa&nbsp;Emprendimiento&nbsp;Juvenil, impulsado por el&nbsp;Gobierno Vasco&nbsp;y en colaboraci\u00f3n con la&nbsp;Universidad de Deusto, apoya la puesta en marcha de iniciativas empresariales en fase inicial con [&hellip;]<\/p>\n<p><span class='st_facebook_buttons' st_title='Da comienzo la 6\u00aa edici\u00f3n del Programa de Emprendimiento Juvenil' st_url='https:\/\/blogs.deusto.es\/iedeusto\/da-comienzo-la-6a-edicion-del-programa-de-emprendimiento-juvenil\/' displayText='facebook'><\/span><span st_via='deustoDEC' st_username='deustoDEC' class='st_twitter_buttons' st_title='Da comienzo la 6\u00aa edici\u00f3n del Programa de Emprendimiento Juvenil' st_url='https:\/\/blogs.deusto.es\/iedeusto\/da-comienzo-la-6a-edicion-del-programa-de-emprendimiento-juvenil\/' displayText='twitter'><\/span><span class='st_email_buttons' st_title='Da comienzo la 6\u00aa edici\u00f3n del Programa de Emprendimiento Juvenil' st_url='https:\/\/blogs.deusto.es\/iedeusto\/da-comienzo-la-6a-edicion-del-programa-de-emprendimiento-juvenil\/' displayText='email'><\/span><span class='st_fblike_buttons' st_title='Da comienzo la 6\u00aa edici\u00f3n del Programa de Emprendimiento Juvenil' st_url='https:\/\/blogs.deusto.es\/iedeusto\/da-comienzo-la-6a-edicion-del-programa-de-emprendimiento-juvenil\/' displayText='fblike'><\/span><span class='st_plusone_buttons' st_title='Da comienzo la 6\u00aa edici\u00f3n del Programa de Emprendimiento Juvenil' st_url='https:\/\/blogs.deusto.es\/iedeusto\/da-comienzo-la-6a-edicion-del-programa-de-emprendimiento-juvenil\/' displayText='plusone'><\/span><span class='st_pinterest_buttons' st_title='Da comienzo la 6\u00aa edici\u00f3n del Programa de Emprendimiento Juvenil' st_url='https:\/\/blogs.deusto.es\/iedeusto\/da-comienzo-la-6a-edicion-del-programa-de-emprendimiento-juvenil\/' displayText='pinterest'><\/span><span class='st_sharethis_buttons' st_title='Da comienzo la 6\u00aa edici\u00f3n del Programa de Emprendimiento Juvenil' st_url='https:\/\/blogs.deusto.es\/iedeusto\/da-comienzo-la-6a-edicion-del-programa-de-emprendimiento-juvenil\/' displayText='sharethis'><\/span><\/p>","protected":false},"author":387,"featured_media":16234,"comment_status":"open","ping_status":"open","sticky":false,"template":"","format":"standard","meta":{"site-sidebar-layout":"default","site-content-layout":"","ast-site-content-layout":"default","site-content-style":"default","site-sidebar-style":"default","ast-global-header-display":"","ast-banner-title-visibility":"","ast-main-header-display":"","ast-hfb-above-header-display":"","ast-hfb-below-header-display":"","ast-hfb-mobile-header-display":"","site-post-title":"","ast-breadcrumbs-content":"","ast-featured-img":"","footer-sml-layout":"","ast-disable-related-posts":"","theme-transparent-header-meta":"","adv-header-id-meta":"","stick-header-meta":"","header-above-stick-meta":"","header-main-stick-meta":"","header-below-stick-meta":"","astra-migrate-meta-layouts":"default","ast-page-background-enabled":"default","ast-page-background-meta":{"desktop":{"background-color":"var(--ast-global-color-4)","background-image":"","background-repeat":"repeat","background-position":"center center","background-size":"auto","background-attachment":"scroll","background-type":"","background-media":"","overlay-type":"","overlay-color":"","overlay-opacity":"","overlay-gradient":""},"tablet":{"background-color":"","background-image":"","background-repeat":"repeat","background-position":"center center","background-size":"auto","background-attachment":"scroll","background-type":"","background-media":"","overlay-type":"","overlay-color":"","overlay-opacity":"","overlay-gradient":""},"mobile":{"background-color":"","background-image":"","background-repeat":"repeat","background-position":"center center","background-size":"auto","background-attachment":"scroll","background-type":"","background-media":"","overlay-type":"","overlay-color":"","overlay-opacity":"","overlay-gradient":""}},"ast-content-background-meta":{"desktop":{"background-color":"var(--ast-global-color-5)","background-image":"","background-repeat":"repeat","background-position":"center center","background-size":"auto","background-attachment":"scroll","background-type":"","background-media":"","overlay-type":"","overlay-color":"","overlay-opacity":"","overlay-gradient":""},"tablet":{"background-color":"var(--ast-global-color-5)","background-image":"","background-repeat":"repeat","background-position":"center center","background-size":"auto","background-attachment":"scroll","background-type":"","background-media":"","overlay-type":"","overlay-color":"","overlay-opacity":"","overlay-gradient":""},"mobile":{"background-color":"var(--ast-global-color-5)","background-image":"","background-repeat":"repeat","background-position":"center center","background-size":"auto","background-attachment":"scroll","background-type":"","background-media":"","overlay-type":"","overlay-color":"","overlay-opacity":"","overlay-gradient":""}},"footnotes":""},"categories":[531,8,366,21,328],"tags":[280,47,283,151],"class_list":["post-16229","post","type-post","status-publish","format-standard","has-post-thumbnail","hentry","category-crecer-2","category-emprendimiento","category-formacion","category-innovacion","category-programa-emprendimiento-juvenil","tag-emprendimiento","tag-formacion","tag-innovacion","tag-universidad-de-deusto"],"aioseo_notices":[],"jetpack_featured_media_url":"https:\/\/blogs.deusto.es\/wp-content\/uploads\/sites\/27\/2022\/09\/DSC0598-1-scaled.jpg","_links":{"self":[{"href":"https:\/\/blogs.deusto.es\/iedeusto\/wp-json\/wp\/v2\/posts\/16229","targetHints":{"allow":["GET"]}}],"collection":[{"href":"https:\/\/blogs.deusto.es\/iedeusto\/wp-json\/wp\/v2\/posts"}],"about":[{"href":"https:\/\/blogs.deusto.es\/iedeusto\/wp-json\/wp\/v2\/types\/post"}],"author":[{"embeddable":true,"href":"https:\/\/blogs.deusto.es\/iedeusto\/wp-json\/wp\/v2\/users\/387"}],"replies":[{"embeddable":true,"href":"https:\/\/blogs.deusto.es\/iedeusto\/wp-json\/wp\/v2\/comments?post=16229"}],"version-history":[{"count":5,"href":"https:\/\/blogs.deusto.es\/iedeusto\/wp-json\/wp\/v2\/posts\/16229\/revisions"}],"predecessor-version":[{"id":16240,"href":"https:\/\/blogs.deusto.es\/iedeusto\/wp-json\/wp\/v2\/posts\/16229\/revisions\/16240"}],"wp:featuredmedia":[{"embeddable":true,"href":"https:\/\/blogs.deusto.es\/iedeusto\/wp-json\/wp\/v2\/media\/16234"}],"wp:attachment":[{"href":"https:\/\/blogs.deusto.es\/iedeusto\/wp-json\/wp\/v2\/media?parent=16229"}],"wp:term":[{"taxonomy":"category","embeddable":true,"href":"https:\/\/blogs.deusto.es\/iedeusto\/wp-json\/wp\/v2\/categories?post=16229"},{"taxonomy":"post_tag","embeddable":true,"href":"https:\/\/blogs.deusto.es\/iedeusto\/wp-json\/wp\/v2\/tags?post=16229"}],"curies":[{"name":"wp","href":"https:\/\/api.w.org\/{rel}","templated":true}]}}