{"id":16679,"date":"2022-12-19T11:53:39","date_gmt":"2022-12-19T10:53:39","guid":{"rendered":"https:\/\/preblogs.deusto.es\/iedeusto\/?p=16679"},"modified":"2023-02-01T10:09:10","modified_gmt":"2023-02-01T09:09:10","slug":"sarekin-week-2022","status":"publish","type":"post","link":"https:\/\/blogs.deusto.es\/iedeusto\/sarekin-week-2022\/","title":{"rendered":"Participamos en la III. edici\u00f3n de Sarekin Week"},"content":{"rendered":"\t\t<div data-elementor-type=\"wp-post\" data-elementor-id=\"16679\" class=\"elementor elementor-16679\" data-elementor-post-type=\"post\">\n\t\t\t\t\t\t<section class=\"elementor-section elementor-top-section elementor-element elementor-element-5f2ec32 elementor-section-boxed elementor-section-height-default elementor-section-height-default\" data-id=\"5f2ec32\" data-element_type=\"section\" data-e-type=\"section\">\n\t\t\t\t\t\t<div class=\"elementor-container elementor-column-gap-default\">\n\t\t\t\t\t<div class=\"elementor-column elementor-col-100 elementor-top-column elementor-element elementor-element-267aab5\" data-id=\"267aab5\" data-element_type=\"column\" data-e-type=\"column\">\n\t\t\t<div class=\"elementor-widget-wrap elementor-element-populated\">\n\t\t\t\t\t\t<div class=\"elementor-element elementor-element-c485f22 elementor-widget elementor-widget-text-editor\" data-id=\"c485f22\" data-element_type=\"widget\" data-e-type=\"widget\" data-widget_type=\"text-editor.default\">\n\t\t\t\t<div class=\"elementor-widget-container\">\n\t\t\t\t\t\t\t\t\t<div class=\"feed-shared-update-v2__description-wrapper\" tabindex=\"-1\"><div class=\"feed-shared-inline-show-more-text feed-shared-update-v2__description feed-shared-inline-show-more-text--minimal-padding feed-shared-inline-show-more-text--expanded \" tabindex=\"-1\" data-artdeco-is-focused=\"true\"><div class=\"update-components-text relative feed-shared-update-v2__commentary \" dir=\"ltr\"><span class=\"break-words\"><span dir=\"ltr\">El pasado d\u00eda 30, y como parte de la<\/span><\/span><span class=\"break-words\"><span dir=\"ltr\"> Sarekin Week,\u00a0<\/span><\/span>\u00a0uno de los mayores eventos dirigidos a la comunidad emprendedora, Deusto Emprende tuvo el placer de organizar una mesa redonda bajo el t\u00edtulo \u00abUna Mirada al Futuro de Bizkaia desde la Juventud Emprendedora\u00bb.<\/div><div dir=\"ltr\">\u00a0<\/div><div class=\"update-components-text relative feed-shared-update-v2__commentary \" dir=\"ltr\"><p><span class=\"break-words\"><span dir=\"ltr\">A lo largo de toda la semana tuvieron lugar intervenciones por parte de distintos agentes del ecosistema emprendedor de Bizkaia sobre distintas tem\u00e1ticas de m\u00e1xima actualidad. El objetivo de la iniciativa fue inspirar y dar a conocer mejor el tejido econ\u00f3mico del entorno. Para ello, contaron con diferentes colectivos que apostaron por el emprendimiento para su desarrollo profesional y con entidades y organizaciones que est\u00e1n fomentando el esp\u00edritu innovador y emprendedor en la sociedad vasca. <\/span><\/span><\/p><p>En una de las ponencias de esta Sarekin Week 2022 participaron dos de nuestras compa\u00f1eras de <a href=\"https:\/\/www.linkedin.com\/company\/deusto-innovacion-emprendimiento\/\" data-attribute-index=\"6\" data-entity-hovercard-id=\"urn:li:fs_miniCompany:37264694\" data-entity-type=\"MINI_COMPANY\">Deusto Emprende<\/a>; <a href=\"https:\/\/www.linkedin.com\/in\/ACoAAAOfeDoB6mqlMv5-FoFjPHW9e_x_kfCgEig\" data-attribute-index=\"8\" data-entity-hovercard-id=\"urn:li:fs_miniProfile:ACoAAAOfeDoB6mqlMv5-FoFjPHW9e_x_kfCgEig\" data-entity-type=\"MINI_PROFILE\">Olatz Urquijo Ugarte<\/a> y <a href=\"https:\/\/www.linkedin.com\/in\/ACoAACY4Ho0BJcwfyOYbVDw_JdOyr1U78w8-Lto\" data-attribute-index=\"10\" data-entity-hovercard-id=\"urn:li:fs_miniProfile:ACoAACY4Ho0BJcwfyOYbVDw_JdOyr1U78w8-Lto\" data-entity-type=\"MINI_PROFILE\">Elene Susperregi Telletxea<\/a>. Tras hablar de nuestro Modelo Deusto de Emprendimiento H4C3R, presentaron el itinerario formativo con el que capacitamos y facilitamos el desarrollo de competencias y habilidades emprendedoras al alumnado de la <a href=\"https:\/\/www.linkedin.com\/company\/deusto\/\" data-attribute-index=\"14\" data-entity-hovercard-id=\"urn:li:fs_miniCompany:53503\" data-entity-type=\"MINI_COMPANY\">Universidad de Deusto<\/a>. Tras la presentaci\u00f3n, <a href=\"https:\/\/www.linkedin.com\/in\/ACoAACY4Ho0BJcwfyOYbVDw_JdOyr1U78w8-Lto\" data-attribute-index=\"16\" data-entity-hovercard-id=\"urn:li:fs_miniProfile:ACoAACY4Ho0BJcwfyOYbVDw_JdOyr1U78w8-Lto\" data-entity-type=\"MINI_PROFILE\">Elene<\/a> moder\u00f3 una mesa redonda en la que contamos con tres participantes en distintos procesos de aprendizaje:<\/p><\/div><div class=\"update-components-text relative feed-shared-update-v2__commentary \" dir=\"ltr\"><ul><li><span class=\"break-words\"><span dir=\"ltr\"><a href=\"https:\/\/www.linkedin.com\/in\/ACoAADiTKIQBwnFv89y2lY5l9NSxzXuI3kYijlM\" data-attribute-index=\"18\" data-entity-hovercard-id=\"urn:li:fs_miniProfile:ACoAADiTKIQBwnFv89y2lY5l9NSxzXuI3kYijlM\" data-entity-type=\"MINI_PROFILE\">Xabier Pizarro P\u00e9rez<\/a>, estudiante de 4\u00ba curso de ADE + DED y participante de <em><a href=\"https:\/\/www.linkedin.com\/feed\/hashtag\/?keywords=creaction&amp;highlightedUpdateUrns=urn%3Ali%3Aactivity%3A7004107524073218048\" data-attribute-index=\"20\">creaction<\/a>!<\/em> y <a href=\"https:\/\/www.linkedin.com\/feed\/hashtag\/?keywords=deustostarti&amp;highlightedUpdateUrns=urn%3Ali%3Aactivity%3A7004107524073218048\" data-attribute-index=\"21\">DeustoSTARTI.<\/a><\/span><\/span><\/li><li><strong>Ander Marzana,<\/strong> graduado en M\u00fasica y pianista profesional. Particip\u00f3 en el <a href=\"https:\/\/www.linkedin.com\/feed\/hashtag\/?keywords=programaemprendimientojuvenil&amp;highlightedUpdateUrns=urn%3Ali%3Aactivity%3A7004107524073218048\" data-attribute-index=\"22\">Programa de Emprendimiento Juvenil.<\/a><\/li><li><a href=\"https:\/\/www.linkedin.com\/in\/ACoAABRpRoABOUcrg4-f5-5rBgobK29uZ8T-kLE\" data-attribute-index=\"23\" data-entity-hovercard-id=\"urn:li:fs_miniProfile:ACoAABRpRoABOUcrg4-f5-5rBgobK29uZ8T-kLE\" data-entity-type=\"MINI_PROFILE\">Anastasia Smetanina<\/a>, graduada en Derecho+Estudios Internacionales y participante de la edici\u00f3n actual de <a href=\"https:\/\/www.linkedin.com\/company\/deusto-master-dual-en-emprendimiento-en-accion\/\" data-attribute-index=\"25\" data-entity-hovercard-id=\"urn:li:fs_miniCompany:36159925\" data-entity-type=\"MINI_COMPANY\">M\u00e1ster Dual en Emprendimiento en Acci\u00f3n.<\/a><\/li><\/ul><p>Una mesa redonda muy interesante donde cada participante tuvieron la ocasi\u00f3n de compartir su experiencia y los conocimientos que han adquirido en los distintos programas formativos impulsados por <a href=\"https:\/\/www.linkedin.com\/company\/deusto-innovacion-emprendimiento\/\" data-attribute-index=\"27\" data-entity-hovercard-id=\"urn:li:fs_miniCompany:37264694\" data-entity-type=\"MINI_COMPANY\">Deusto Emprende<\/a>.<\/p><p><strong>\u00a1Muchas gracias a Sarekin por la invitaci\u00f3n y por contar con <a href=\"https:\/\/www.linkedin.com\/company\/deusto-innovacion-emprendimiento\/\" data-attribute-index=\"29\" data-entity-hovercard-id=\"urn:li:fs_miniCompany:37264694\" data-entity-type=\"MINI_COMPANY\">Deusto Emprende <\/a>en esta semana tan especial!\u00a0<\/strong><\/p><\/div><\/div><\/div><div class=\"update-components-image update-components-image--single-image feed-shared-update-v2__content\"><div class=\"relative\"><div class=\"update-components-image__container\"><div class=\"ivm-image-view-model \"><div class=\"ivm-view-attr__img-wrapper ivm-view-attr__img-wrapper--use-img-tag display-flex \">\u00a0<\/div><\/div><\/div><\/div><\/div>\t\t\t\t\t\t\t\t<\/div>\n\t\t\t\t<\/div>\n\t\t\t\t\t<\/div>\n\t\t<\/div>\n\t\t\t\t\t<\/div>\n\t\t<\/section>\n\t\t\t\t<section class=\"elementor-section elementor-top-section elementor-element elementor-element-ed4249d elementor-section-boxed elementor-section-height-default elementor-section-height-default\" data-id=\"ed4249d\" data-element_type=\"section\" data-e-type=\"section\">\n\t\t\t\t\t\t<div class=\"elementor-container elementor-column-gap-default\">\n\t\t\t\t\t<div class=\"elementor-column elementor-col-100 elementor-top-column elementor-element elementor-element-0105432\" data-id=\"0105432\" data-element_type=\"column\" data-e-type=\"column\">\n\t\t\t<div class=\"elementor-widget-wrap elementor-element-populated\">\n\t\t\t\t\t\t<div class=\"elementor-element elementor-element-c76db7e elementor-widget elementor-widget-image\" data-id=\"c76db7e\" data-element_type=\"widget\" data-e-type=\"widget\" data-widget_type=\"image.default\">\n\t\t\t\t<div class=\"elementor-widget-container\">\n\t\t\t\t\t\t\t\t\t\t\t\t\t\t\t<img fetchpriority=\"high\" decoding=\"async\" width=\"800\" height=\"555\" src=\"https:\/\/blogs.deusto.es\/wp-content\/uploads\/sites\/27\/2022\/12\/5B4F3958-B217-4DFF-9B14-E49134B9573B.jpeg\" class=\"attachment-large size-large wp-image-16681\" alt=\"\" srcset=\"https:\/\/blogs.deusto.es\/wp-content\/uploads\/sites\/27\/2022\/12\/5B4F3958-B217-4DFF-9B14-E49134B9573B.jpeg 800w, https:\/\/blogs.deusto.es\/wp-content\/uploads\/sites\/27\/2022\/12\/5B4F3958-B217-4DFF-9B14-E49134B9573B-300x208.jpeg 300w, https:\/\/blogs.deusto.es\/wp-content\/uploads\/sites\/27\/2022\/12\/5B4F3958-B217-4DFF-9B14-E49134B9573B-768x533.jpeg 768w\" sizes=\"(max-width: 800px) 100vw, 800px\" \/>\t\t\t\t\t\t\t\t\t\t\t\t\t\t\t<\/div>\n\t\t\t\t<\/div>\n\t\t\t\t\t<\/div>\n\t\t<\/div>\n\t\t\t\t\t<\/div>\n\t\t<\/section>\n\t\t\t\t<\/div>\n\t\t<p><span class='st_facebook_buttons' st_title='Participamos en la III. edici\u00f3n de Sarekin Week' st_url='https:\/\/blogs.deusto.es\/iedeusto\/sarekin-week-2022\/' displayText='facebook'><\/span><span st_via='deustoDEC' st_username='deustoDEC' class='st_twitter_buttons' st_title='Participamos en la III. edici\u00f3n de Sarekin Week' st_url='https:\/\/blogs.deusto.es\/iedeusto\/sarekin-week-2022\/' displayText='twitter'><\/span><span class='st_email_buttons' st_title='Participamos en la III. edici\u00f3n de Sarekin Week' st_url='https:\/\/blogs.deusto.es\/iedeusto\/sarekin-week-2022\/' displayText='email'><\/span><span class='st_fblike_buttons' st_title='Participamos en la III. edici\u00f3n de Sarekin Week' st_url='https:\/\/blogs.deusto.es\/iedeusto\/sarekin-week-2022\/' displayText='fblike'><\/span><span class='st_plusone_buttons' st_title='Participamos en la III. edici\u00f3n de Sarekin Week' st_url='https:\/\/blogs.deusto.es\/iedeusto\/sarekin-week-2022\/' displayText='plusone'><\/span><span class='st_pinterest_buttons' st_title='Participamos en la III. edici\u00f3n de Sarekin Week' st_url='https:\/\/blogs.deusto.es\/iedeusto\/sarekin-week-2022\/' displayText='pinterest'><\/span><span class='st_sharethis_buttons' st_title='Participamos en la III. edici\u00f3n de Sarekin Week' st_url='https:\/\/blogs.deusto.es\/iedeusto\/sarekin-week-2022\/' displayText='sharethis'><\/span><\/p>","protected":false},"excerpt":{"rendered":"<p>El pasado d\u00eda 30, y como parte de la Sarekin Week,&nbsp;&nbsp;uno de los mayores eventos dirigidos a la comunidad emprendedora, Deusto Emprende tuvo el placer de organizar una mesa redonda bajo el t\u00edtulo \u00abUna Mirada al Futuro de Bizkaia desde la Juventud Emprendedora\u00bb.&nbsp; A lo largo de toda la semana tuvieron lugar intervenciones por parte [&hellip;]<\/p>\n<p><span class='st_facebook_buttons' st_title='Participamos en la III. edici\u00f3n de Sarekin Week' st_url='https:\/\/blogs.deusto.es\/iedeusto\/sarekin-week-2022\/' displayText='facebook'><\/span><span st_via='deustoDEC' st_username='deustoDEC' class='st_twitter_buttons' st_title='Participamos en la III. edici\u00f3n de Sarekin Week' st_url='https:\/\/blogs.deusto.es\/iedeusto\/sarekin-week-2022\/' displayText='twitter'><\/span><span class='st_email_buttons' st_title='Participamos en la III. edici\u00f3n de Sarekin Week' st_url='https:\/\/blogs.deusto.es\/iedeusto\/sarekin-week-2022\/' displayText='email'><\/span><span class='st_fblike_buttons' st_title='Participamos en la III. edici\u00f3n de Sarekin Week' st_url='https:\/\/blogs.deusto.es\/iedeusto\/sarekin-week-2022\/' displayText='fblike'><\/span><span class='st_plusone_buttons' st_title='Participamos en la III. edici\u00f3n de Sarekin Week' st_url='https:\/\/blogs.deusto.es\/iedeusto\/sarekin-week-2022\/' displayText='plusone'><\/span><span class='st_pinterest_buttons' st_title='Participamos en la III. edici\u00f3n de Sarekin Week' st_url='https:\/\/blogs.deusto.es\/iedeusto\/sarekin-week-2022\/' displayText='pinterest'><\/span><span class='st_sharethis_buttons' st_title='Participamos en la III. edici\u00f3n de Sarekin Week' st_url='https:\/\/blogs.deusto.es\/iedeusto\/sarekin-week-2022\/' displayText='sharethis'><\/span><\/p>","protected":false},"author":387,"featured_media":16681,"comment_status":"open","ping_status":"open","sticky":false,"template":"","format":"standard","meta":{"site-sidebar-layout":"default","site-content-layout":"","ast-site-content-layout":"default","site-content-style":"default","site-sidebar-style":"default","ast-global-header-display":"","ast-banner-title-visibility":"","ast-main-header-display":"","ast-hfb-above-header-display":"","ast-hfb-below-header-display":"","ast-hfb-mobile-header-display":"","site-post-title":"","ast-breadcrumbs-content":"","ast-featured-img":"","footer-sml-layout":"","ast-disable-related-posts":"","theme-transparent-header-meta":"","adv-header-id-meta":"","stick-header-meta":"","header-above-stick-meta":"","header-main-stick-meta":"","header-below-stick-meta":"","astra-migrate-meta-layouts":"default","ast-page-background-enabled":"default","ast-page-background-meta":{"desktop":{"background-color":"var(--ast-global-color-4)","background-image":"","background-repeat":"repeat","background-position":"center center","background-size":"auto","background-attachment":"scroll","background-type":"","background-media":"","overlay-type":"","overlay-color":"","overlay-opacity":"","overlay-gradient":""},"tablet":{"background-color":"","background-image":"","background-repeat":"repeat","background-position":"center center","background-size":"auto","background-attachment":"scroll","background-type":"","background-media":"","overlay-type":"","overlay-color":"","overlay-opacity":"","overlay-gradient":""},"mobile":{"background-color":"","background-image":"","background-repeat":"repeat","background-position":"center center","background-size":"auto","background-attachment":"scroll","background-type":"","background-media":"","overlay-type":"","overlay-color":"","overlay-opacity":"","overlay-gradient":""}},"ast-content-background-meta":{"desktop":{"background-color":"var(--ast-global-color-5)","background-image":"","background-repeat":"repeat","background-position":"center center","background-size":"auto","background-attachment":"scroll","background-type":"","background-media":"","overlay-type":"","overlay-color":"","overlay-opacity":"","overlay-gradient":""},"tablet":{"background-color":"var(--ast-global-color-5)","background-image":"","background-repeat":"repeat","background-position":"center center","background-size":"auto","background-attachment":"scroll","background-type":"","background-media":"","overlay-type":"","overlay-color":"","overlay-opacity":"","overlay-gradient":""},"mobile":{"background-color":"var(--ast-global-color-5)","background-image":"","background-repeat":"repeat","background-position":"center center","background-size":"auto","background-attachment":"scroll","background-type":"","background-media":"","overlay-type":"","overlay-color":"","overlay-opacity":"","overlay-gradient":""}},"footnotes":""},"categories":[532,517,8,21,540],"tags":[29,280,179,375,283,151],"class_list":["post-16679","post","type-post","status-publish","format-standard","has-post-thumbnail","hentry","category-cooperar","category-deusto-emprende-2022","category-emprendimiento","category-innovacion","category-sarekin-week","tag-emprendedors-2","tag-emprendimiento","tag-estudiantes","tag-eventos","tag-innovacion","tag-universidad-de-deusto"],"aioseo_notices":[],"jetpack_featured_media_url":"https:\/\/blogs.deusto.es\/wp-content\/uploads\/sites\/27\/2022\/12\/5B4F3958-B217-4DFF-9B14-E49134B9573B.jpeg","_links":{"self":[{"href":"https:\/\/blogs.deusto.es\/iedeusto\/wp-json\/wp\/v2\/posts\/16679","targetHints":{"allow":["GET"]}}],"collection":[{"href":"https:\/\/blogs.deusto.es\/iedeusto\/wp-json\/wp\/v2\/posts"}],"about":[{"href":"https:\/\/blogs.deusto.es\/iedeusto\/wp-json\/wp\/v2\/types\/post"}],"author":[{"embeddable":true,"href":"https:\/\/blogs.deusto.es\/iedeusto\/wp-json\/wp\/v2\/users\/387"}],"replies":[{"embeddable":true,"href":"https:\/\/blogs.deusto.es\/iedeusto\/wp-json\/wp\/v2\/comments?post=16679"}],"version-history":[{"count":17,"href":"https:\/\/blogs.deusto.es\/iedeusto\/wp-json\/wp\/v2\/posts\/16679\/revisions"}],"predecessor-version":[{"id":16907,"href":"https:\/\/blogs.deusto.es\/iedeusto\/wp-json\/wp\/v2\/posts\/16679\/revisions\/16907"}],"wp:featuredmedia":[{"embeddable":true,"href":"https:\/\/blogs.deusto.es\/iedeusto\/wp-json\/wp\/v2\/media\/16681"}],"wp:attachment":[{"href":"https:\/\/blogs.deusto.es\/iedeusto\/wp-json\/wp\/v2\/media?parent=16679"}],"wp:term":[{"taxonomy":"category","embeddable":true,"href":"https:\/\/blogs.deusto.es\/iedeusto\/wp-json\/wp\/v2\/categories?post=16679"},{"taxonomy":"post_tag","embeddable":true,"href":"https:\/\/blogs.deusto.es\/iedeusto\/wp-json\/wp\/v2\/tags?post=16679"}],"curies":[{"name":"wp","href":"https:\/\/api.w.org\/{rel}","templated":true}]}}