{"id":20870,"date":"2026-01-16T14:19:58","date_gmt":"2026-01-16T13:19:58","guid":{"rendered":"https:\/\/blogs.deusto.es\/iedeusto\/?p=20870"},"modified":"2026-01-19T12:24:30","modified_gmt":"2026-01-19T11:24:30","slug":"testimonio-rieg-julissa-sanchez-nodo-peru","status":"publish","type":"post","link":"https:\/\/blogs.deusto.es\/iedeusto\/testimonio-rieg-julissa-sanchez-nodo-peru\/","title":{"rendered":"Testimonio RIEG: Julissa Sanchez del Nodo Per\u00fa nos habla sobre su experiencia en Bizkaia"},"content":{"rendered":"\n<blockquote class=\"wp-block-quote is-layout-flow wp-block-quote-is-layout-flow\">\n<p>\u00abDestacar\u00eda la cooperaci\u00f3n entre los distintos agentes del ecosistema de innovaci\u00f3n: el sistema universitario, los centros tecnol\u00f3gicos y de investigaci\u00f3n, las empresas y las administraciones p\u00fablicas. Todos trabajan de manera articulada, impulsando proyectos con un objetivo com\u00fan y una visi\u00f3n compartida, algo que me impresion\u00f3 desde el inicio.\u00bb<\/p>\n\n\n\n<p>Julissa Sanchez Huallpa, participante de la Edici\u00f3n 2024 de la RIEG<\/p>\n<\/blockquote>\n\n\n\n<p>Mientras exploraba opciones de maestr\u00edas en Europa, <a href=\"https:\/\/www.linkedin.com\/in\/julissa-sanchez-huallpa\/?originalSubdomain=pe\" title=\"\">Julissa Sanchez Huallpa<\/a>, participante de la Edici\u00f3n 2024 de la <a href=\"https:\/\/blogs.deusto.es\/iedeusto\/red-de-innovacion-y-emprendimiento-global-deusto-bizkaia\/\" title=\"\">Red de Innovaci\u00f3n en Emprendimiento Global (RIEG) Deusto-Bizkaia<\/a>, encontr\u00f3 en la RIEG una combinaci\u00f3n de formaci\u00f3n dual, experiencia en empresas del territorio, y acceso al ecosistema innovador de Bizkaia, que encaj\u00f3 con los objetivos que se hab\u00eda marcado. Ingeniera peruana graduada en la <a href=\"https:\/\/www.uarm.edu.pe\/\" title=\"\">Universidad Antonio Ruiz de Montoya<\/a>, decidi\u00f3 dar el salto y cursar el <a href=\"https:\/\/www.deusto.es\/es\/inicio\/estudia\/estudios\/master-propio\/dual-innovacion-tecnologia\" title=\"\">M\u00e1ster de Formaci\u00f3n Permanente Dual en Innovaci\u00f3n y Tecnolog\u00eda<\/a> de la <a href=\"https:\/\/www.deusto.es\/es\/inicio\" title=\"\">Universidad de Deusto<\/a>, una experiencia que ha generado \u201cun giro de 180\u00b0\u201d en su vida personal y en su manera de proyectarse hacia el futuro.<\/p>\n\n\n\n<p><strong>\u00bfC\u00f3mo conociste el programa RIEG, y cu\u00e1l fue la raz\u00f3n principal para participar en \u00e9l?<\/strong><\/p>\n\n\n\n<p>Conoc\u00ed el programa de la Red de Innovaci\u00f3n en Emprendimiento Global (RIEG) mientras investigaba por internet opciones de maestr\u00edas en el extranjero, especialmente en Europa. Desde hac\u00eda un tiempo ten\u00eda el deseo de continuar mis estudios de posgrado en una universidad jesuita, ya que&nbsp;mi formaci\u00f3n de pregrado la realic\u00e9 en la Universidad Antonio Ruiz de Montoya, la universidad jesuita de Per\u00fa. Sent\u00eda que ese enfoque humanista y orientado al servicio deb\u00eda seguir guiando mi camino profesional.<\/p>\n\n\n\n<p>Recuerdo que vi varios videos en YouTube sobre la Red y le\u00ed m\u00e1s de una vez el folleto informativo. Cada vez que lo revisaba, confirmaba que era exactamente lo que estaba buscando: una maestr\u00eda de Formaci\u00f3n Permanente Dual en Innovaci\u00f3n y Tecnolog\u00eda que me permitiera fortalecer mis conocimientos te\u00f3ricos, trabajar en una empresa y, adem\u00e1s, entrar en contacto directo con el ecosistema de innovaci\u00f3n del Pa\u00eds Vasco.<\/p>\n\n\n\n<p>Esa combinaci\u00f3n de aprender, aplicar y conectar fue la raz\u00f3n principal que me motiv\u00f3 a postular. Sent\u00ed que era una oportunidad \u00fanica para impulsar mi desarrollo profesional y, al mismo tiempo, vivir una experiencia transformadora.<\/p>\n\n\n\n<p><strong>\u00bfC\u00f3mo fue la primera toma de contacto, y qu\u00e9 recuerdas de las primeras semanas de aclimataci\u00f3n?<\/strong><\/p>\n\n\n\n<p>Mi primera toma de contacto con el programa fue por correo electr\u00f3nico. Poco despu\u00e9s tuvimos una reuni\u00f3n virtual con los participantes seleccionados, un momento muy emocionante en el que cada uno comparti\u00f3 su trayectoria, su experiencia en STEM y la universidad nodo que representaba. Conocer la diversidad de pa\u00edses involucrados me hizo sentir parte de una comunidad internacional desde el inicio.<\/p>\n\n\n\n<p>La sesi\u00f3n de bienvenida en la Universidad de Deusto coincidi\u00f3 con el d\u00eda de mi viaje, as\u00ed que particip\u00e9 desde el aeropuerto Jorge Ch\u00e1vez. Fue una ma\u00f1ana conmovedora: la despedida de mi familia, la ilusi\u00f3n por empezar una nueva etapa y el inicio del vuelo m\u00e1s largo que hab\u00eda tomado hasta entonces.<\/p>\n\n\n\n<p>Las primeras semanas en Bilbao estuvieron llenas de cambios y aprendizajes: adaptarme a una nueva moneda, usar el metro subterr\u00e1neo por primera vez y enfrentar el jet lag. Adem\u00e1s, participamos en la <a href=\"https:\/\/blogs.deusto.es\/dual\/escuela-para-la-facilitacion-dual\/\" title=\"\">Escuela para la Facilitaci\u00f3n Dual<\/a>, con talleres como design thinking, que nos introdujeron r\u00e1pidamente a la din\u00e1mica del programa y dieron inicio a los m\u00f3dulos formativos y retos pr\u00e1cticos.<\/p>\n\n\n\n<p><strong>\u00bfQu\u00e9 aspectos del ecosistema de innovaci\u00f3n de Bizkaia destacar\u00edas ahora que lo conoces m\u00e1s de cerca?<\/strong><\/p>\n\n\n\n<p>Ante todo, destacar\u00eda la cooperaci\u00f3n entre los distintos agentes del ecosistema de innovaci\u00f3n: el sistema universitario, los centros tecnol\u00f3gicos y de investigaci\u00f3n, las empresas y las administraciones p\u00fablicas. Todos trabajan de manera articulada, impulsando proyectos con un objetivo com\u00fan y una visi\u00f3n compartida, algo que me impresion\u00f3 desde el inicio.<\/p>\n\n\n\n<p>Tambi\u00e9n aprend\u00ed c\u00f3mo se fortalece la competitividad de la industria vasca a trav\u00e9s de los clusters, agrupaciones sectoriales que integran a empresas, centros tecnol\u00f3gicos y universidades. Entre ellos, conoc\u00ed el <a href=\"https:\/\/basquenergycluster.com\/\" title=\"\">Basque Energy Cluster<\/a>, el <a href=\"https:\/\/www.basquehealthcluster.org\/\" title=\"\">Basque Health Cluster<\/a>, <a href=\"https:\/\/gaia.es\/\" title=\"\">GAIA la Asociaci\u00f3n de Industrias de Conocimiento y Tecnolog\u00eda de Euskadi y Aclima<\/a>. Ver c\u00f3mo colaboran y generan sinergias me permiti\u00f3 comprender la solidez del modelo vasco.<\/p>\n\n\n\n<p>Adem\u00e1s, descubr\u00ed que iniciar un proceso de innovaci\u00f3n requiere valent\u00eda: transformar ideas en prototipos, evaluarlos, iterarlos y continuar hasta responder realmente a las necesidades del usuario. En ese camino es normal sentir temor, porque suele abrirse un territorio desconocido. Sin embargo, aprender a gestionarlo y darle un nuevo enfoque es parte del crecimiento.<\/p>\n\n\n\n<p><strong>\u00bfQu\u00e9 impacto profesional ha tenido tu paso por la RIEG?&nbsp;&nbsp;<\/strong><\/p>\n\n\n\n<p>El impacto ha sido profundamente positivo. Gracias a la RIEG, he podido conectar con profesionales del \u00e1rea STEM y cursar el M\u00e1ster de Formaci\u00f3n Permanente Dual en Innovaci\u00f3n y Tecnolog\u00eda. Durante este proceso trabaj\u00e9 con equipos interdisciplinarios aplicando la metodolog\u00eda design thinking para resolver retos reales propuestos por empresas como <a href=\"https:\/\/www.laboralkutxa.com\/es\/\" title=\"\">Laboral Kutxa<\/a>, <a href=\"https:\/\/www.iberdrola.es\/\" title=\"\">Iberdrola<\/a>, <a href=\"https:\/\/alba-efenergy.com\/es\" title=\"\">Alba Emission Free Energy<\/a> by <a href=\"https:\/\/petronor.eus\/es\/\" title=\"\">Petronor<\/a>, <a href=\"https:\/\/pbsvinc.com\/\" title=\"\">PharmaBioServ<\/a> y <a href=\"https:\/\/www.deloitte.com\/es\/es.html\" title=\"\">Deloitte<\/a>.<\/p>\n\n\n\n<p>Adem\u00e1s, particip\u00e9 en eventos clave del ecosistema de innovaci\u00f3n, como el <a href=\"https:\/\/www.innobasque.eus\/global-innovation-day\/\" title=\"\">Global Innovation Day<\/a>, <a href=\"https:\/\/www.b-venture.com\/\" title=\"\">B-Venture<\/a>, <a href=\"https:\/\/www.southsummit.io\/e\/bilbao-bizkaia\/es\" title=\"\">South Summit Industry &amp; Energy<\/a>, <a href=\"https:\/\/www.orkestra.deusto.es\/es\/actualidad\/noticias-eventos\/eventos\/3078-conferencia-de-competitividad-2025\" title=\"\">la Conferencia de Competitividad del Pa\u00eds Vasco (Orkestra)<\/a> y el <a href=\"https:\/\/www.deusto.es\/es\/inicio\/vive\/actualidad\/noticias\/la-universidad-celebra-el-i-encuentro-internacional-de-la-rieg-deustobizkaia\/noticia\" title=\"\">I Encuentro Internacional de la Red de Innovaci\u00f3n y Emprendimiento Global Deusto-Bizkaia<\/a>. Cada una de estas experiencias ampli\u00f3 mi visi\u00f3n y fortaleci\u00f3 mis competencias.<\/p>\n\n\n\n<p>Por otro lado, el programa me permiti\u00f3 acercarme a la industria sider\u00fargica, sector en el que actualmente me desempe\u00f1o profesionalmente. En resumen, ha sido una experiencia gratificante, retadora y llena de aprendizaje, que no solo ha impulsado mi carrera, sino que tambi\u00e9n ha generado un giro de 180\u00b0 en mi vida personal y en mi manera de proyectarme hacia el futuro.<\/p>\n\n\n\n<p><\/p>\n<p><span class='st_facebook_buttons' st_title='Testimonio RIEG: Julissa Sanchez del Nodo Per\u00fa nos habla sobre su experiencia en Bizkaia' st_url='https:\/\/blogs.deusto.es\/iedeusto\/testimonio-rieg-julissa-sanchez-nodo-peru\/' displayText='facebook'><\/span><span st_via='deustoDEC' st_username='deustoDEC' class='st_twitter_buttons' st_title='Testimonio RIEG: Julissa Sanchez del Nodo Per\u00fa nos habla sobre su experiencia en Bizkaia' st_url='https:\/\/blogs.deusto.es\/iedeusto\/testimonio-rieg-julissa-sanchez-nodo-peru\/' displayText='twitter'><\/span><span class='st_email_buttons' st_title='Testimonio RIEG: Julissa Sanchez del Nodo Per\u00fa nos habla sobre su experiencia en Bizkaia' st_url='https:\/\/blogs.deusto.es\/iedeusto\/testimonio-rieg-julissa-sanchez-nodo-peru\/' displayText='email'><\/span><span class='st_fblike_buttons' st_title='Testimonio RIEG: Julissa Sanchez del Nodo Per\u00fa nos habla sobre su experiencia en Bizkaia' st_url='https:\/\/blogs.deusto.es\/iedeusto\/testimonio-rieg-julissa-sanchez-nodo-peru\/' displayText='fblike'><\/span><span class='st_plusone_buttons' st_title='Testimonio RIEG: Julissa Sanchez del Nodo Per\u00fa nos habla sobre su experiencia en Bizkaia' st_url='https:\/\/blogs.deusto.es\/iedeusto\/testimonio-rieg-julissa-sanchez-nodo-peru\/' displayText='plusone'><\/span><span class='st_pinterest_buttons' st_title='Testimonio RIEG: Julissa Sanchez del Nodo Per\u00fa nos habla sobre su experiencia en Bizkaia' st_url='https:\/\/blogs.deusto.es\/iedeusto\/testimonio-rieg-julissa-sanchez-nodo-peru\/' displayText='pinterest'><\/span><span class='st_sharethis_buttons' st_title='Testimonio RIEG: Julissa Sanchez del Nodo Per\u00fa nos habla sobre su experiencia en Bizkaia' st_url='https:\/\/blogs.deusto.es\/iedeusto\/testimonio-rieg-julissa-sanchez-nodo-peru\/' displayText='sharethis'><\/span><\/p>","protected":false},"excerpt":{"rendered":"<p>\u00abDestacar\u00eda la cooperaci\u00f3n entre los distintos agentes del ecosistema de innovaci\u00f3n: el sistema universitario, los centros tecnol\u00f3gicos y de investigaci\u00f3n, las empresas y las administraciones p\u00fablicas. Todos trabajan de manera articulada, impulsando proyectos con un objetivo com\u00fan y una visi\u00f3n compartida, algo que me impresion\u00f3 desde el inicio.\u00bb Julissa Sanchez Huallpa, participante de la Edici\u00f3n [&hellip;]<\/p>\n<p><span class='st_facebook_buttons' st_title='Testimonio RIEG: Julissa Sanchez del Nodo Per\u00fa nos habla sobre su experiencia en Bizkaia' st_url='https:\/\/blogs.deusto.es\/iedeusto\/testimonio-rieg-julissa-sanchez-nodo-peru\/' displayText='facebook'><\/span><span st_via='deustoDEC' st_username='deustoDEC' class='st_twitter_buttons' st_title='Testimonio RIEG: Julissa Sanchez del Nodo Per\u00fa nos habla sobre su experiencia en Bizkaia' st_url='https:\/\/blogs.deusto.es\/iedeusto\/testimonio-rieg-julissa-sanchez-nodo-peru\/' displayText='twitter'><\/span><span class='st_email_buttons' st_title='Testimonio RIEG: Julissa Sanchez del Nodo Per\u00fa nos habla sobre su experiencia en Bizkaia' st_url='https:\/\/blogs.deusto.es\/iedeusto\/testimonio-rieg-julissa-sanchez-nodo-peru\/' displayText='email'><\/span><span class='st_fblike_buttons' st_title='Testimonio RIEG: Julissa Sanchez del Nodo Per\u00fa nos habla sobre su experiencia en Bizkaia' st_url='https:\/\/blogs.deusto.es\/iedeusto\/testimonio-rieg-julissa-sanchez-nodo-peru\/' displayText='fblike'><\/span><span class='st_plusone_buttons' st_title='Testimonio RIEG: Julissa Sanchez del Nodo Per\u00fa nos habla sobre su experiencia en Bizkaia' st_url='https:\/\/blogs.deusto.es\/iedeusto\/testimonio-rieg-julissa-sanchez-nodo-peru\/' displayText='plusone'><\/span><span class='st_pinterest_buttons' st_title='Testimonio RIEG: Julissa Sanchez del Nodo Per\u00fa nos habla sobre su experiencia en Bizkaia' st_url='https:\/\/blogs.deusto.es\/iedeusto\/testimonio-rieg-julissa-sanchez-nodo-peru\/' displayText='pinterest'><\/span><span class='st_sharethis_buttons' st_title='Testimonio RIEG: Julissa Sanchez del Nodo Per\u00fa nos habla sobre su experiencia en Bizkaia' st_url='https:\/\/blogs.deusto.es\/iedeusto\/testimonio-rieg-julissa-sanchez-nodo-peru\/' displayText='sharethis'><\/span><\/p>","protected":false},"author":387,"featured_media":20871,"comment_status":"open","ping_status":"open","sticky":false,"template":"","format":"standard","meta":{"site-sidebar-layout":"default","site-content-layout":"","ast-site-content-layout":"default","site-content-style":"default","site-sidebar-style":"default","ast-global-header-display":"","ast-banner-title-visibility":"","ast-main-header-display":"","ast-hfb-above-header-display":"","ast-hfb-below-header-display":"","ast-hfb-mobile-header-display":"","site-post-title":"","ast-breadcrumbs-content":"","ast-featured-img":"","footer-sml-layout":"","ast-disable-related-posts":"","theme-transparent-header-meta":"","adv-header-id-meta":"","stick-header-meta":"","header-above-stick-meta":"","header-main-stick-meta":"","header-below-stick-meta":"","astra-migrate-meta-layouts":"set","ast-page-background-enabled":"default","ast-page-background-meta":{"desktop":{"background-color":"var(--ast-global-color-4)","background-image":"","background-repeat":"repeat","background-position":"center center","background-size":"auto","background-attachment":"scroll","background-type":"","background-media":"","overlay-type":"","overlay-color":"","overlay-opacity":"","overlay-gradient":""},"tablet":{"background-color":"","background-image":"","background-repeat":"repeat","background-position":"center center","background-size":"auto","background-attachment":"scroll","background-type":"","background-media":"","overlay-type":"","overlay-color":"","overlay-opacity":"","overlay-gradient":""},"mobile":{"background-color":"","background-image":"","background-repeat":"repeat","background-position":"center center","background-size":"auto","background-attachment":"scroll","background-type":"","background-media":"","overlay-type":"","overlay-color":"","overlay-opacity":"","overlay-gradient":""}},"ast-content-background-meta":{"desktop":{"background-color":"var(--ast-global-color-5)","background-image":"","background-repeat":"repeat","background-position":"center center","background-size":"auto","background-attachment":"scroll","background-type":"","background-media":"","overlay-type":"","overlay-color":"","overlay-opacity":"","overlay-gradient":""},"tablet":{"background-color":"var(--ast-global-color-5)","background-image":"","background-repeat":"repeat","background-position":"center center","background-size":"auto","background-attachment":"scroll","background-type":"","background-media":"","overlay-type":"","overlay-color":"","overlay-opacity":"","overlay-gradient":""},"mobile":{"background-color":"var(--ast-global-color-5)","background-image":"","background-repeat":"repeat","background-position":"center center","background-size":"auto","background-attachment":"scroll","background-type":"","background-media":"","overlay-type":"","overlay-color":"","overlay-opacity":"","overlay-gradient":""}},"footnotes":""},"categories":[532,768,726],"tags":[],"class_list":["post-20870","post","type-post","status-publish","format-standard","has-post-thumbnail","hentry","category-cooperar","category-deusto-emprende-2026","category-rieg-deusto-bizkaia"],"aioseo_notices":[],"jetpack_featured_media_url":"https:\/\/blogs.deusto.es\/wp-content\/uploads\/sites\/27\/2026\/01\/1373_es-julissa.sw1920.ct1_.jpg","_links":{"self":[{"href":"https:\/\/blogs.deusto.es\/iedeusto\/wp-json\/wp\/v2\/posts\/20870","targetHints":{"allow":["GET"]}}],"collection":[{"href":"https:\/\/blogs.deusto.es\/iedeusto\/wp-json\/wp\/v2\/posts"}],"about":[{"href":"https:\/\/blogs.deusto.es\/iedeusto\/wp-json\/wp\/v2\/types\/post"}],"author":[{"embeddable":true,"href":"https:\/\/blogs.deusto.es\/iedeusto\/wp-json\/wp\/v2\/users\/387"}],"replies":[{"embeddable":true,"href":"https:\/\/blogs.deusto.es\/iedeusto\/wp-json\/wp\/v2\/comments?post=20870"}],"version-history":[{"count":8,"href":"https:\/\/blogs.deusto.es\/iedeusto\/wp-json\/wp\/v2\/posts\/20870\/revisions"}],"predecessor-version":[{"id":20884,"href":"https:\/\/blogs.deusto.es\/iedeusto\/wp-json\/wp\/v2\/posts\/20870\/revisions\/20884"}],"wp:featuredmedia":[{"embeddable":true,"href":"https:\/\/blogs.deusto.es\/iedeusto\/wp-json\/wp\/v2\/media\/20871"}],"wp:attachment":[{"href":"https:\/\/blogs.deusto.es\/iedeusto\/wp-json\/wp\/v2\/media?parent=20870"}],"wp:term":[{"taxonomy":"category","embeddable":true,"href":"https:\/\/blogs.deusto.es\/iedeusto\/wp-json\/wp\/v2\/categories?post=20870"},{"taxonomy":"post_tag","embeddable":true,"href":"https:\/\/blogs.deusto.es\/iedeusto\/wp-json\/wp\/v2\/tags?post=20870"}],"curies":[{"name":"wp","href":"https:\/\/api.w.org\/{rel}","templated":true}]}}