{"id":21144,"date":"2026-04-28T10:15:02","date_gmt":"2026-04-28T08:15:02","guid":{"rendered":"https:\/\/blogs.deusto.es\/iedeusto\/?p=21144"},"modified":"2026-04-28T16:11:55","modified_gmt":"2026-04-28T14:11:55","slug":"deusto-emprende-acoge-la-visita-del-proyecto-erasmus-pulse","status":"publish","type":"post","link":"https:\/\/blogs.deusto.es\/iedeusto\/deusto-emprende-acoge-la-visita-del-proyecto-erasmus-pulse\/","title":{"rendered":"Deusto Emprende acoge la visita del proyecto Erasmus+ PULSE"},"content":{"rendered":"\n<p>El pasado viernes 24 de abril,<a href=\"https:\/\/www.deusto.es\/es\/inicio\/somos-deusto\/centros-universitarios\/otros-centros\/deusto-emprende\" title=\"\"> Deusto Emprende<\/a> tuvo el placer de acoger la visita del proyecto <a href=\"https:\/\/mundusgroup.com\/portfolio\/pulse\/\" title=\"\">Erasmus+ Capacity Building PULSE<\/a>, una iniciativa internacional que re\u00fane a universidades y agentes educativos con el objetivo de fomentar la innovaci\u00f3n y el emprendimiento.<\/p>\n\n\n\n<p>Durante la jornada, <a href=\"https:\/\/www.linkedin.com\/in\/garbinehenry\/\" title=\"\">Garbi\u00f1e Henry<\/a>, <a href=\"http:\/\/linkedin.com\/search\/results\/all\/?keywords=Oier+Aurrekoetxea&amp;origin=GLOBAL_SEARCH_HEADER\" title=\"\">Oier Aurrekoetxea<\/a> y <a href=\"http:\/\/linkedin.com\/in\/vanessa-angulo-sainz-9928b746\/?skipRedirect=true\" title=\"\">Vanessa Angulo<\/a> presentaron el modelo de Innovaci\u00f3n y Emprendimiento de la <a href=\"https:\/\/www.deusto.es\/es\/inicio\" title=\"\">Universidad de Deusto<\/a>, compartiendo su enfoque, programas y metodolog\u00edas. Asimismo, los participantes tuvieron la oportunidad de conocer las instalaciones en un recorrido que permiti\u00f3 mostrar el ecosistema emprendedor que se impulsa desde la universidad.<\/p>\n\n\n\n<p>El encuentro constituy\u00f3 una valiosa oportunidad para el intercambio de experiencias y buenas pr\u00e1cticas con representantes de distintas universidades y pa\u00edses, favoreciendo la creaci\u00f3n de v\u00ednculos y la identificaci\u00f3n de posibles l\u00edneas de colaboraci\u00f3n futura en el \u00e1mbito del emprendimiento.<\/p>\n\n\n\n<p>Deusto Emprende desea agradecer especialmente a <a href=\"https:\/\/www.linkedin.com\/in\/rafael-balparda-1aa50b51\/\" title=\"\">Rafael Balparda<\/a>, de<a href=\"https:\/\/calasanz.eus\/\" title=\"\"> Calasanz Santurtzi<\/a>, por contar con la Universidad de Deusto e incluirla en el itinerario de visitas del proyecto. Igualmente, se reconoce la participaci\u00f3n de todas las entidades que forman parte del consorcio PULSE: <a href=\"https:\/\/www.linkedin.com\/company\/wearemundus\/\" title=\"\">Mundus<\/a> (coordinador del proyecto), <a href=\"https:\/\/www.linkedin.com\/company\/odyssea-ngo\/\" title=\"\">Odyssea<\/a>, Calasanz Santurtzi, <a href=\"https:\/\/www.linkedin.com\/company\/cultur-ed-inspire\/\" title=\"\">GIP-FIPAN<\/a>, <a href=\"https:\/\/www.linkedin.com\/company\/cultur-ed-inspire\/\" title=\"\">Universit\u00e9 Mohammed VI Polytechnique<\/a>, <a href=\"https:\/\/www.linkedin.com\/company\/amta-academy\/\" title=\"\">AMTA Academy<\/a>, <a href=\"https:\/\/www.linkedin.com\/company\/esith-maroc\/\" title=\"\">ESITH<\/a>, <a href=\"https:\/\/www.linkedin.com\/school\/imset-tunisie\/\" title=\"\">IMSET<\/a>, <a href=\"https:\/\/www.linkedin.com\/company\/citmisurata\/\" title=\"\">College of Industrial Technology<\/a> e Investor Tech.<\/p>\n\n\n\n<p>Este tipo de iniciativas refuerzan el compromiso de Deusto Emprende con la innovaci\u00f3n, la colaboraci\u00f3n internacional y el desarrollo de ecosistemas emprendedores conectados a nivel global.<\/p>\n\n\n\n<div class=\"wp-block-columns is-layout-flex wp-container-core-columns-is-layout-28f84493 wp-block-columns-is-layout-flex\">\n<div class=\"wp-block-column is-layout-flow wp-block-column-is-layout-flow\">\n<figure class=\"wp-block-image size-large\"><a href=\"https:\/\/blogs.deusto.es\/wp-content\/uploads\/sites\/27\/2026\/04\/DSC3071.jpg\"><img fetchpriority=\"high\" decoding=\"async\" width=\"1024\" height=\"683\" src=\"https:\/\/blogs.deusto.es\/wp-content\/uploads\/sites\/27\/2026\/04\/DSC3071-1024x683.jpg\" alt=\"\" class=\"wp-image-21145\" srcset=\"https:\/\/blogs.deusto.es\/wp-content\/uploads\/sites\/27\/2026\/04\/DSC3071-1024x683.jpg 1024w, https:\/\/blogs.deusto.es\/wp-content\/uploads\/sites\/27\/2026\/04\/DSC3071-300x200.jpg 300w, https:\/\/blogs.deusto.es\/wp-content\/uploads\/sites\/27\/2026\/04\/DSC3071-768x512.jpg 768w, https:\/\/blogs.deusto.es\/wp-content\/uploads\/sites\/27\/2026\/04\/DSC3071-1536x1024.jpg 1536w, https:\/\/blogs.deusto.es\/wp-content\/uploads\/sites\/27\/2026\/04\/DSC3071-2048x1366.jpg 2048w\" sizes=\"(max-width: 1024px) 100vw, 1024px\" \/><\/a><\/figure>\n<\/div>\n\n\n\n<div class=\"wp-block-column is-layout-flow wp-block-column-is-layout-flow\">\n<figure class=\"wp-block-image size-large\"><a href=\"https:\/\/blogs.deusto.es\/wp-content\/uploads\/sites\/27\/2026\/04\/unnamed-15.jpg\"><img decoding=\"async\" width=\"1024\" height=\"683\" src=\"https:\/\/blogs.deusto.es\/wp-content\/uploads\/sites\/27\/2026\/04\/unnamed-15-1024x683.jpg\" alt=\"\" class=\"wp-image-21146\" srcset=\"https:\/\/blogs.deusto.es\/wp-content\/uploads\/sites\/27\/2026\/04\/unnamed-15-1024x683.jpg 1024w, https:\/\/blogs.deusto.es\/wp-content\/uploads\/sites\/27\/2026\/04\/unnamed-15-300x200.jpg 300w, https:\/\/blogs.deusto.es\/wp-content\/uploads\/sites\/27\/2026\/04\/unnamed-15-768x512.jpg 768w, https:\/\/blogs.deusto.es\/wp-content\/uploads\/sites\/27\/2026\/04\/unnamed-15-1536x1024.jpg 1536w, https:\/\/blogs.deusto.es\/wp-content\/uploads\/sites\/27\/2026\/04\/unnamed-15-2048x1366.jpg 2048w\" sizes=\"(max-width: 1024px) 100vw, 1024px\" \/><\/a><\/figure>\n<\/div>\n<\/div>\n<p><span class='st_facebook_buttons' st_title='Deusto Emprende acoge la visita del proyecto Erasmus+ PULSE' st_url='https:\/\/blogs.deusto.es\/iedeusto\/deusto-emprende-acoge-la-visita-del-proyecto-erasmus-pulse\/' displayText='facebook'><\/span><span st_via='deustoDEC' st_username='deustoDEC' class='st_twitter_buttons' st_title='Deusto Emprende acoge la visita del proyecto Erasmus+ PULSE' st_url='https:\/\/blogs.deusto.es\/iedeusto\/deusto-emprende-acoge-la-visita-del-proyecto-erasmus-pulse\/' displayText='twitter'><\/span><span class='st_email_buttons' st_title='Deusto Emprende acoge la visita del proyecto Erasmus+ PULSE' st_url='https:\/\/blogs.deusto.es\/iedeusto\/deusto-emprende-acoge-la-visita-del-proyecto-erasmus-pulse\/' displayText='email'><\/span><span class='st_fblike_buttons' st_title='Deusto Emprende acoge la visita del proyecto Erasmus+ PULSE' st_url='https:\/\/blogs.deusto.es\/iedeusto\/deusto-emprende-acoge-la-visita-del-proyecto-erasmus-pulse\/' displayText='fblike'><\/span><span class='st_plusone_buttons' st_title='Deusto Emprende acoge la visita del proyecto Erasmus+ PULSE' st_url='https:\/\/blogs.deusto.es\/iedeusto\/deusto-emprende-acoge-la-visita-del-proyecto-erasmus-pulse\/' displayText='plusone'><\/span><span class='st_pinterest_buttons' st_title='Deusto Emprende acoge la visita del proyecto Erasmus+ PULSE' st_url='https:\/\/blogs.deusto.es\/iedeusto\/deusto-emprende-acoge-la-visita-del-proyecto-erasmus-pulse\/' displayText='pinterest'><\/span><span class='st_sharethis_buttons' st_title='Deusto Emprende acoge la visita del proyecto Erasmus+ PULSE' st_url='https:\/\/blogs.deusto.es\/iedeusto\/deusto-emprende-acoge-la-visita-del-proyecto-erasmus-pulse\/' displayText='sharethis'><\/span><\/p>","protected":false},"excerpt":{"rendered":"<p>El pasado viernes 24 de abril, Deusto Emprende tuvo el placer de acoger la visita del proyecto Erasmus+ Capacity Building PULSE, una iniciativa internacional que re\u00fane a universidades y agentes educativos con el objetivo de fomentar la innovaci\u00f3n y el emprendimiento. Durante la jornada, Garbi\u00f1e Henry, Oier Aurrekoetxea y Vanessa Angulo presentaron el modelo de [&hellip;]<\/p>\n<p><span class='st_facebook_buttons' st_title='Deusto Emprende acoge la visita del proyecto Erasmus+ PULSE' st_url='https:\/\/blogs.deusto.es\/iedeusto\/deusto-emprende-acoge-la-visita-del-proyecto-erasmus-pulse\/' displayText='facebook'><\/span><span st_via='deustoDEC' st_username='deustoDEC' class='st_twitter_buttons' st_title='Deusto Emprende acoge la visita del proyecto Erasmus+ PULSE' st_url='https:\/\/blogs.deusto.es\/iedeusto\/deusto-emprende-acoge-la-visita-del-proyecto-erasmus-pulse\/' displayText='twitter'><\/span><span class='st_email_buttons' st_title='Deusto Emprende acoge la visita del proyecto Erasmus+ PULSE' st_url='https:\/\/blogs.deusto.es\/iedeusto\/deusto-emprende-acoge-la-visita-del-proyecto-erasmus-pulse\/' displayText='email'><\/span><span class='st_fblike_buttons' st_title='Deusto Emprende acoge la visita del proyecto Erasmus+ PULSE' st_url='https:\/\/blogs.deusto.es\/iedeusto\/deusto-emprende-acoge-la-visita-del-proyecto-erasmus-pulse\/' displayText='fblike'><\/span><span class='st_plusone_buttons' st_title='Deusto Emprende acoge la visita del proyecto Erasmus+ PULSE' st_url='https:\/\/blogs.deusto.es\/iedeusto\/deusto-emprende-acoge-la-visita-del-proyecto-erasmus-pulse\/' displayText='plusone'><\/span><span class='st_pinterest_buttons' st_title='Deusto Emprende acoge la visita del proyecto Erasmus+ PULSE' st_url='https:\/\/blogs.deusto.es\/iedeusto\/deusto-emprende-acoge-la-visita-del-proyecto-erasmus-pulse\/' displayText='pinterest'><\/span><span class='st_sharethis_buttons' st_title='Deusto Emprende acoge la visita del proyecto Erasmus+ PULSE' st_url='https:\/\/blogs.deusto.es\/iedeusto\/deusto-emprende-acoge-la-visita-del-proyecto-erasmus-pulse\/' displayText='sharethis'><\/span><\/p>","protected":false},"author":387,"featured_media":21147,"comment_status":"open","ping_status":"open","sticky":false,"template":"","format":"standard","meta":{"site-sidebar-layout":"default","site-content-layout":"","ast-site-content-layout":"default","site-content-style":"default","site-sidebar-style":"default","ast-global-header-display":"","ast-banner-title-visibility":"","ast-main-header-display":"","ast-hfb-above-header-display":"","ast-hfb-below-header-display":"","ast-hfb-mobile-header-display":"","site-post-title":"","ast-breadcrumbs-content":"","ast-featured-img":"","footer-sml-layout":"","ast-disable-related-posts":"","theme-transparent-header-meta":"","adv-header-id-meta":"","stick-header-meta":"","header-above-stick-meta":"","header-main-stick-meta":"","header-below-stick-meta":"","astra-migrate-meta-layouts":"set","ast-page-background-enabled":"default","ast-page-background-meta":{"desktop":{"background-color":"var(--ast-global-color-4)","background-image":"","background-repeat":"repeat","background-position":"center center","background-size":"auto","background-attachment":"scroll","background-type":"","background-media":"","overlay-type":"","overlay-color":"","overlay-opacity":"","overlay-gradient":""},"tablet":{"background-color":"","background-image":"","background-repeat":"repeat","background-position":"center center","background-size":"auto","background-attachment":"scroll","background-type":"","background-media":"","overlay-type":"","overlay-color":"","overlay-opacity":"","overlay-gradient":""},"mobile":{"background-color":"","background-image":"","background-repeat":"repeat","background-position":"center center","background-size":"auto","background-attachment":"scroll","background-type":"","background-media":"","overlay-type":"","overlay-color":"","overlay-opacity":"","overlay-gradient":""}},"ast-content-background-meta":{"desktop":{"background-color":"var(--ast-global-color-5)","background-image":"","background-repeat":"repeat","background-position":"center center","background-size":"auto","background-attachment":"scroll","background-type":"","background-media":"","overlay-type":"","overlay-color":"","overlay-opacity":"","overlay-gradient":""},"tablet":{"background-color":"var(--ast-global-color-5)","background-image":"","background-repeat":"repeat","background-position":"center center","background-size":"auto","background-attachment":"scroll","background-type":"","background-media":"","overlay-type":"","overlay-color":"","overlay-opacity":"","overlay-gradient":""},"mobile":{"background-color":"var(--ast-global-color-5)","background-image":"","background-repeat":"repeat","background-position":"center center","background-size":"auto","background-attachment":"scroll","background-type":"","background-media":"","overlay-type":"","overlay-color":"","overlay-opacity":"","overlay-gradient":""}},"footnotes":""},"categories":[530,532,768,615],"tags":[522,19,29,280,771,283,151],"class_list":["post-21144","post","type-post","status-publish","format-standard","has-post-thumbnail","hentry","category-cooperacion","category-cooperar","category-deusto-emprende-2026","category-personas-emprendedoras","tag-cooperacion","tag-deustokabi","tag-emprendedors-2","tag-emprendimiento","tag-erasmus-2","tag-innovacion","tag-universidad-de-deusto"],"aioseo_notices":[],"jetpack_featured_media_url":"https:\/\/blogs.deusto.es\/wp-content\/uploads\/sites\/27\/2026\/04\/unnamed-14.jpg","_links":{"self":[{"href":"https:\/\/blogs.deusto.es\/iedeusto\/wp-json\/wp\/v2\/posts\/21144","targetHints":{"allow":["GET"]}}],"collection":[{"href":"https:\/\/blogs.deusto.es\/iedeusto\/wp-json\/wp\/v2\/posts"}],"about":[{"href":"https:\/\/blogs.deusto.es\/iedeusto\/wp-json\/wp\/v2\/types\/post"}],"author":[{"embeddable":true,"href":"https:\/\/blogs.deusto.es\/iedeusto\/wp-json\/wp\/v2\/users\/387"}],"replies":[{"embeddable":true,"href":"https:\/\/blogs.deusto.es\/iedeusto\/wp-json\/wp\/v2\/comments?post=21144"}],"version-history":[{"count":3,"href":"https:\/\/blogs.deusto.es\/iedeusto\/wp-json\/wp\/v2\/posts\/21144\/revisions"}],"predecessor-version":[{"id":21153,"href":"https:\/\/blogs.deusto.es\/iedeusto\/wp-json\/wp\/v2\/posts\/21144\/revisions\/21153"}],"wp:featuredmedia":[{"embeddable":true,"href":"https:\/\/blogs.deusto.es\/iedeusto\/wp-json\/wp\/v2\/media\/21147"}],"wp:attachment":[{"href":"https:\/\/blogs.deusto.es\/iedeusto\/wp-json\/wp\/v2\/media?parent=21144"}],"wp:term":[{"taxonomy":"category","embeddable":true,"href":"https:\/\/blogs.deusto.es\/iedeusto\/wp-json\/wp\/v2\/categories?post=21144"},{"taxonomy":"post_tag","embeddable":true,"href":"https:\/\/blogs.deusto.es\/iedeusto\/wp-json\/wp\/v2\/tags?post=21144"}],"curies":[{"name":"wp","href":"https:\/\/api.w.org\/{rel}","templated":true}]}}