{"id":3914,"date":"2015-01-27T18:04:21","date_gmt":"2015-01-27T17:04:21","guid":{"rendered":"https:\/\/preblogs.deusto.es\/iedeusto\/?p=3914"},"modified":"2018-07-09T12:35:00","modified_gmt":"2018-07-09T10:35:00","slug":"vii-edicion-del-premio-uniproyecta","status":"publish","type":"post","link":"https:\/\/blogs.deusto.es\/iedeusto\/vii-edicion-del-premio-uniproyecta\/","title":{"rendered":"VII edici\u00f3n del PREMIO UNIPROYECTA"},"content":{"rendered":"<p style=\"text-align: justify;\"><a href=\"https:\/\/blogs.deusto.es\/iedeusto\/wp-content\/uploads\/sites\/27\/2015\/01\/premio-uniproyecta.jpg\"><img decoding=\"async\" class=\"aligncenter size-full wp-image-3943\" src=\"https:\/\/blogs.deusto.es\/iedeusto\/wp-content\/uploads\/sites\/27\/2015\/01\/premio-uniproyecta.jpg\" alt=\"premio uniproyecta\" width=\"260\" height=\"68\" \/><\/a>Portal Universia\u00a0convocan la <strong><em>VII edici\u00f3n del Premio Uniproyecta<\/em><\/strong>, organizado por <a href=\"http:\/\/www.crue.org\/Estudiantes\/RUNAE\/Paginas\/RUNAE.aspx?Mobile=0\" target=\"_blank\" rel=\"noopener\">RUNAE<\/a>, (Red Universitaria de Asuntos Estudiantiles) al mejor <span style=\"text-decoration: underline;\">proyecto emprendedor<\/span> universitario de excelencia, elaborado por estudiantes.<\/p>\n<ul>\n<li style=\"text-align: justify;\"><span style=\"color: #000080;\"><em><strong><span style=\"line-height: 15px;\">Participantes<\/span><\/strong><\/em><\/span><\/li>\n<\/ul>\n<ol>\n<li style=\"text-align: justify;\"><span style=\"text-align: justify;\">Estudiantes o equipos de estudiantes\u00a0matriculados en una\u00a0titulaci\u00f3n oficial, durante\u00a0el curso 2014-2015. \u00a0<\/span><\/li>\n<li style=\"text-align: justify;\">Titulados universitarios o equipos de titulados universitarios que hayan obtenido su t\u00edtulo en los <span style=\"text-decoration: underline;\">dos cursos<\/span> inmediatamente anteriores al curso acad\u00e9mico 2014-2015.<\/li>\n<\/ol>\n<p style=\"text-align: justify;\">Tanto la opci\u00f3n 1 como la opci\u00f3n 2, la universidad tiene que ser miembro de la Conferencia de Rectores de las Universidades Espa\u00f1olas (<strong>CRUE)\u00a0<\/strong><a href=\"http:\/\/www.crue.org\/universidades\/Paginas\/default.aspx?Mobile=0\" target=\"_blank\" rel=\"noopener\">[Ver universidades]<\/a>. Adem\u00e1s, <span style=\"color: #000000;\">los participantes<\/span> tienen que haber elaborado o puesto en marcha proyectos empresariales.<\/p>\n<ul>\n<li>\u00a0<span style=\"color: #000080;\"><strong><em>Requisitos<\/em><\/strong><\/span><\/li>\n<\/ul>\n<p style=\"text-align: justify;\">&#8211; Las candidaturas deber\u00e1n ser enviadas por el Vicerrector miembro de la RUNAE de cada universidad participante.<\/p>\n<p style=\"text-align: justify;\">&#8211;\u00a0los Vicerrectores miembros de la RUNAE deber\u00e1n enviar cumplimentado el <strong>Anexo I<\/strong> al correo electr\u00f3nico <em>premiosuniproyecta@universia.es\u00a0<\/em>En un plazo de dos d\u00edas laborales se confirmar\u00e1 la correcta recepci\u00f3n de la documentaci\u00f3n.<\/p>\n<p style=\"text-align: justify;\">-Los proyectos presentados no pueden infringir los derechos de propiedad intelectual. Tienen que ser in\u00e9ditos y originales. Se puede enviar adem\u00e1s del proyecto titular un proyecto de reserva.<\/p>\n<ul>\n<li><strong><em><span style=\"color: #000080;\">M<\/span><span style=\"color: #000080;\">aterial a entregar<\/span><\/em><\/strong><\/li>\n<\/ul>\n<p>-Escritura de constituci\u00f3n de la sociedad que est\u00e9 desarrollando el proyecto.<\/p>\n<p>-Tarjeta acreditativa del n\u00famero de identificaci\u00f3n fiscal (NIF) de la empresa.<\/p>\n<p>&#8211;\u00a0Documento justificativo del alta en el Impuesto de Actividades Econ\u00f3micas, que deber\u00e1 ser posterior al 1 de septiembre de 2014.<\/p>\n<ul>\n<li><em><strong><span style=\"color: #000080;\">\u00a0Plazos<\/span><\/strong><\/em><\/li>\n<\/ul>\n<p>El <strong>Anexo I<\/strong> deber\u00e1 remitirse debidamente firmado por el Vicerrector que presente las candidaturas entre las 14:00 horas del <strong>20 de enero<\/strong> de 2015 y las 14:00 horas del <strong>12 de marzo<\/strong> de 2015.<\/p>\n<p style=\"text-align: justify;\">Una vez que la candidatura enviada por el Vicerrector de su universidad es recibida por la Organizaci\u00f3n, el participante o equipo participante responsable tanto del proyecto titular como del proyecto de reserva tienen que cumplimentar el <strong>Anexo II<\/strong>, \u00a0antes de las 14.00 horas<strong> del 19 de marzo de 2015,\u00a0<\/strong>al correo electr\u00f3nico\u00a0\u00a0<em>premiosuniproyecta@universia.es<\/em>.<\/p>\n<ul>\n<li><em><strong><span style=\"color: #333399;\">Premios<\/span><\/strong><\/em><\/li>\n<\/ul>\n<p style=\"text-align: justify;\">&#8211; <span style=\"color: #993300;\"><strong><em>Premio Uniproyecta Portal Universia<\/em><\/strong><\/span> al mejor proyecto emprendedor universitario, dotado con <strong>10.000 euros<\/strong> y <strong>diploma acreditativo<\/strong>, otorgado por Portal Universia.\u00a0Asimismo, se har\u00e1 entrega de una placa y un diploma acreditativo a la universidad de la que provenga el proyecto.<\/p>\n<p style=\"text-align: justify;\">&#8211;<em><span style=\"color: #993300;\"><strong>Premio Uniproyecta Fundaci\u00f3n Universia<\/strong><\/span><\/em>, al proyecto orientado a la atenci\u00f3n de personas con discapacidad, dotado con <strong>5.000 euros y diploma acreditativo<\/strong>, otorgado por Fundaci\u00f3n Universia.<\/p>\n<p style=\"text-align: justify;\">Puedes obtener m\u00e1s informaci\u00f3n y rellenar el anexo I y anexo II, en las bases del premio\u00a0<a href=\"http:\/\/www.uniproyecta.com\/bases.pdf\" target=\"_blank\" rel=\"noopener\">[pincha aqu\u00ed]<\/a><\/p>\n<p style=\"text-align: center;\"><em><strong><span style=\"color: #333399;\">\u00a1Deseamos mucha suerte a l@s interesados\/as!<\/span><\/strong><\/em><\/p>\n<p><span class='st_facebook_buttons' st_title='VII edici\u00f3n del PREMIO UNIPROYECTA' st_url='https:\/\/blogs.deusto.es\/iedeusto\/vii-edicion-del-premio-uniproyecta\/' displayText='facebook'><\/span><span st_via='deustoDEC' st_username='deustoDEC' class='st_twitter_buttons' st_title='VII edici\u00f3n del PREMIO UNIPROYECTA' st_url='https:\/\/blogs.deusto.es\/iedeusto\/vii-edicion-del-premio-uniproyecta\/' displayText='twitter'><\/span><span class='st_email_buttons' st_title='VII edici\u00f3n del PREMIO UNIPROYECTA' st_url='https:\/\/blogs.deusto.es\/iedeusto\/vii-edicion-del-premio-uniproyecta\/' displayText='email'><\/span><span class='st_fblike_buttons' st_title='VII edici\u00f3n del PREMIO UNIPROYECTA' st_url='https:\/\/blogs.deusto.es\/iedeusto\/vii-edicion-del-premio-uniproyecta\/' displayText='fblike'><\/span><span class='st_plusone_buttons' st_title='VII edici\u00f3n del PREMIO UNIPROYECTA' st_url='https:\/\/blogs.deusto.es\/iedeusto\/vii-edicion-del-premio-uniproyecta\/' displayText='plusone'><\/span><span class='st_pinterest_buttons' st_title='VII edici\u00f3n del PREMIO UNIPROYECTA' st_url='https:\/\/blogs.deusto.es\/iedeusto\/vii-edicion-del-premio-uniproyecta\/' displayText='pinterest'><\/span><span class='st_sharethis_buttons' st_title='VII edici\u00f3n del PREMIO UNIPROYECTA' st_url='https:\/\/blogs.deusto.es\/iedeusto\/vii-edicion-del-premio-uniproyecta\/' displayText='sharethis'><\/span><\/p>","protected":false},"excerpt":{"rendered":"<p>Portal Universia\u00a0convocan la VII edici\u00f3n del Premio Uniproyecta, organizado por RUNAE, (Red Universitaria de Asuntos Estudiantiles) al mejor proyecto emprendedor universitario de excelencia, elaborado por estudiantes. Participantes Estudiantes o equipos de estudiantes\u00a0matriculados en una\u00a0titulaci\u00f3n oficial, durante\u00a0el curso 2014-2015. \u00a0 Titulados universitarios o equipos de titulados universitarios que hayan obtenido su t\u00edtulo en los dos cursos [&hellip;]<\/p>\n<p><span class='st_facebook_buttons' st_title='VII edici\u00f3n del PREMIO UNIPROYECTA' st_url='https:\/\/blogs.deusto.es\/iedeusto\/vii-edicion-del-premio-uniproyecta\/' displayText='facebook'><\/span><span st_via='deustoDEC' st_username='deustoDEC' class='st_twitter_buttons' st_title='VII edici\u00f3n del PREMIO UNIPROYECTA' st_url='https:\/\/blogs.deusto.es\/iedeusto\/vii-edicion-del-premio-uniproyecta\/' displayText='twitter'><\/span><span class='st_email_buttons' st_title='VII edici\u00f3n del PREMIO UNIPROYECTA' st_url='https:\/\/blogs.deusto.es\/iedeusto\/vii-edicion-del-premio-uniproyecta\/' displayText='email'><\/span><span class='st_fblike_buttons' st_title='VII edici\u00f3n del PREMIO UNIPROYECTA' st_url='https:\/\/blogs.deusto.es\/iedeusto\/vii-edicion-del-premio-uniproyecta\/' displayText='fblike'><\/span><span class='st_plusone_buttons' st_title='VII edici\u00f3n del PREMIO UNIPROYECTA' st_url='https:\/\/blogs.deusto.es\/iedeusto\/vii-edicion-del-premio-uniproyecta\/' displayText='plusone'><\/span><span class='st_pinterest_buttons' st_title='VII edici\u00f3n del PREMIO UNIPROYECTA' st_url='https:\/\/blogs.deusto.es\/iedeusto\/vii-edicion-del-premio-uniproyecta\/' displayText='pinterest'><\/span><span class='st_sharethis_buttons' st_title='VII edici\u00f3n del PREMIO UNIPROYECTA' st_url='https:\/\/blogs.deusto.es\/iedeusto\/vii-edicion-del-premio-uniproyecta\/' displayText='sharethis'><\/span><\/p>","protected":false},"author":387,"featured_media":3943,"comment_status":"open","ping_status":"open","sticky":false,"template":"","format":"standard","meta":{"site-sidebar-layout":"default","site-content-layout":"","ast-site-content-layout":"default","site-content-style":"default","site-sidebar-style":"default","ast-global-header-display":"","ast-banner-title-visibility":"","ast-main-header-display":"","ast-hfb-above-header-display":"","ast-hfb-below-header-display":"","ast-hfb-mobile-header-display":"","site-post-title":"","ast-breadcrumbs-content":"","ast-featured-img":"","footer-sml-layout":"","ast-disable-related-posts":"","theme-transparent-header-meta":"","adv-header-id-meta":"","stick-header-meta":"","header-above-stick-meta":"","header-main-stick-meta":"","header-below-stick-meta":"","astra-migrate-meta-layouts":"default","ast-page-background-enabled":"default","ast-page-background-meta":{"desktop":{"background-color":"var(--ast-global-color-4)","background-image":"","background-repeat":"repeat","background-position":"center center","background-size":"auto","background-attachment":"scroll","background-type":"","background-media":"","overlay-type":"","overlay-color":"","overlay-opacity":"","overlay-gradient":""},"tablet":{"background-color":"","background-image":"","background-repeat":"repeat","background-position":"center center","background-size":"auto","background-attachment":"scroll","background-type":"","background-media":"","overlay-type":"","overlay-color":"","overlay-opacity":"","overlay-gradient":""},"mobile":{"background-color":"","background-image":"","background-repeat":"repeat","background-position":"center center","background-size":"auto","background-attachment":"scroll","background-type":"","background-media":"","overlay-type":"","overlay-color":"","overlay-opacity":"","overlay-gradient":""}},"ast-content-background-meta":{"desktop":{"background-color":"var(--ast-global-color-5)","background-image":"","background-repeat":"repeat","background-position":"center center","background-size":"auto","background-attachment":"scroll","background-type":"","background-media":"","overlay-type":"","overlay-color":"","overlay-opacity":"","overlay-gradient":""},"tablet":{"background-color":"var(--ast-global-color-5)","background-image":"","background-repeat":"repeat","background-position":"center center","background-size":"auto","background-attachment":"scroll","background-type":"","background-media":"","overlay-type":"","overlay-color":"","overlay-opacity":"","overlay-gradient":""},"mobile":{"background-color":"var(--ast-global-color-5)","background-image":"","background-repeat":"repeat","background-position":"center center","background-size":"auto","background-attachment":"scroll","background-type":"","background-media":"","overlay-type":"","overlay-color":"","overlay-opacity":"","overlay-gradient":""}},"footnotes":""},"categories":[85,3,10,8,9,11],"tags":[124,280,123,283,79,122,121],"class_list":["post-3914","post","type-post","status-publish","format-standard","has-post-thumbnail","hentry","category-concurso-2","category-difusion","category-emprendedors","category-emprendimiento","category-emprendimiento-social","category-finaniciacion","tag-autoempleo","tag-emprendimiento","tag-espiritu-emprendedor","tag-innovacion","tag-premios","tag-proyectos-emprendedores","tag-vii-edicion-del-premio-uniproyecta"],"aioseo_notices":[],"jetpack_featured_media_url":"https:\/\/blogs.deusto.es\/wp-content\/uploads\/sites\/27\/2015\/01\/premio-uniproyecta.jpg","_links":{"self":[{"href":"https:\/\/blogs.deusto.es\/iedeusto\/wp-json\/wp\/v2\/posts\/3914","targetHints":{"allow":["GET"]}}],"collection":[{"href":"https:\/\/blogs.deusto.es\/iedeusto\/wp-json\/wp\/v2\/posts"}],"about":[{"href":"https:\/\/blogs.deusto.es\/iedeusto\/wp-json\/wp\/v2\/types\/post"}],"author":[{"embeddable":true,"href":"https:\/\/blogs.deusto.es\/iedeusto\/wp-json\/wp\/v2\/users\/387"}],"replies":[{"embeddable":true,"href":"https:\/\/blogs.deusto.es\/iedeusto\/wp-json\/wp\/v2\/comments?post=3914"}],"version-history":[{"count":24,"href":"https:\/\/blogs.deusto.es\/iedeusto\/wp-json\/wp\/v2\/posts\/3914\/revisions"}],"predecessor-version":[{"id":7534,"href":"https:\/\/blogs.deusto.es\/iedeusto\/wp-json\/wp\/v2\/posts\/3914\/revisions\/7534"}],"wp:featuredmedia":[{"embeddable":true,"href":"https:\/\/blogs.deusto.es\/iedeusto\/wp-json\/wp\/v2\/media\/3943"}],"wp:attachment":[{"href":"https:\/\/blogs.deusto.es\/iedeusto\/wp-json\/wp\/v2\/media?parent=3914"}],"wp:term":[{"taxonomy":"category","embeddable":true,"href":"https:\/\/blogs.deusto.es\/iedeusto\/wp-json\/wp\/v2\/categories?post=3914"},{"taxonomy":"post_tag","embeddable":true,"href":"https:\/\/blogs.deusto.es\/iedeusto\/wp-json\/wp\/v2\/tags?post=3914"}],"curies":[{"name":"wp","href":"https:\/\/api.w.org\/{rel}","templated":true}]}}