{"id":45,"date":"2013-03-04T10:43:52","date_gmt":"2013-03-04T09:43:52","guid":{"rendered":"https:\/\/preblogs.deusto.es\/innovandis\/?p=45"},"modified":"2016-08-29T11:04:54","modified_gmt":"2016-08-29T09:04:54","slug":"laida-garcia-maya-innovander-1g","status":"publish","type":"post","link":"https:\/\/blogs.deusto.es\/innovandis\/laida-garcia-maya-innovander-1g\/","title":{"rendered":"Laida Garcia Maya, iNNoVaNDeR 1G"},"content":{"rendered":"<p><strong><a href=\"https:\/\/blogs.deusto.es\/innovandis\/wp-content\/uploads\/sites\/30\/2015\/12\/laida_garcia.jpg\"><img decoding=\"async\" class=\"size-full wp-image-56 alignleft\" src=\"https:\/\/blogs.deusto.es\/innovandis\/wp-content\/uploads\/sites\/30\/2015\/12\/laida_garcia.jpg\" alt=\"laida_garcia\" width=\"135\" height=\"136\" srcset=\"https:\/\/blogs.deusto.es\/wp-content\/uploads\/sites\/30\/2015\/12\/laida_garcia.jpg 135w, https:\/\/blogs.deusto.es\/wp-content\/uploads\/sites\/30\/2015\/12\/laida_garcia-150x150.jpg 150w, https:\/\/blogs.deusto.es\/wp-content\/uploads\/sites\/30\/2015\/12\/laida_garcia-160x160.jpg 160w, https:\/\/blogs.deusto.es\/wp-content\/uploads\/sites\/30\/2015\/12\/laida_garcia-320x320.jpg 320w\" sizes=\"(max-width: 135px) 100vw, 135px\" \/><\/a>Tras una primera experiencia internacional en el Grupo Telef\u00f3nica, Laida se encuentra desde hace unos meses inmersa en el proyecto Wayra, apoyando a emprendedores desde la incubadora de Telef\u00f3nica. En esta entrevista nos cuenta lo que supone contagiarse de la ilusi\u00f3n y la confianza en su trabajo que desprenden los emprendedores con los que comparte el d\u00eda a d\u00eda.<\/strong><\/p>\n<p>&nbsp;<\/p>\n<p><strong>\u00bfQu\u00e9 ha sido de ti desde que saliste de la Universidad?<\/strong><\/p>\n<p>Termin\u00e9 la carrera en el 2007 y directamente quise salir al extranjero. Me fui con Telef\u00f3nica a \u00c1msterdam, donde estuve dos a\u00f1os y medio dentro del departamento de finanzas. Aunque al principio mi trabajo era muy administrativo, la novedad de una nueva ciudad, el que amigas y compa\u00f1eras de la uni (Ainara y Teresa) se unieran a m\u00ed, fue toda una aventura. Pronto me dieron confianza entrando en proyectos interesantes, todo centrado en las finanzas.<\/p>\n<p>Despu\u00e9s de un par de a\u00f1os, empec\u00e9 a sentirme demasiado lejos de los m\u00edos, y coincidi\u00f3 que se cre\u00f3 una oportunidad en mercado de capitales, dentro de telef\u00f3nica, en Madrid. La experiencia nuevamente fue buena, pero me encontr\u00e9 demasiado \u2018encerrada\u2019 en los n\u00fameros, y no me llenaba el pensar que mis mejores pr\u00e1cticas resultaban en ahorro de costos a una empresa gigante.<\/p>\n<p>Hace 5 meses tuve la oportunidad (siguiendo en Telef\u00f3nica), de moverme a la incubadora de empresas Wayra, donde tras un exigente proceso de selecci\u00f3n, los proyectos (la simpat\u00eda de los promotores y las ganas de luchar por su proyecto innovador son claves) son alojados dentro de Wayra. Se les ofrece un espacio, facilitarles el networking, acceso a la red de inversores, servicios de coaching y mentoring y financiaci\u00f3n, que les ayuda a comercializar e incluso internacionalizar sus ideas. Cada a\u00f1o en las academias de Wayra (en Madrid y Barcelona y tambi\u00e9n en Latinoam\u00e9rica) se alojan un m\u00ednimo de 10 proyectos por sede.<\/p>\n<p>&nbsp;<\/p>\n<p><strong>\u00bfQu\u00e9 es lo que m\u00e1s te apasiona de lo que haces ahora?<\/strong><\/p>\n<p>Ver la ilusi\u00f3n de la gente, c\u00f3mo conf\u00edan en sus ideas y c\u00f3mo se vuelcan en ellas, c\u00f3mo creen (y creer es poder) que el mundo puede cambiar. Crecen todos los d\u00edas un poquito, y nos ayudan a hacer lo mismo a nosotros. En un momento en el que todo parecen malas noticias, ves que hay gente que est\u00e1 cumpliendo su sue\u00f1o y llev\u00e1ndolo a la realidad. Encuentran en la innovaci\u00f3n su foco de desahogo, su libertad para salirse de lo marcado en el sistema, para divertirse trabajando y haci\u00e9ndose un hueco en el mercado. Ves muchas sonrisas, mucha ayuda entre todos los emprendedores. Los perfiles son muy diferentes, reci\u00e9n licenciados, personas con muchos a\u00f1os de experiencia, personas que llevan una vida innovando y gente que se animan por primera vez. Todos comparten una misma ilusi\u00f3n y hacen que te unas a ellos: divertirte trabajando, luchar por lo tuyo.<\/p>\n<p>&nbsp;<\/p>\n<p><strong>\u00bfEn qu\u00e9 has aprovechado lo aprendido en iNNoVaNDiS?<\/strong><\/p>\n<p>En iNNoVaNDis desde el d\u00eda 0 te meten el gusanillo de la innovaci\u00f3n, cambiar el mundo, buscar satisfacci\u00f3n para necesidades existentes, hacer tu vida m\u00e1s f\u00e1cil o m\u00e1s divertida. Te ayuda a pensar de otra manera, a divertirte investigando, pensando y desarrollando. Es un equipo que empez\u00f3 muy motivado y no paran de hacerse m\u00e1s grandes, GIGANTES. Disfrutan de su trabajo y se lo pasan bien haci\u00e9ndolo. Todo esto te lo llevas dentro, es muy diferente a cualquier otra clase de la universidad que yo haya podido asistir. GANAS, es lo que te llevas, ganas de hacer algo, algo que te guste.<\/p>\n<p>Puedes saber m\u00e1s sobre Laida en su perfil de<a href=\"https:\/\/www.linkedin.com\/in\/laidagarciamaya\" target=\"_blank\"> LinkedIn<\/a>.<\/p>\n","protected":false},"excerpt":{"rendered":"<p>Tras una primera experiencia internacional en el Grupo Telef\u00f3nica, Laida se encuentra desde hace unos meses inmersa en el proyecto Wayra, apoyando a emprendedores desde la incubadora de Telef\u00f3nica. En esta entrevista nos cuenta&#46;&#46;&#46;<\/p>\n","protected":false},"author":397,"featured_media":55,"comment_status":"open","ping_status":"open","sticky":false,"template":"","format":"standard","meta":{"footnotes":""},"categories":[2],"tags":[3,6],"class_list":["post-45","post","type-post","status-publish","format-standard","has-post-thumbnail","hentry","category-que-fue-de","tag-1g","tag-innovandis"],"yoast_head":"<!-- This site is optimized with the Yoast SEO plugin v27.4 - https:\/\/yoast.com\/product\/yoast-seo-wordpress\/ -->\n<title>Laida Garcia Maya, iNNoVaNDeR 1G - iNNoVaNDiS &amp; Co.<\/title>\n<meta name=\"robots\" content=\"index, follow, max-snippet:-1, max-image-preview:large, max-video-preview:-1\" \/>\n<link rel=\"canonical\" href=\"https:\/\/blogs.deusto.es\/innovandis\/laida-garcia-maya-innovander-1g\/\" \/>\n<meta property=\"og:locale\" content=\"es_ES\" \/>\n<meta property=\"og:type\" content=\"article\" \/>\n<meta property=\"og:title\" content=\"Laida Garcia Maya, iNNoVaNDeR 1G - iNNoVaNDiS &amp; Co.\" \/>\n<meta property=\"og:description\" content=\"Tras una primera experiencia internacional en el Grupo Telef\u00f3nica, Laida se encuentra desde hace unos meses inmersa en el proyecto Wayra, apoyando a emprendedores desde la incubadora de Telef\u00f3nica. En esta entrevista nos cuenta&#046;&#046;&#046;\" \/>\n<meta property=\"og:url\" content=\"https:\/\/blogs.deusto.es\/innovandis\/laida-garcia-maya-innovander-1g\/\" \/>\n<meta property=\"og:site_name\" content=\"iNNoVaNDiS &amp; Co.\" \/>\n<meta property=\"article:published_time\" content=\"2013-03-04T09:43:52+00:00\" \/>\n<meta property=\"article:modified_time\" content=\"2016-08-29T09:04:54+00:00\" \/>\n<meta property=\"og:image\" content=\"https:\/\/blogs.deusto.es\/alumni\/wp-content\/uploads\/sites\/30\/2015\/12\/laida_garcia_dest.jpg\" \/>\n\t<meta property=\"og:image:width\" content=\"1042\" \/>\n\t<meta property=\"og:image:height\" content=\"417\" \/>\n\t<meta property=\"og:image:type\" content=\"image\/jpeg\" \/>\n<meta name=\"author\" content=\"Innovandis\" \/>\n<meta name=\"twitter:card\" content=\"summary_large_image\" \/>\n<meta name=\"twitter:label1\" content=\"Escrito por\" \/>\n\t<meta name=\"twitter:data1\" content=\"Innovandis\" \/>\n\t<meta name=\"twitter:label2\" content=\"Tiempo de lectura\" \/>\n\t<meta name=\"twitter:data2\" content=\"3 minutos\" \/>\n<script type=\"application\/ld+json\" class=\"yoast-schema-graph\">{\"@context\":\"https:\\\/\\\/schema.org\",\"@graph\":[{\"@type\":\"Article\",\"@id\":\"https:\\\/\\\/blogs.deusto.es\\\/innovandis\\\/laida-garcia-maya-innovander-1g\\\/#article\",\"isPartOf\":{\"@id\":\"https:\\\/\\\/blogs.deusto.es\\\/innovandis\\\/laida-garcia-maya-innovander-1g\\\/\"},\"author\":{\"name\":\"Innovandis\",\"@id\":\"https:\\\/\\\/blogs.deusto.es\\\/innovandis\\\/#\\\/schema\\\/person\\\/777c1a956ab083ee6e7c1324ff16921d\"},\"headline\":\"Laida Garcia Maya, iNNoVaNDeR 1G\",\"datePublished\":\"2013-03-04T09:43:52+00:00\",\"dateModified\":\"2016-08-29T09:04:54+00:00\",\"mainEntityOfPage\":{\"@id\":\"https:\\\/\\\/blogs.deusto.es\\\/innovandis\\\/laida-garcia-maya-innovander-1g\\\/\"},\"wordCount\":639,\"commentCount\":37,\"publisher\":{\"@id\":\"https:\\\/\\\/blogs.deusto.es\\\/innovandis\\\/#organization\"},\"image\":{\"@id\":\"https:\\\/\\\/blogs.deusto.es\\\/innovandis\\\/laida-garcia-maya-innovander-1g\\\/#primaryimage\"},\"thumbnailUrl\":\"https:\\\/\\\/blogs.deusto.es\\\/wp-content\\\/uploads\\\/sites\\\/30\\\/2015\\\/12\\\/laida_garcia_dest.jpg\",\"keywords\":[\"1G\",\"innovandis\"],\"articleSection\":[\"Qu\u00e9 fue de...\"],\"inLanguage\":\"es\",\"potentialAction\":[{\"@type\":\"CommentAction\",\"name\":\"Comment\",\"target\":[\"https:\\\/\\\/blogs.deusto.es\\\/innovandis\\\/laida-garcia-maya-innovander-1g\\\/#respond\"]}]},{\"@type\":\"WebPage\",\"@id\":\"https:\\\/\\\/blogs.deusto.es\\\/innovandis\\\/laida-garcia-maya-innovander-1g\\\/\",\"url\":\"https:\\\/\\\/blogs.deusto.es\\\/innovandis\\\/laida-garcia-maya-innovander-1g\\\/\",\"name\":\"Laida Garcia Maya, iNNoVaNDeR 1G - iNNoVaNDiS &amp; Co.\",\"isPartOf\":{\"@id\":\"https:\\\/\\\/blogs.deusto.es\\\/innovandis\\\/#website\"},\"primaryImageOfPage\":{\"@id\":\"https:\\\/\\\/blogs.deusto.es\\\/innovandis\\\/laida-garcia-maya-innovander-1g\\\/#primaryimage\"},\"image\":{\"@id\":\"https:\\\/\\\/blogs.deusto.es\\\/innovandis\\\/laida-garcia-maya-innovander-1g\\\/#primaryimage\"},\"thumbnailUrl\":\"https:\\\/\\\/blogs.deusto.es\\\/wp-content\\\/uploads\\\/sites\\\/30\\\/2015\\\/12\\\/laida_garcia_dest.jpg\",\"datePublished\":\"2013-03-04T09:43:52+00:00\",\"dateModified\":\"2016-08-29T09:04:54+00:00\",\"breadcrumb\":{\"@id\":\"https:\\\/\\\/blogs.deusto.es\\\/innovandis\\\/laida-garcia-maya-innovander-1g\\\/#breadcrumb\"},\"inLanguage\":\"es\",\"potentialAction\":[{\"@type\":\"ReadAction\",\"target\":[\"https:\\\/\\\/blogs.deusto.es\\\/innovandis\\\/laida-garcia-maya-innovander-1g\\\/\"]}]},{\"@type\":\"ImageObject\",\"inLanguage\":\"es\",\"@id\":\"https:\\\/\\\/blogs.deusto.es\\\/innovandis\\\/laida-garcia-maya-innovander-1g\\\/#primaryimage\",\"url\":\"https:\\\/\\\/blogs.deusto.es\\\/wp-content\\\/uploads\\\/sites\\\/30\\\/2015\\\/12\\\/laida_garcia_dest.jpg\",\"contentUrl\":\"https:\\\/\\\/blogs.deusto.es\\\/wp-content\\\/uploads\\\/sites\\\/30\\\/2015\\\/12\\\/laida_garcia_dest.jpg\",\"width\":1042,\"height\":417},{\"@type\":\"BreadcrumbList\",\"@id\":\"https:\\\/\\\/blogs.deusto.es\\\/innovandis\\\/laida-garcia-maya-innovander-1g\\\/#breadcrumb\",\"itemListElement\":[{\"@type\":\"ListItem\",\"position\":1,\"name\":\"Portada\",\"item\":\"https:\\\/\\\/blogs.deusto.es\\\/innovandis\\\/\"},{\"@type\":\"ListItem\",\"position\":2,\"name\":\"Laida Garcia Maya, iNNoVaNDeR 1G\"}]},{\"@type\":\"WebSite\",\"@id\":\"https:\\\/\\\/blogs.deusto.es\\\/innovandis\\\/#website\",\"url\":\"https:\\\/\\\/blogs.deusto.es\\\/innovandis\\\/\",\"name\":\"iNNoVaNDiS &amp; Co.\",\"description\":\"\",\"publisher\":{\"@id\":\"https:\\\/\\\/blogs.deusto.es\\\/innovandis\\\/#organization\"},\"potentialAction\":[{\"@type\":\"SearchAction\",\"target\":{\"@type\":\"EntryPoint\",\"urlTemplate\":\"https:\\\/\\\/blogs.deusto.es\\\/innovandis\\\/?s={search_term_string}\"},\"query-input\":{\"@type\":\"PropertyValueSpecification\",\"valueRequired\":true,\"valueName\":\"search_term_string\"}}],\"inLanguage\":\"es\"},{\"@type\":\"Organization\",\"@id\":\"https:\\\/\\\/blogs.deusto.es\\\/innovandis\\\/#organization\",\"name\":\"iNNoVaNDiS &amp; Co.\",\"url\":\"https:\\\/\\\/blogs.deusto.es\\\/innovandis\\\/\",\"logo\":{\"@type\":\"ImageObject\",\"inLanguage\":\"es\",\"@id\":\"https:\\\/\\\/blogs.deusto.es\\\/innovandis\\\/#\\\/schema\\\/logo\\\/image\\\/\",\"url\":\"https:\\\/\\\/blogs.deusto.es\\\/wp-content\\\/uploads\\\/sites\\\/30\\\/2022\\\/09\\\/cropped-INNOVANDIS_Make-It-Happen_4-3.png\",\"contentUrl\":\"https:\\\/\\\/blogs.deusto.es\\\/wp-content\\\/uploads\\\/sites\\\/30\\\/2022\\\/09\\\/cropped-INNOVANDIS_Make-It-Happen_4-3.png\",\"width\":1698,\"height\":366,\"caption\":\"iNNoVaNDiS &amp; Co.\"},\"image\":{\"@id\":\"https:\\\/\\\/blogs.deusto.es\\\/innovandis\\\/#\\\/schema\\\/logo\\\/image\\\/\"}},{\"@type\":\"Person\",\"@id\":\"https:\\\/\\\/blogs.deusto.es\\\/innovandis\\\/#\\\/schema\\\/person\\\/777c1a956ab083ee6e7c1324ff16921d\",\"name\":\"Innovandis\",\"image\":{\"@type\":\"ImageObject\",\"inLanguage\":\"es\",\"@id\":\"https:\\\/\\\/secure.gravatar.com\\\/avatar\\\/956ce4fd6e376dcf6d5643a61d322eb775502be8a1b04fc07c211d8fa882f5c8?s=96&d=mm&r=g\",\"url\":\"https:\\\/\\\/secure.gravatar.com\\\/avatar\\\/956ce4fd6e376dcf6d5643a61d322eb775502be8a1b04fc07c211d8fa882f5c8?s=96&d=mm&r=g\",\"contentUrl\":\"https:\\\/\\\/secure.gravatar.com\\\/avatar\\\/956ce4fd6e376dcf6d5643a61d322eb775502be8a1b04fc07c211d8fa882f5c8?s=96&d=mm&r=g\",\"caption\":\"Innovandis\"},\"url\":\"https:\\\/\\\/blogs.deusto.es\\\/innovandis\\\/author\\\/elenatheniu-com\\\/\"}]}<\/script>\n<!-- \/ Yoast SEO plugin. -->","yoast_head_json":{"title":"Laida Garcia Maya, iNNoVaNDeR 1G - iNNoVaNDiS &amp; Co.","robots":{"index":"index","follow":"follow","max-snippet":"max-snippet:-1","max-image-preview":"max-image-preview:large","max-video-preview":"max-video-preview:-1"},"canonical":"https:\/\/blogs.deusto.es\/innovandis\/laida-garcia-maya-innovander-1g\/","og_locale":"es_ES","og_type":"article","og_title":"Laida Garcia Maya, iNNoVaNDeR 1G - iNNoVaNDiS &amp; Co.","og_description":"Tras una primera experiencia internacional en el Grupo Telef\u00f3nica, Laida se encuentra desde hace unos meses inmersa en el proyecto Wayra, apoyando a emprendedores desde la incubadora de Telef\u00f3nica. En esta entrevista nos cuenta&#46;&#46;&#46;","og_url":"https:\/\/blogs.deusto.es\/innovandis\/laida-garcia-maya-innovander-1g\/","og_site_name":"iNNoVaNDiS &amp; Co.","article_published_time":"2013-03-04T09:43:52+00:00","article_modified_time":"2016-08-29T09:04:54+00:00","og_image":[{"width":1042,"height":417,"url":"https:\/\/blogs.deusto.es\/alumni\/wp-content\/uploads\/sites\/30\/2015\/12\/laida_garcia_dest.jpg","type":"image\/jpeg"}],"author":"Innovandis","twitter_card":"summary_large_image","twitter_misc":{"Escrito por":"Innovandis","Tiempo de lectura":"3 minutos"},"schema":{"@context":"https:\/\/schema.org","@graph":[{"@type":"Article","@id":"https:\/\/blogs.deusto.es\/innovandis\/laida-garcia-maya-innovander-1g\/#article","isPartOf":{"@id":"https:\/\/blogs.deusto.es\/innovandis\/laida-garcia-maya-innovander-1g\/"},"author":{"name":"Innovandis","@id":"https:\/\/blogs.deusto.es\/innovandis\/#\/schema\/person\/777c1a956ab083ee6e7c1324ff16921d"},"headline":"Laida Garcia Maya, iNNoVaNDeR 1G","datePublished":"2013-03-04T09:43:52+00:00","dateModified":"2016-08-29T09:04:54+00:00","mainEntityOfPage":{"@id":"https:\/\/blogs.deusto.es\/innovandis\/laida-garcia-maya-innovander-1g\/"},"wordCount":639,"commentCount":37,"publisher":{"@id":"https:\/\/blogs.deusto.es\/innovandis\/#organization"},"image":{"@id":"https:\/\/blogs.deusto.es\/innovandis\/laida-garcia-maya-innovander-1g\/#primaryimage"},"thumbnailUrl":"https:\/\/blogs.deusto.es\/wp-content\/uploads\/sites\/30\/2015\/12\/laida_garcia_dest.jpg","keywords":["1G","innovandis"],"articleSection":["Qu\u00e9 fue de..."],"inLanguage":"es","potentialAction":[{"@type":"CommentAction","name":"Comment","target":["https:\/\/blogs.deusto.es\/innovandis\/laida-garcia-maya-innovander-1g\/#respond"]}]},{"@type":"WebPage","@id":"https:\/\/blogs.deusto.es\/innovandis\/laida-garcia-maya-innovander-1g\/","url":"https:\/\/blogs.deusto.es\/innovandis\/laida-garcia-maya-innovander-1g\/","name":"Laida Garcia Maya, iNNoVaNDeR 1G - iNNoVaNDiS &amp; Co.","isPartOf":{"@id":"https:\/\/blogs.deusto.es\/innovandis\/#website"},"primaryImageOfPage":{"@id":"https:\/\/blogs.deusto.es\/innovandis\/laida-garcia-maya-innovander-1g\/#primaryimage"},"image":{"@id":"https:\/\/blogs.deusto.es\/innovandis\/laida-garcia-maya-innovander-1g\/#primaryimage"},"thumbnailUrl":"https:\/\/blogs.deusto.es\/wp-content\/uploads\/sites\/30\/2015\/12\/laida_garcia_dest.jpg","datePublished":"2013-03-04T09:43:52+00:00","dateModified":"2016-08-29T09:04:54+00:00","breadcrumb":{"@id":"https:\/\/blogs.deusto.es\/innovandis\/laida-garcia-maya-innovander-1g\/#breadcrumb"},"inLanguage":"es","potentialAction":[{"@type":"ReadAction","target":["https:\/\/blogs.deusto.es\/innovandis\/laida-garcia-maya-innovander-1g\/"]}]},{"@type":"ImageObject","inLanguage":"es","@id":"https:\/\/blogs.deusto.es\/innovandis\/laida-garcia-maya-innovander-1g\/#primaryimage","url":"https:\/\/blogs.deusto.es\/wp-content\/uploads\/sites\/30\/2015\/12\/laida_garcia_dest.jpg","contentUrl":"https:\/\/blogs.deusto.es\/wp-content\/uploads\/sites\/30\/2015\/12\/laida_garcia_dest.jpg","width":1042,"height":417},{"@type":"BreadcrumbList","@id":"https:\/\/blogs.deusto.es\/innovandis\/laida-garcia-maya-innovander-1g\/#breadcrumb","itemListElement":[{"@type":"ListItem","position":1,"name":"Portada","item":"https:\/\/blogs.deusto.es\/innovandis\/"},{"@type":"ListItem","position":2,"name":"Laida Garcia Maya, iNNoVaNDeR 1G"}]},{"@type":"WebSite","@id":"https:\/\/blogs.deusto.es\/innovandis\/#website","url":"https:\/\/blogs.deusto.es\/innovandis\/","name":"iNNoVaNDiS &amp; Co.","description":"","publisher":{"@id":"https:\/\/blogs.deusto.es\/innovandis\/#organization"},"potentialAction":[{"@type":"SearchAction","target":{"@type":"EntryPoint","urlTemplate":"https:\/\/blogs.deusto.es\/innovandis\/?s={search_term_string}"},"query-input":{"@type":"PropertyValueSpecification","valueRequired":true,"valueName":"search_term_string"}}],"inLanguage":"es"},{"@type":"Organization","@id":"https:\/\/blogs.deusto.es\/innovandis\/#organization","name":"iNNoVaNDiS &amp; Co.","url":"https:\/\/blogs.deusto.es\/innovandis\/","logo":{"@type":"ImageObject","inLanguage":"es","@id":"https:\/\/blogs.deusto.es\/innovandis\/#\/schema\/logo\/image\/","url":"https:\/\/blogs.deusto.es\/wp-content\/uploads\/sites\/30\/2022\/09\/cropped-INNOVANDIS_Make-It-Happen_4-3.png","contentUrl":"https:\/\/blogs.deusto.es\/wp-content\/uploads\/sites\/30\/2022\/09\/cropped-INNOVANDIS_Make-It-Happen_4-3.png","width":1698,"height":366,"caption":"iNNoVaNDiS &amp; Co."},"image":{"@id":"https:\/\/blogs.deusto.es\/innovandis\/#\/schema\/logo\/image\/"}},{"@type":"Person","@id":"https:\/\/blogs.deusto.es\/innovandis\/#\/schema\/person\/777c1a956ab083ee6e7c1324ff16921d","name":"Innovandis","image":{"@type":"ImageObject","inLanguage":"es","@id":"https:\/\/secure.gravatar.com\/avatar\/956ce4fd6e376dcf6d5643a61d322eb775502be8a1b04fc07c211d8fa882f5c8?s=96&d=mm&r=g","url":"https:\/\/secure.gravatar.com\/avatar\/956ce4fd6e376dcf6d5643a61d322eb775502be8a1b04fc07c211d8fa882f5c8?s=96&d=mm&r=g","contentUrl":"https:\/\/secure.gravatar.com\/avatar\/956ce4fd6e376dcf6d5643a61d322eb775502be8a1b04fc07c211d8fa882f5c8?s=96&d=mm&r=g","caption":"Innovandis"},"url":"https:\/\/blogs.deusto.es\/innovandis\/author\/elenatheniu-com\/"}]}},"_links":{"self":[{"href":"https:\/\/blogs.deusto.es\/innovandis\/wp-json\/wp\/v2\/posts\/45","targetHints":{"allow":["GET"]}}],"collection":[{"href":"https:\/\/blogs.deusto.es\/innovandis\/wp-json\/wp\/v2\/posts"}],"about":[{"href":"https:\/\/blogs.deusto.es\/innovandis\/wp-json\/wp\/v2\/types\/post"}],"author":[{"embeddable":true,"href":"https:\/\/blogs.deusto.es\/innovandis\/wp-json\/wp\/v2\/users\/397"}],"replies":[{"embeddable":true,"href":"https:\/\/blogs.deusto.es\/innovandis\/wp-json\/wp\/v2\/comments?post=45"}],"version-history":[{"count":3,"href":"https:\/\/blogs.deusto.es\/innovandis\/wp-json\/wp\/v2\/posts\/45\/revisions"}],"predecessor-version":[{"id":68,"href":"https:\/\/blogs.deusto.es\/innovandis\/wp-json\/wp\/v2\/posts\/45\/revisions\/68"}],"wp:featuredmedia":[{"embeddable":true,"href":"https:\/\/blogs.deusto.es\/innovandis\/wp-json\/wp\/v2\/media\/55"}],"wp:attachment":[{"href":"https:\/\/blogs.deusto.es\/innovandis\/wp-json\/wp\/v2\/media?parent=45"}],"wp:term":[{"taxonomy":"category","embeddable":true,"href":"https:\/\/blogs.deusto.es\/innovandis\/wp-json\/wp\/v2\/categories?post=45"},{"taxonomy":"post_tag","embeddable":true,"href":"https:\/\/blogs.deusto.es\/innovandis\/wp-json\/wp\/v2\/tags?post=45"}],"curies":[{"name":"wp","href":"https:\/\/api.w.org\/{rel}","templated":true}]}}