{"id":3420,"date":"2022-09-10T08:35:53","date_gmt":"2022-09-10T06:35:53","guid":{"rendered":"https:\/\/preblogs.deusto.es\/magis\/?p=3420"},"modified":"2022-09-10T08:39:03","modified_gmt":"2022-09-10T06:39:03","slug":"quien-escucha-mis-palabras","status":"publish","type":"post","link":"https:\/\/blogs.deusto.es\/magis\/quien-escucha-mis-palabras\/","title":{"rendered":"Quien escucha mis palabras"},"content":{"rendered":"\n<p><a href=\"https:\/\/www.misadecadadia.es\/read.html\">10 de septiembre. S\u00e1bado de la XXIII semana del tiempo ordinario<\/a>. Beato G\u00e1rate<\/p>\n\n\n\n<p>Hoy, en Loiola, un joven va a hacer sus primeros votos religiosos en la Compa\u00f1\u00eda de Jes\u00fas. Se trata de alguien que dentro de una vida \u00abnormal\u00bb estudi\u00f3 derecho y despu\u00e9s decidi\u00f3 apuntarse a eso de ser jesuita. Es alguien, que como muchos otros escuch\u00f3 las palabras de Jes\u00fas y las puso en obra. A eso llamamos vocaci\u00f3n.<\/p>\n\n\n\n<p>Hoy vivimos un enorme d\u00e9ficit de escucha frente al superavit de ruido y palabrer\u00eda. En ese entorno se hace dif\u00edcil escuchar palabras como las de Jes\u00fas, como las de nuestro coraz\u00f3n o incluso se nos hace dificil escuchar a los nuestros.<\/p>\n\n\n\n<p>Hoy, adem\u00e1s de dar gracias por todas las personas que han acogido y puesto en obra las palabras de Jes\u00fas, podr\u00edamos hacer un ejercicio de escucha atenta. Se trata de hacer un pa\u00b4rentesis al ruido y tratar de estar atento a esos susurros que llegan como la brisa. Feliz s\u00e1bado.<\/p>\n\n\n\n<figure class=\"wp-block-image size-full\"><a href=\"https:\/\/blogs.deusto.es\/alumni\/wp-content\/uploads\/sites\/26\/2022\/09\/image-3.png\"><img fetchpriority=\"high\" decoding=\"async\" width=\"720\" height=\"720\" src=\"https:\/\/blogs.deusto.es\/alumni\/wp-content\/uploads\/sites\/26\/2022\/09\/image-3.png\" alt=\"\" class=\"wp-image-3421\" srcset=\"https:\/\/blogs.deusto.es\/wp-content\/uploads\/sites\/26\/2022\/09\/image-3.png 720w, https:\/\/blogs.deusto.es\/wp-content\/uploads\/sites\/26\/2022\/09\/image-3-300x300.png 300w, https:\/\/blogs.deusto.es\/wp-content\/uploads\/sites\/26\/2022\/09\/image-3-150x150.png 150w\" sizes=\"(max-width: 720px) 100vw, 720px\" \/><\/a><\/figure>\n","protected":false},"excerpt":{"rendered":"<p>10 de septiembre. S\u00e1bado de la XXIII semana del tiempo ordinario. Beato G\u00e1rate Hoy, en Loiola, un joven va a hacer sus primeros votos religiosos en la Compa\u00f1\u00eda de Jes\u00fas. Se trata de alguien que dentro de una vida \u00abnormal\u00bb &hellip; <a href=\"https:\/\/blogs.deusto.es\/magis\/quien-escucha-mis-palabras\/\">Sigue leyendo <span class=\"meta-nav\">&rarr;<\/span><\/a><\/p>\n","protected":false},"author":386,"featured_media":0,"comment_status":"open","ping_status":"open","sticky":false,"template":"","format":"standard","meta":{"footnotes":""},"categories":[1],"tags":[],"class_list":["post-3420","post","type-post","status-publish","format-standard","hentry","category-publicaciones-blog"],"_links":{"self":[{"href":"https:\/\/blogs.deusto.es\/magis\/wp-json\/wp\/v2\/posts\/3420","targetHints":{"allow":["GET"]}}],"collection":[{"href":"https:\/\/blogs.deusto.es\/magis\/wp-json\/wp\/v2\/posts"}],"about":[{"href":"https:\/\/blogs.deusto.es\/magis\/wp-json\/wp\/v2\/types\/post"}],"author":[{"embeddable":true,"href":"https:\/\/blogs.deusto.es\/magis\/wp-json\/wp\/v2\/users\/386"}],"replies":[{"embeddable":true,"href":"https:\/\/blogs.deusto.es\/magis\/wp-json\/wp\/v2\/comments?post=3420"}],"version-history":[{"count":2,"href":"https:\/\/blogs.deusto.es\/magis\/wp-json\/wp\/v2\/posts\/3420\/revisions"}],"predecessor-version":[{"id":3423,"href":"https:\/\/blogs.deusto.es\/magis\/wp-json\/wp\/v2\/posts\/3420\/revisions\/3423"}],"wp:attachment":[{"href":"https:\/\/blogs.deusto.es\/magis\/wp-json\/wp\/v2\/media?parent=3420"}],"wp:term":[{"taxonomy":"category","embeddable":true,"href":"https:\/\/blogs.deusto.es\/magis\/wp-json\/wp\/v2\/categories?post=3420"},{"taxonomy":"post_tag","embeddable":true,"href":"https:\/\/blogs.deusto.es\/magis\/wp-json\/wp\/v2\/tags?post=3420"}],"curies":[{"name":"wp","href":"https:\/\/api.w.org\/{rel}","templated":true}]}}