{"id":3459,"date":"2022-09-22T08:11:15","date_gmt":"2022-09-22T06:11:15","guid":{"rendered":"https:\/\/preblogs.deusto.es\/magis\/?p=3459"},"modified":"2022-09-22T08:11:15","modified_gmt":"2022-09-22T06:11:15","slug":"tenia-ganas-de-verlo-2","status":"publish","type":"post","link":"https:\/\/blogs.deusto.es\/magis\/tenia-ganas-de-verlo-2\/","title":{"rendered":"Ten\u00eda ganas de verlo"},"content":{"rendered":"\n<p><a href=\"https:\/\/www.misadecadadia.es\/read.html\"> 22 de septiembre. Jueves de la XXV semana del tiempo ordinario<\/a><\/p>\n\n\n\n<p>La curiosidad es algo muy propio del ser humano, con ella hemos conseguido avanzar en la ciencia, hemos conocido nuevos lugares y hemos progresado. El asunto es que hay curiosidades que no son tan positivas, sino que surgen de la frivolidad e incluso se convierten en morbo.<\/p>\n\n\n\n<p>Herodes es la ant\u00edtesis de Jes\u00fas, mand\u00f3 decapitar a Juan, su antecesor mand\u00f3 matar a los inocentes, solo que ahora quiere conocer a Jes\u00fas. La predicaci\u00f3n de Jes\u00fas genera, hasta en los enemigos, el deseo de conocerlo.<\/p>\n\n\n\n<p>Se me ocurre que hoy podr\u00edamos jugar entre las ganas y el deseo. Podemos pensar qu\u00e9 cosas son los que generan ganas en nosotros y contrastarlas con aquellas que se convierten en deseo. \u00bfD\u00f3nde poner la diferencia? Las ganas son m\u00e1s impulsivas e irreflexivas, mientras que el deseo, seg\u00fan Ignacio, habla m\u00e1s de voluntad, de racionalidad, de sensisibilidad. En definitiva c\u00f3mo deseamos orientar nuestra vida y nuestra acci\u00f3n, frente al est\u00edmulo puntual. \u00bfQu\u00e9 deseas hoy?<\/p>\n\n\n\n<figure class=\"wp-block-image size-full\"><a href=\"https:\/\/blogs.deusto.es\/alumni\/wp-content\/uploads\/sites\/26\/2022\/09\/image-15.png\"><img fetchpriority=\"high\" decoding=\"async\" width=\"960\" height=\"640\" src=\"https:\/\/blogs.deusto.es\/alumni\/wp-content\/uploads\/sites\/26\/2022\/09\/image-15.png\" alt=\"\" class=\"wp-image-3460\" srcset=\"https:\/\/blogs.deusto.es\/wp-content\/uploads\/sites\/26\/2022\/09\/image-15.png 960w, https:\/\/blogs.deusto.es\/wp-content\/uploads\/sites\/26\/2022\/09\/image-15-300x200.png 300w, https:\/\/blogs.deusto.es\/wp-content\/uploads\/sites\/26\/2022\/09\/image-15-768x512.png 768w\" sizes=\"(max-width: 960px) 100vw, 960px\" \/><\/a><\/figure>\n","protected":false},"excerpt":{"rendered":"<p>22 de septiembre. Jueves de la XXV semana del tiempo ordinario La curiosidad es algo muy propio del ser humano, con ella hemos conseguido avanzar en la ciencia, hemos conocido nuevos lugares y hemos progresado. El asunto es que hay &hellip; <a href=\"https:\/\/blogs.deusto.es\/magis\/tenia-ganas-de-verlo-2\/\">Sigue leyendo <span class=\"meta-nav\">&rarr;<\/span><\/a><\/p>\n","protected":false},"author":386,"featured_media":0,"comment_status":"open","ping_status":"open","sticky":false,"template":"","format":"standard","meta":{"footnotes":""},"categories":[1],"tags":[],"class_list":["post-3459","post","type-post","status-publish","format-standard","hentry","category-publicaciones-blog"],"_links":{"self":[{"href":"https:\/\/blogs.deusto.es\/magis\/wp-json\/wp\/v2\/posts\/3459","targetHints":{"allow":["GET"]}}],"collection":[{"href":"https:\/\/blogs.deusto.es\/magis\/wp-json\/wp\/v2\/posts"}],"about":[{"href":"https:\/\/blogs.deusto.es\/magis\/wp-json\/wp\/v2\/types\/post"}],"author":[{"embeddable":true,"href":"https:\/\/blogs.deusto.es\/magis\/wp-json\/wp\/v2\/users\/386"}],"replies":[{"embeddable":true,"href":"https:\/\/blogs.deusto.es\/magis\/wp-json\/wp\/v2\/comments?post=3459"}],"version-history":[{"count":1,"href":"https:\/\/blogs.deusto.es\/magis\/wp-json\/wp\/v2\/posts\/3459\/revisions"}],"predecessor-version":[{"id":3461,"href":"https:\/\/blogs.deusto.es\/magis\/wp-json\/wp\/v2\/posts\/3459\/revisions\/3461"}],"wp:attachment":[{"href":"https:\/\/blogs.deusto.es\/magis\/wp-json\/wp\/v2\/media?parent=3459"}],"wp:term":[{"taxonomy":"category","embeddable":true,"href":"https:\/\/blogs.deusto.es\/magis\/wp-json\/wp\/v2\/categories?post=3459"},{"taxonomy":"post_tag","embeddable":true,"href":"https:\/\/blogs.deusto.es\/magis\/wp-json\/wp\/v2\/tags?post=3459"}],"curies":[{"name":"wp","href":"https:\/\/api.w.org\/{rel}","templated":true}]}}