{"id":3489,"date":"2022-10-02T09:27:15","date_gmt":"2022-10-02T07:27:15","guid":{"rendered":"https:\/\/preblogs.deusto.es\/magis\/?p=3489"},"modified":"2022-10-02T09:27:15","modified_gmt":"2022-10-02T07:27:15","slug":"aumentanos-la-fe-2","status":"publish","type":"post","link":"https:\/\/blogs.deusto.es\/magis\/aumentanos-la-fe-2\/","title":{"rendered":"Aum\u00e9ntanos la fe"},"content":{"rendered":"\n<p><a href=\"https:\/\/www.misadecadadia.es\/read.html\">2 de octubre.  Domingo de la XXVII semana del tiempo cordinario<\/a><\/p>\n\n\n\n<p>En estos tiempos en los que pensamos que todo depende de nosotros resulta que igual no es as\u00ed. Un caso es la cuesti\u00f3n de la fe, que parece que es s\u00f3lo cosa nuestra y se nos olvida que esto tambi\u00e9n es cosa de Dios. La fe es un regalo que se nos da.<\/p>\n\n\n\n<p>Los disc\u00edpulos, como siempre andan despistados y le dicen a Jes\u00fas que aumente su fe. Y la respuesta de Jes\u00fas es como una peque\u00f1a indirecta: \u00abSomos siervos in\u00fatiles, hemos hecho lo que ten\u00edamos que hacer\u201d. Uno hace lo que tiene que hacer que el resto depende de Dios.<\/p>\n\n\n\n<p>Hoy podr\u00edamos un ejercicio que nos cuesta, pasar del hacer al dejarse hacer. Estamos siempre en modo de conquista y tenemos que lograr objetivos, y la cosa consistir\u00eda en dejarse querer por Dios, por los que tengo cerca, por la naturaleza. Dejarse hacer significa dejar la iniciativa a Dios y a los otros en vez de que sea yo quien controle todo. Feliz domingo.<\/p>\n\n\n\n<figure class=\"wp-block-image size-full\"><a href=\"https:\/\/blogs.deusto.es\/alumni\/wp-content\/uploads\/sites\/26\/2022\/10\/image.png\"><img fetchpriority=\"high\" decoding=\"async\" width=\"500\" height=\"750\" src=\"https:\/\/blogs.deusto.es\/alumni\/wp-content\/uploads\/sites\/26\/2022\/10\/image.png\" alt=\"\" class=\"wp-image-3490\" srcset=\"https:\/\/blogs.deusto.es\/wp-content\/uploads\/sites\/26\/2022\/10\/image.png 500w, https:\/\/blogs.deusto.es\/wp-content\/uploads\/sites\/26\/2022\/10\/image-200x300.png 200w\" sizes=\"(max-width: 500px) 100vw, 500px\" \/><\/a><\/figure>\n","protected":false},"excerpt":{"rendered":"<p>2 de octubre. Domingo de la XXVII semana del tiempo cordinario En estos tiempos en los que pensamos que todo depende de nosotros resulta que igual no es as\u00ed. Un caso es la cuesti\u00f3n de la fe, que parece que &hellip; <a href=\"https:\/\/blogs.deusto.es\/magis\/aumentanos-la-fe-2\/\">Sigue leyendo <span class=\"meta-nav\">&rarr;<\/span><\/a><\/p>\n","protected":false},"author":386,"featured_media":0,"comment_status":"open","ping_status":"open","sticky":false,"template":"","format":"standard","meta":{"footnotes":""},"categories":[1],"tags":[],"class_list":["post-3489","post","type-post","status-publish","format-standard","hentry","category-publicaciones-blog"],"_links":{"self":[{"href":"https:\/\/blogs.deusto.es\/magis\/wp-json\/wp\/v2\/posts\/3489","targetHints":{"allow":["GET"]}}],"collection":[{"href":"https:\/\/blogs.deusto.es\/magis\/wp-json\/wp\/v2\/posts"}],"about":[{"href":"https:\/\/blogs.deusto.es\/magis\/wp-json\/wp\/v2\/types\/post"}],"author":[{"embeddable":true,"href":"https:\/\/blogs.deusto.es\/magis\/wp-json\/wp\/v2\/users\/386"}],"replies":[{"embeddable":true,"href":"https:\/\/blogs.deusto.es\/magis\/wp-json\/wp\/v2\/comments?post=3489"}],"version-history":[{"count":1,"href":"https:\/\/blogs.deusto.es\/magis\/wp-json\/wp\/v2\/posts\/3489\/revisions"}],"predecessor-version":[{"id":3491,"href":"https:\/\/blogs.deusto.es\/magis\/wp-json\/wp\/v2\/posts\/3489\/revisions\/3491"}],"wp:attachment":[{"href":"https:\/\/blogs.deusto.es\/magis\/wp-json\/wp\/v2\/media?parent=3489"}],"wp:term":[{"taxonomy":"category","embeddable":true,"href":"https:\/\/blogs.deusto.es\/magis\/wp-json\/wp\/v2\/categories?post=3489"},{"taxonomy":"post_tag","embeddable":true,"href":"https:\/\/blogs.deusto.es\/magis\/wp-json\/wp\/v2\/tags?post=3489"}],"curies":[{"name":"wp","href":"https:\/\/api.w.org\/{rel}","templated":true}]}}