{"id":3492,"date":"2022-10-03T08:33:51","date_gmt":"2022-10-03T06:33:51","guid":{"rendered":"https:\/\/preblogs.deusto.es\/magis\/?p=3492"},"modified":"2022-10-03T08:33:51","modified_gmt":"2022-10-03T06:33:51","slug":"quien-es-mi-projimo","status":"publish","type":"post","link":"https:\/\/blogs.deusto.es\/magis\/quien-es-mi-projimo\/","title":{"rendered":"\u00bfQui\u00e9n es mi pr\u00f3jimo?"},"content":{"rendered":"\n<p><a href=\"https:\/\/www.misadecadadia.es\/read.html\">3 de octubre.  Lunes de la XXVII semana del tiempo cordinario<\/a>. San Francisco de Borja<\/p>\n\n\n\n<p>Hay veces que nos metemos en unos l\u00edos te\u00f3ricos que nos despistan de lo importante. En este caso descubrir qui\u00e9n es mi pr\u00f3jimo no requiere ciencia especial, sino humanidad especial. Se trata de trabajar la sensibilidad para descubrir qui\u00e9n es mi pr\u00f3jimo, ojos para verlo, o\u00eddos para escucharle, manos para abrazarle y coraz\u00f3n para quererle.<\/p>\n\n\n\n<p>En relgigiones donde el aparato doctrinal es muy fuerte a veces uno se pude despistar. Jes\u00fas recurre al criterio de misericordia como referente a la hora de elegir actuar. No se trata de qui\u00e9n sea, ni de que norma sea; se trata de ser misericordiosos como el Padre.<\/p>\n\n\n\n<p>La palabra pr\u00f3jimo alude a pr\u00f3ximo. Hoy puede ser el d\u00eda de estar atentos a los pr\u00f3ximos, abrir los sentidos a lo que viven, necesiten, celebren y compartan. Se trata de descubrir que adem\u00e1s de estar efectivamente pr\u00f3ximos, podemos estar afectivamente cercanos. Feliz lunes.<\/p>\n\n\n\n<figure class=\"wp-block-image size-full\"><a href=\"https:\/\/blogs.deusto.es\/alumni\/wp-content\/uploads\/sites\/26\/2022\/10\/image-1.png\"><img fetchpriority=\"high\" decoding=\"async\" width=\"554\" height=\"750\" src=\"https:\/\/blogs.deusto.es\/alumni\/wp-content\/uploads\/sites\/26\/2022\/10\/image-1.png\" alt=\"\" class=\"wp-image-3493\" srcset=\"https:\/\/blogs.deusto.es\/wp-content\/uploads\/sites\/26\/2022\/10\/image-1.png 554w, https:\/\/blogs.deusto.es\/wp-content\/uploads\/sites\/26\/2022\/10\/image-1-222x300.png 222w\" sizes=\"(max-width: 554px) 100vw, 554px\" \/><\/a><\/figure>\n","protected":false},"excerpt":{"rendered":"<p>3 de octubre. Lunes de la XXVII semana del tiempo cordinario. San Francisco de Borja Hay veces que nos metemos en unos l\u00edos te\u00f3ricos que nos despistan de lo importante. En este caso descubrir qui\u00e9n es mi pr\u00f3jimo no requiere &hellip; <a href=\"https:\/\/blogs.deusto.es\/magis\/quien-es-mi-projimo\/\">Sigue leyendo <span class=\"meta-nav\">&rarr;<\/span><\/a><\/p>\n","protected":false},"author":386,"featured_media":0,"comment_status":"open","ping_status":"open","sticky":false,"template":"","format":"standard","meta":{"footnotes":""},"categories":[1],"tags":[],"class_list":["post-3492","post","type-post","status-publish","format-standard","hentry","category-publicaciones-blog"],"_links":{"self":[{"href":"https:\/\/blogs.deusto.es\/magis\/wp-json\/wp\/v2\/posts\/3492","targetHints":{"allow":["GET"]}}],"collection":[{"href":"https:\/\/blogs.deusto.es\/magis\/wp-json\/wp\/v2\/posts"}],"about":[{"href":"https:\/\/blogs.deusto.es\/magis\/wp-json\/wp\/v2\/types\/post"}],"author":[{"embeddable":true,"href":"https:\/\/blogs.deusto.es\/magis\/wp-json\/wp\/v2\/users\/386"}],"replies":[{"embeddable":true,"href":"https:\/\/blogs.deusto.es\/magis\/wp-json\/wp\/v2\/comments?post=3492"}],"version-history":[{"count":1,"href":"https:\/\/blogs.deusto.es\/magis\/wp-json\/wp\/v2\/posts\/3492\/revisions"}],"predecessor-version":[{"id":3494,"href":"https:\/\/blogs.deusto.es\/magis\/wp-json\/wp\/v2\/posts\/3492\/revisions\/3494"}],"wp:attachment":[{"href":"https:\/\/blogs.deusto.es\/magis\/wp-json\/wp\/v2\/media?parent=3492"}],"wp:term":[{"taxonomy":"category","embeddable":true,"href":"https:\/\/blogs.deusto.es\/magis\/wp-json\/wp\/v2\/categories?post=3492"},{"taxonomy":"post_tag","embeddable":true,"href":"https:\/\/blogs.deusto.es\/magis\/wp-json\/wp\/v2\/tags?post=3492"}],"curies":[{"name":"wp","href":"https:\/\/api.w.org\/{rel}","templated":true}]}}