{"id":3495,"date":"2022-10-04T08:14:37","date_gmt":"2022-10-04T06:14:37","guid":{"rendered":"https:\/\/preblogs.deusto.es\/magis\/?p=3495"},"modified":"2022-10-04T08:14:37","modified_gmt":"2022-10-04T06:14:37","slug":"inquieta-y-preocupada","status":"publish","type":"post","link":"https:\/\/blogs.deusto.es\/magis\/inquieta-y-preocupada\/","title":{"rendered":"Inquieta y preocupada\u00a0"},"content":{"rendered":"\n<p><a href=\"https:\/\/www.misadecadadia.es\/read.html\">4 de octubre.  Martes de la XXVII semana del tiempo cordinario<\/a> San Francisco de As\u00eds<\/p>\n\n\n\n<p>Dicen que vivimos en una sociedad del miedo y del cansancio. Vivimos en una inquietud constante que acrecienta nuestras preocupaciones y nos dificulta el vivir con cierta plenitud. Esa prisa que nos meten y nos autometemos, es fuente de mala vida.<\/p>\n\n\n\n<p>Ante los angustiados y estresados se contrapone la figura de Mar\u00eda que ha sabido elegir. Frente el hay que hacer se propone elijo hacer. En esa elecci\u00f3n se propone que es elegir por Jes\u00fas y su Evangelio, y parece que es la mejor parte.<\/p>\n\n\n\n<p>Hoy podr\u00edamos meter en una caja todas esas cosas que nos generan inquietud y preocupaci\u00f3n. Etiquetarlas y ponerlas en barbecho por un d\u00eda. Podemos elegir como Mar\u00eda por otros modos de vida que realmente sean m\u00e1s vida. Feliz martes.<\/p>\n\n\n\n<figure class=\"wp-block-image size-full\"><a href=\"https:\/\/blogs.deusto.es\/alumni\/wp-content\/uploads\/sites\/26\/2022\/10\/image-2.png\"><img fetchpriority=\"high\" decoding=\"async\" width=\"960\" height=\"624\" src=\"https:\/\/blogs.deusto.es\/alumni\/wp-content\/uploads\/sites\/26\/2022\/10\/image-2.png\" alt=\"\" class=\"wp-image-3496\" srcset=\"https:\/\/blogs.deusto.es\/wp-content\/uploads\/sites\/26\/2022\/10\/image-2.png 960w, https:\/\/blogs.deusto.es\/wp-content\/uploads\/sites\/26\/2022\/10\/image-2-300x195.png 300w, https:\/\/blogs.deusto.es\/wp-content\/uploads\/sites\/26\/2022\/10\/image-2-768x499.png 768w\" sizes=\"(max-width: 960px) 100vw, 960px\" \/><\/a><\/figure>\n","protected":false},"excerpt":{"rendered":"<p>4 de octubre. Martes de la XXVII semana del tiempo cordinario San Francisco de As\u00eds Dicen que vivimos en una sociedad del miedo y del cansancio. Vivimos en una inquietud constante que acrecienta nuestras preocupaciones y nos dificulta el vivir &hellip; <a href=\"https:\/\/blogs.deusto.es\/magis\/inquieta-y-preocupada\/\">Sigue leyendo <span class=\"meta-nav\">&rarr;<\/span><\/a><\/p>\n","protected":false},"author":386,"featured_media":0,"comment_status":"open","ping_status":"open","sticky":false,"template":"","format":"standard","meta":{"footnotes":""},"categories":[1],"tags":[],"class_list":["post-3495","post","type-post","status-publish","format-standard","hentry","category-publicaciones-blog"],"_links":{"self":[{"href":"https:\/\/blogs.deusto.es\/magis\/wp-json\/wp\/v2\/posts\/3495","targetHints":{"allow":["GET"]}}],"collection":[{"href":"https:\/\/blogs.deusto.es\/magis\/wp-json\/wp\/v2\/posts"}],"about":[{"href":"https:\/\/blogs.deusto.es\/magis\/wp-json\/wp\/v2\/types\/post"}],"author":[{"embeddable":true,"href":"https:\/\/blogs.deusto.es\/magis\/wp-json\/wp\/v2\/users\/386"}],"replies":[{"embeddable":true,"href":"https:\/\/blogs.deusto.es\/magis\/wp-json\/wp\/v2\/comments?post=3495"}],"version-history":[{"count":1,"href":"https:\/\/blogs.deusto.es\/magis\/wp-json\/wp\/v2\/posts\/3495\/revisions"}],"predecessor-version":[{"id":3497,"href":"https:\/\/blogs.deusto.es\/magis\/wp-json\/wp\/v2\/posts\/3495\/revisions\/3497"}],"wp:attachment":[{"href":"https:\/\/blogs.deusto.es\/magis\/wp-json\/wp\/v2\/media?parent=3495"}],"wp:term":[{"taxonomy":"category","embeddable":true,"href":"https:\/\/blogs.deusto.es\/magis\/wp-json\/wp\/v2\/categories?post=3495"},{"taxonomy":"post_tag","embeddable":true,"href":"https:\/\/blogs.deusto.es\/magis\/wp-json\/wp\/v2\/tags?post=3495"}],"curies":[{"name":"wp","href":"https:\/\/api.w.org\/{rel}","templated":true}]}}