{"id":3498,"date":"2022-10-05T08:38:34","date_gmt":"2022-10-05T06:38:34","guid":{"rendered":"https:\/\/preblogs.deusto.es\/magis\/?p=3498"},"modified":"2022-10-05T08:38:34","modified_gmt":"2022-10-05T06:38:34","slug":"sabeis-dar-cosas-buenas-4","status":"publish","type":"post","link":"https:\/\/blogs.deusto.es\/magis\/sabeis-dar-cosas-buenas-4\/","title":{"rendered":"Sab\u00e9is dar cosas buenas\u00a0"},"content":{"rendered":"\n<p><a href=\"https:\/\/www.misadecadadia.es\/read.html\">5 de octubre.  Mi\u00e9rcoles de la XXVII semana del tiempo cordinario<\/a> T\u00e9mporas de acci\u00f3n de gracias y de petici\u00f3n (Feria mayor)<\/p>\n\n\n\n<p>En toda la historia del pensamiento hay una tensi\u00f3n entre una visi\u00f3n pesimista y negativa del ser humano. Tenemos desde quienes dicen que somos lobos para los otros a otros que desde el inicio estamos llamados al amor. Lo que s\u00ed es cierto es que todos sabemos dar cosas buenas a los dem\u00e1s (sin olvidar que tambi\u00e9n podemos dar malas).<\/p>\n\n\n\n<p>En el Evangelio el autor nos invita movernos. El disc\u00edpulo tiene que buscar, llamar y pedir; es el sujeto quien coopera con que lo de Dios funcione y se haga presente en la vida. Se trata de evitar pasividades que bloquean y nos dejan parados.<\/p>\n\n\n\n<p>Hoy fij\u00e9monos en la cantidad de cosas buenas que recibimos de los dem\u00e1s; sonrisas, besos, abrazos, palabras, ayudas,&#8230; Estamos en un constante intercambio de acciones que resulta ser que la gran mayor\u00eda son buenas. Feliz mi\u00e9rcoles.<\/p>\n\n\n\n<figure class=\"wp-block-image size-full\"><a href=\"https:\/\/blogs.deusto.es\/alumni\/wp-content\/uploads\/sites\/26\/2022\/10\/image-3.png\"><img fetchpriority=\"high\" decoding=\"async\" width=\"500\" height=\"750\" src=\"https:\/\/blogs.deusto.es\/alumni\/wp-content\/uploads\/sites\/26\/2022\/10\/image-3.png\" alt=\"\" class=\"wp-image-3499\" srcset=\"https:\/\/blogs.deusto.es\/wp-content\/uploads\/sites\/26\/2022\/10\/image-3.png 500w, https:\/\/blogs.deusto.es\/wp-content\/uploads\/sites\/26\/2022\/10\/image-3-200x300.png 200w\" sizes=\"(max-width: 500px) 100vw, 500px\" \/><\/a><\/figure>\n","protected":false},"excerpt":{"rendered":"<p>5 de octubre. Mi\u00e9rcoles de la XXVII semana del tiempo cordinario T\u00e9mporas de acci\u00f3n de gracias y de petici\u00f3n (Feria mayor) En toda la historia del pensamiento hay una tensi\u00f3n entre una visi\u00f3n pesimista y negativa del ser humano. Tenemos &hellip; <a href=\"https:\/\/blogs.deusto.es\/magis\/sabeis-dar-cosas-buenas-4\/\">Sigue leyendo <span class=\"meta-nav\">&rarr;<\/span><\/a><\/p>\n","protected":false},"author":386,"featured_media":0,"comment_status":"open","ping_status":"open","sticky":false,"template":"","format":"standard","meta":{"footnotes":""},"categories":[1],"tags":[],"class_list":["post-3498","post","type-post","status-publish","format-standard","hentry","category-publicaciones-blog"],"_links":{"self":[{"href":"https:\/\/blogs.deusto.es\/magis\/wp-json\/wp\/v2\/posts\/3498","targetHints":{"allow":["GET"]}}],"collection":[{"href":"https:\/\/blogs.deusto.es\/magis\/wp-json\/wp\/v2\/posts"}],"about":[{"href":"https:\/\/blogs.deusto.es\/magis\/wp-json\/wp\/v2\/types\/post"}],"author":[{"embeddable":true,"href":"https:\/\/blogs.deusto.es\/magis\/wp-json\/wp\/v2\/users\/386"}],"replies":[{"embeddable":true,"href":"https:\/\/blogs.deusto.es\/magis\/wp-json\/wp\/v2\/comments?post=3498"}],"version-history":[{"count":1,"href":"https:\/\/blogs.deusto.es\/magis\/wp-json\/wp\/v2\/posts\/3498\/revisions"}],"predecessor-version":[{"id":3500,"href":"https:\/\/blogs.deusto.es\/magis\/wp-json\/wp\/v2\/posts\/3498\/revisions\/3500"}],"wp:attachment":[{"href":"https:\/\/blogs.deusto.es\/magis\/wp-json\/wp\/v2\/media?parent=3498"}],"wp:term":[{"taxonomy":"category","embeddable":true,"href":"https:\/\/blogs.deusto.es\/magis\/wp-json\/wp\/v2\/categories?post=3498"},{"taxonomy":"post_tag","embeddable":true,"href":"https:\/\/blogs.deusto.es\/magis\/wp-json\/wp\/v2\/tags?post=3498"}],"curies":[{"name":"wp","href":"https:\/\/api.w.org\/{rel}","templated":true}]}}