{"id":3501,"date":"2022-10-06T08:06:28","date_gmt":"2022-10-06T06:06:28","guid":{"rendered":"https:\/\/preblogs.deusto.es\/magis\/?p=3501"},"modified":"2022-10-06T08:06:28","modified_gmt":"2022-10-06T06:06:28","slug":"cuanto-mas-el-padre","status":"publish","type":"post","link":"https:\/\/blogs.deusto.es\/magis\/cuanto-mas-el-padre\/","title":{"rendered":"\u00bfCu\u00e1nto m\u00e1s el Padre&#8230;?"},"content":{"rendered":"\n<p><a href=\"https:\/\/www.misadecadadia.es\/read.html\">6 de octubre.  Jueves de la XXVII semana del tiempo cordinario<\/a><\/p>\n\n\n\n<p>En una sociedad competititiva como la nuestra todo se mide para destacar y ser primeros en los rankings. El problema es que no dejamos de mirarnos a nosotros mismos y compararnos entre nosotros mismos y tal vez se nos olvide que esto del Padre tambi\u00e9n est\u00e1 presente.<\/p>\n\n\n\n<p>Una vez m\u00e1s el Evangelio nos pone como referencia al Padre, a partir de experiencias tan humanas como el amigo que pide. La propuesta es mirar al hermano, pero mirando al PAdre de quien recibimos todo. <\/p>\n\n\n\n<p>Hoy podr\u00edamos en alg\u00fan momento parar lo que estemos haciendo y pensar esto c\u00f3mo lo har\u00eda el Padre. Es un ejercicio que tiene lgo de ficci\u00f3n, pero es algo como se dice hoy: think out of the box. Se trata de dejar que el Padre nos traiga toda la novedad de vida que viene con \u00c9l. Feliz jueves.<\/p>\n\n\n\n<figure class=\"wp-block-image size-full\"><a href=\"https:\/\/blogs.deusto.es\/alumni\/wp-content\/uploads\/sites\/26\/2022\/10\/image-4.png\"><img fetchpriority=\"high\" decoding=\"async\" width=\"497\" height=\"750\" src=\"https:\/\/blogs.deusto.es\/alumni\/wp-content\/uploads\/sites\/26\/2022\/10\/image-4.png\" alt=\"\" class=\"wp-image-3502\" srcset=\"https:\/\/blogs.deusto.es\/wp-content\/uploads\/sites\/26\/2022\/10\/image-4.png 497w, https:\/\/blogs.deusto.es\/wp-content\/uploads\/sites\/26\/2022\/10\/image-4-199x300.png 199w\" sizes=\"(max-width: 497px) 100vw, 497px\" \/><\/a><\/figure>\n","protected":false},"excerpt":{"rendered":"<p>6 de octubre. Jueves de la XXVII semana del tiempo cordinario En una sociedad competititiva como la nuestra todo se mide para destacar y ser primeros en los rankings. El problema es que no dejamos de mirarnos a nosotros mismos &hellip; <a href=\"https:\/\/blogs.deusto.es\/magis\/cuanto-mas-el-padre\/\">Sigue leyendo <span class=\"meta-nav\">&rarr;<\/span><\/a><\/p>\n","protected":false},"author":386,"featured_media":0,"comment_status":"open","ping_status":"open","sticky":false,"template":"","format":"standard","meta":{"footnotes":""},"categories":[1],"tags":[],"class_list":["post-3501","post","type-post","status-publish","format-standard","hentry","category-publicaciones-blog"],"_links":{"self":[{"href":"https:\/\/blogs.deusto.es\/magis\/wp-json\/wp\/v2\/posts\/3501","targetHints":{"allow":["GET"]}}],"collection":[{"href":"https:\/\/blogs.deusto.es\/magis\/wp-json\/wp\/v2\/posts"}],"about":[{"href":"https:\/\/blogs.deusto.es\/magis\/wp-json\/wp\/v2\/types\/post"}],"author":[{"embeddable":true,"href":"https:\/\/blogs.deusto.es\/magis\/wp-json\/wp\/v2\/users\/386"}],"replies":[{"embeddable":true,"href":"https:\/\/blogs.deusto.es\/magis\/wp-json\/wp\/v2\/comments?post=3501"}],"version-history":[{"count":1,"href":"https:\/\/blogs.deusto.es\/magis\/wp-json\/wp\/v2\/posts\/3501\/revisions"}],"predecessor-version":[{"id":3503,"href":"https:\/\/blogs.deusto.es\/magis\/wp-json\/wp\/v2\/posts\/3501\/revisions\/3503"}],"wp:attachment":[{"href":"https:\/\/blogs.deusto.es\/magis\/wp-json\/wp\/v2\/media?parent=3501"}],"wp:term":[{"taxonomy":"category","embeddable":true,"href":"https:\/\/blogs.deusto.es\/magis\/wp-json\/wp\/v2\/categories?post=3501"},{"taxonomy":"post_tag","embeddable":true,"href":"https:\/\/blogs.deusto.es\/magis\/wp-json\/wp\/v2\/tags?post=3501"}],"curies":[{"name":"wp","href":"https:\/\/api.w.org\/{rel}","templated":true}]}}