{"id":3508,"date":"2022-10-08T09:06:02","date_gmt":"2022-10-08T07:06:02","guid":{"rendered":"https:\/\/preblogs.deusto.es\/magis\/?p=3508"},"modified":"2022-10-08T09:06:02","modified_gmt":"2022-10-08T07:06:02","slug":"bienaventurados-2","status":"publish","type":"post","link":"https:\/\/blogs.deusto.es\/magis\/bienaventurados-2\/","title":{"rendered":"Bienaventurados"},"content":{"rendered":"\n<p><a href=\"https:\/\/www.misadecadadia.es\/read.html\">8 de octubre. S\u00e1bado de la XXVII semana del tiempo cordinario<\/a><\/p>\n\n\n\n<p>Se hace dif\u00edcil encontrar una persona bienaventurada en los medios de comunicaci\u00f3n. Nos ponen desastres y luego situaciones singulares como las de Tamar\u00e1 Falc\u00f3. Pero tengo la convicci\u00f3n de que en eso que podemos llamar vida real hay muchas personas bienaventuradas.<\/p>\n\n\n\n<p>Para Jes\u00fas bienaventurado es el que escucha y cumple la palabra de Dios. No es alguien a quien le ha tocado la loto, sino alguien que ha elegido por una persona y por su estilo de vida. Ser bienaventurado tienen algo que ver con la libertad.<\/p>\n\n\n\n<p>Hoy podr\u00eda ser el d\u00eda del bienaventurado. El d\u00eda de esas personas que con su vida expresada en sencillez apuestan por la Buena Noticia, apuestan por el amor, la justicia y la solidaridad. Igual no salen en la tele, pero seguro que salen en nuestros corazones. Mila esker a todas ellas. Feliz s\u00e1bado.<\/p>\n\n\n\n<figure class=\"wp-block-image size-large\"><a href=\"https:\/\/blogs.deusto.es\/alumni\/wp-content\/uploads\/sites\/26\/2022\/10\/image-6.png\"><img fetchpriority=\"high\" decoding=\"async\" width=\"1024\" height=\"683\" src=\"https:\/\/blogs.deusto.es\/alumni\/wp-content\/uploads\/sites\/26\/2022\/10\/image-6-1024x683.png\" alt=\"\" class=\"wp-image-3509\" srcset=\"https:\/\/blogs.deusto.es\/wp-content\/uploads\/sites\/26\/2022\/10\/image-6-1024x683.png 1024w, https:\/\/blogs.deusto.es\/wp-content\/uploads\/sites\/26\/2022\/10\/image-6-300x200.png 300w, https:\/\/blogs.deusto.es\/wp-content\/uploads\/sites\/26\/2022\/10\/image-6-768x512.png 768w, https:\/\/blogs.deusto.es\/wp-content\/uploads\/sites\/26\/2022\/10\/image-6.png 1280w\" sizes=\"(max-width: 1024px) 100vw, 1024px\" \/><\/a><\/figure>\n","protected":false},"excerpt":{"rendered":"<p>8 de octubre. S\u00e1bado de la XXVII semana del tiempo cordinario Se hace dif\u00edcil encontrar una persona bienaventurada en los medios de comunicaci\u00f3n. Nos ponen desastres y luego situaciones singulares como las de Tamar\u00e1 Falc\u00f3. Pero tengo la convicci\u00f3n de &hellip; <a href=\"https:\/\/blogs.deusto.es\/magis\/bienaventurados-2\/\">Sigue leyendo <span class=\"meta-nav\">&rarr;<\/span><\/a><\/p>\n","protected":false},"author":386,"featured_media":0,"comment_status":"open","ping_status":"open","sticky":false,"template":"","format":"standard","meta":{"footnotes":""},"categories":[1],"tags":[],"class_list":["post-3508","post","type-post","status-publish","format-standard","hentry","category-publicaciones-blog"],"_links":{"self":[{"href":"https:\/\/blogs.deusto.es\/magis\/wp-json\/wp\/v2\/posts\/3508","targetHints":{"allow":["GET"]}}],"collection":[{"href":"https:\/\/blogs.deusto.es\/magis\/wp-json\/wp\/v2\/posts"}],"about":[{"href":"https:\/\/blogs.deusto.es\/magis\/wp-json\/wp\/v2\/types\/post"}],"author":[{"embeddable":true,"href":"https:\/\/blogs.deusto.es\/magis\/wp-json\/wp\/v2\/users\/386"}],"replies":[{"embeddable":true,"href":"https:\/\/blogs.deusto.es\/magis\/wp-json\/wp\/v2\/comments?post=3508"}],"version-history":[{"count":1,"href":"https:\/\/blogs.deusto.es\/magis\/wp-json\/wp\/v2\/posts\/3508\/revisions"}],"predecessor-version":[{"id":3510,"href":"https:\/\/blogs.deusto.es\/magis\/wp-json\/wp\/v2\/posts\/3508\/revisions\/3510"}],"wp:attachment":[{"href":"https:\/\/blogs.deusto.es\/magis\/wp-json\/wp\/v2\/media?parent=3508"}],"wp:term":[{"taxonomy":"category","embeddable":true,"href":"https:\/\/blogs.deusto.es\/magis\/wp-json\/wp\/v2\/categories?post=3508"},{"taxonomy":"post_tag","embeddable":true,"href":"https:\/\/blogs.deusto.es\/magis\/wp-json\/wp\/v2\/tags?post=3508"}],"curies":[{"name":"wp","href":"https:\/\/api.w.org\/{rel}","templated":true}]}}