{"id":3511,"date":"2022-10-09T08:21:18","date_gmt":"2022-10-09T06:21:18","guid":{"rendered":"https:\/\/preblogs.deusto.es\/magis\/?p=3511"},"modified":"2022-10-09T08:21:18","modified_gmt":"2022-10-09T06:21:18","slug":"el-leproso-extranjero","status":"publish","type":"post","link":"https:\/\/blogs.deusto.es\/magis\/el-leproso-extranjero\/","title":{"rendered":"El leproso extranjero"},"content":{"rendered":"\n<p><a href=\"https:\/\/www.misadecadadia.es\/read.html\">9  de octubre Domingo  XXVIII del tiempo ordinario<\/a><\/p>\n\n\n\n<p>Parece que la medicina ha conseguido acabar con la lepra, pero la sociedad no ha conseguido acabar con la exclusi\u00f3n de los nuevos leprosos y mucho m\u00e1s si son extranjeros . Seguimos en sociedades excluyentes para favorecer a los exclusivos.<\/p>\n\n\n\n<p>Jes\u00fas sigue siendo un referente para los excluidos y ciertamente se distinguen entre los excluidos de Israel y el extranjero. Y por medio de la fe es como se llega a una nueva situaci\u00f3n, a las situaci\u00f3n de salvaci\u00f3n, situaci\u00f3n de salvaci\u00f3n, situaci\u00f3n de salir de la exclusi\u00f3n.<\/p>\n\n\n\n<p>hoy domingo puede ser un d\u00eda para ensanchar el coraz\u00f3n, un d\u00eda en el que en la mesa compartida seamos capaces de compartir horizonte en un mundo sin exclusi\u00f3n , puede ser un d\u00eda para agradecer a todos aquellos que nos han incluido en din\u00e1micas nuevas en las que no est\u00e1bamos invitados y que ahora s\u00ed. feliz domingo<\/p>\n\n\n\n<figure class=\"wp-block-image size-large is-resized\"><a href=\"https:\/\/blogs.deusto.es\/alumni\/wp-content\/uploads\/sites\/26\/2022\/10\/image-1.jpeg\"><img fetchpriority=\"high\" decoding=\"async\" src=\"https:\/\/blogs.deusto.es\/alumni\/wp-content\/uploads\/sites\/26\/2022\/10\/image-1-1024x614.jpeg\" alt=\"\" class=\"wp-image-3512\" width=\"498\" height=\"298\" srcset=\"https:\/\/blogs.deusto.es\/wp-content\/uploads\/sites\/26\/2022\/10\/image-1-1024x614.jpeg 1024w, https:\/\/blogs.deusto.es\/wp-content\/uploads\/sites\/26\/2022\/10\/image-1-300x180.jpeg 300w, https:\/\/blogs.deusto.es\/wp-content\/uploads\/sites\/26\/2022\/10\/image-1-768x460.jpeg 768w, https:\/\/blogs.deusto.es\/wp-content\/uploads\/sites\/26\/2022\/10\/image-1.jpeg 1280w\" sizes=\"(max-width: 498px) 100vw, 498px\" \/><\/a><\/figure>\n\n\n\n<p><\/p>\n\n\n\n<p><\/p>\n\n\n\n<p><\/p>\n","protected":false},"excerpt":{"rendered":"<p>9 de octubre Domingo XXVIII del tiempo ordinario Parece que la medicina ha conseguido acabar con la lepra, pero la sociedad no ha conseguido acabar con la exclusi\u00f3n de los nuevos leprosos y mucho m\u00e1s si son extranjeros . Seguimos &hellip; <a href=\"https:\/\/blogs.deusto.es\/magis\/el-leproso-extranjero\/\">Sigue leyendo <span class=\"meta-nav\">&rarr;<\/span><\/a><\/p>\n","protected":false},"author":386,"featured_media":0,"comment_status":"open","ping_status":"open","sticky":false,"template":"","format":"standard","meta":{"footnotes":""},"categories":[1],"tags":[],"class_list":["post-3511","post","type-post","status-publish","format-standard","hentry","category-publicaciones-blog"],"_links":{"self":[{"href":"https:\/\/blogs.deusto.es\/magis\/wp-json\/wp\/v2\/posts\/3511","targetHints":{"allow":["GET"]}}],"collection":[{"href":"https:\/\/blogs.deusto.es\/magis\/wp-json\/wp\/v2\/posts"}],"about":[{"href":"https:\/\/blogs.deusto.es\/magis\/wp-json\/wp\/v2\/types\/post"}],"author":[{"embeddable":true,"href":"https:\/\/blogs.deusto.es\/magis\/wp-json\/wp\/v2\/users\/386"}],"replies":[{"embeddable":true,"href":"https:\/\/blogs.deusto.es\/magis\/wp-json\/wp\/v2\/comments?post=3511"}],"version-history":[{"count":1,"href":"https:\/\/blogs.deusto.es\/magis\/wp-json\/wp\/v2\/posts\/3511\/revisions"}],"predecessor-version":[{"id":3513,"href":"https:\/\/blogs.deusto.es\/magis\/wp-json\/wp\/v2\/posts\/3511\/revisions\/3513"}],"wp:attachment":[{"href":"https:\/\/blogs.deusto.es\/magis\/wp-json\/wp\/v2\/media?parent=3511"}],"wp:term":[{"taxonomy":"category","embeddable":true,"href":"https:\/\/blogs.deusto.es\/magis\/wp-json\/wp\/v2\/categories?post=3511"},{"taxonomy":"post_tag","embeddable":true,"href":"https:\/\/blogs.deusto.es\/magis\/wp-json\/wp\/v2\/tags?post=3511"}],"curies":[{"name":"wp","href":"https:\/\/api.w.org\/{rel}","templated":true}]}}