{"id":3514,"date":"2022-10-10T08:02:51","date_gmt":"2022-10-10T06:02:51","guid":{"rendered":"https:\/\/preblogs.deusto.es\/magis\/?p=3514"},"modified":"2022-10-10T08:02:51","modified_gmt":"2022-10-10T06:02:51","slug":"generacion-perversa","status":"publish","type":"post","link":"https:\/\/blogs.deusto.es\/magis\/generacion-perversa\/","title":{"rendered":"\u00bfGeneraci\u00f3n perversa?"},"content":{"rendered":"\n<p><a href=\"https:\/\/www.misadecadadia.es\/read.html\">10  de octubre, Lunes XXVIII del tiempo ordinario<\/a><\/p>\n\n\n\n<p>A lo largo de los siglos siempre se ha criticado a las generaciones m\u00e1s j\u00f3venes. Igual esta vez son ellos los que nos pueden criticar con m\u00e1s raz\u00f3n: les dejamos una tierra contaminada y devastada, les dejamos una deuda p\u00fablica que igual ni sus hijos pagar\u00e1n y les dejamos una esperanza un poco marchita, porque supuestamente vivir\u00e1n peor que nosotros. Desde luego es para quejarse.<\/p>\n\n\n\n<p>La gente ped\u00eda signos a Jes\u00fas, pero s\u00f3lo hab\u00eda que interpretar los que ya hab\u00eda hecho. El Evangelio ya lo ha expuesto todo, ahora s\u00f3lo queda optar por creer en Jes\u00fas o no.<\/p>\n\n\n\n<p>Hoy puede ser un d\u00eda para detener nuestra mirada en el futuro esperanzador que puede tener la humanidad. Se trata de acercarnos a esos nichos de esperanza en nuestras generaciones en las que seamos capaces de ver que hay sitio y ocasi\u00f3n de buena vida para los m\u00e1s j\u00f3venes. Feliz lunes.<\/p>\n\n\n\n<figure class=\"wp-block-image size-full\"><a href=\"https:\/\/blogs.deusto.es\/alumni\/wp-content\/uploads\/sites\/26\/2022\/10\/image-7.png\"><img fetchpriority=\"high\" decoding=\"async\" width=\"960\" height=\"640\" src=\"https:\/\/blogs.deusto.es\/alumni\/wp-content\/uploads\/sites\/26\/2022\/10\/image-7.png\" alt=\"\" class=\"wp-image-3515\" srcset=\"https:\/\/blogs.deusto.es\/wp-content\/uploads\/sites\/26\/2022\/10\/image-7.png 960w, https:\/\/blogs.deusto.es\/wp-content\/uploads\/sites\/26\/2022\/10\/image-7-300x200.png 300w, https:\/\/blogs.deusto.es\/wp-content\/uploads\/sites\/26\/2022\/10\/image-7-768x512.png 768w\" sizes=\"(max-width: 960px) 100vw, 960px\" \/><\/a><\/figure>\n","protected":false},"excerpt":{"rendered":"<p>10 de octubre, Lunes XXVIII del tiempo ordinario A lo largo de los siglos siempre se ha criticado a las generaciones m\u00e1s j\u00f3venes. Igual esta vez son ellos los que nos pueden criticar con m\u00e1s raz\u00f3n: les dejamos una tierra &hellip; <a href=\"https:\/\/blogs.deusto.es\/magis\/generacion-perversa\/\">Sigue leyendo <span class=\"meta-nav\">&rarr;<\/span><\/a><\/p>\n","protected":false},"author":386,"featured_media":0,"comment_status":"open","ping_status":"open","sticky":false,"template":"","format":"standard","meta":{"footnotes":""},"categories":[1],"tags":[],"class_list":["post-3514","post","type-post","status-publish","format-standard","hentry","category-publicaciones-blog"],"_links":{"self":[{"href":"https:\/\/blogs.deusto.es\/magis\/wp-json\/wp\/v2\/posts\/3514","targetHints":{"allow":["GET"]}}],"collection":[{"href":"https:\/\/blogs.deusto.es\/magis\/wp-json\/wp\/v2\/posts"}],"about":[{"href":"https:\/\/blogs.deusto.es\/magis\/wp-json\/wp\/v2\/types\/post"}],"author":[{"embeddable":true,"href":"https:\/\/blogs.deusto.es\/magis\/wp-json\/wp\/v2\/users\/386"}],"replies":[{"embeddable":true,"href":"https:\/\/blogs.deusto.es\/magis\/wp-json\/wp\/v2\/comments?post=3514"}],"version-history":[{"count":1,"href":"https:\/\/blogs.deusto.es\/magis\/wp-json\/wp\/v2\/posts\/3514\/revisions"}],"predecessor-version":[{"id":3516,"href":"https:\/\/blogs.deusto.es\/magis\/wp-json\/wp\/v2\/posts\/3514\/revisions\/3516"}],"wp:attachment":[{"href":"https:\/\/blogs.deusto.es\/magis\/wp-json\/wp\/v2\/media?parent=3514"}],"wp:term":[{"taxonomy":"category","embeddable":true,"href":"https:\/\/blogs.deusto.es\/magis\/wp-json\/wp\/v2\/categories?post=3514"},{"taxonomy":"post_tag","embeddable":true,"href":"https:\/\/blogs.deusto.es\/magis\/wp-json\/wp\/v2\/tags?post=3514"}],"curies":[{"name":"wp","href":"https:\/\/api.w.org\/{rel}","templated":true}]}}