{"id":3517,"date":"2022-10-11T08:07:56","date_gmt":"2022-10-11T06:07:56","guid":{"rendered":"https:\/\/preblogs.deusto.es\/magis\/?p=3517"},"modified":"2022-10-11T08:07:56","modified_gmt":"2022-10-11T06:07:56","slug":"de-lo-que-hay-dentro","status":"publish","type":"post","link":"https:\/\/blogs.deusto.es\/magis\/de-lo-que-hay-dentro\/","title":{"rendered":"De lo que hay dentro"},"content":{"rendered":"\n<p><a href=\"https:\/\/www.misadecadadia.es\/read.html\">11  de octubre, Martes XXVIII del tiempo ordinario<\/a><\/p>\n\n\n\n<p>En vida normal solemos distinguir con relativa facilidad entre dentro y fuera, interioridad y exterioridad que a veces se oponen el uno al otro. El asunto es que no son esferas tan distintas, sino que mi interior est\u00e1 \u00edntimamente relacionado con mi exterior.<\/p>\n\n\n\n<p>Jes\u00fas, frente a la muralla que la religi\u00f3n oficial de su tiempo impon\u00eda en el exterior de la persona y los rituales, propone la construcci\u00f3n del hogar interior. Se trata de un hogar en donde se cocina lo mejor del ser humano y donde se da una genuina relaci\u00f3n con Dios.<\/p>\n\n\n\n<p>Una idea para hoy ser\u00eda pasearnos por esa orilla que une el interior y el exterior de mi vida. Ser\u00eda un paseo para agradecer ambas y tambi\u00e9n para que cada vez sean m\u00e1s arm\u00f3nicas. La idea es que tengamos una vida, en vez de una vida interior y otra vida exterior. Feliz martes.<\/p>\n\n\n\n<figure class=\"wp-block-image size-full\"><a href=\"https:\/\/blogs.deusto.es\/alumni\/wp-content\/uploads\/sites\/26\/2022\/10\/image-8.png\"><img fetchpriority=\"high\" decoding=\"async\" width=\"960\" height=\"640\" src=\"https:\/\/blogs.deusto.es\/alumni\/wp-content\/uploads\/sites\/26\/2022\/10\/image-8.png\" alt=\"\" class=\"wp-image-3518\" srcset=\"https:\/\/blogs.deusto.es\/wp-content\/uploads\/sites\/26\/2022\/10\/image-8.png 960w, https:\/\/blogs.deusto.es\/wp-content\/uploads\/sites\/26\/2022\/10\/image-8-300x200.png 300w, https:\/\/blogs.deusto.es\/wp-content\/uploads\/sites\/26\/2022\/10\/image-8-768x512.png 768w\" sizes=\"(max-width: 960px) 100vw, 960px\" \/><\/a><\/figure>\n","protected":false},"excerpt":{"rendered":"<p>11 de octubre, Martes XXVIII del tiempo ordinario En vida normal solemos distinguir con relativa facilidad entre dentro y fuera, interioridad y exterioridad que a veces se oponen el uno al otro. El asunto es que no son esferas tan &hellip; <a href=\"https:\/\/blogs.deusto.es\/magis\/de-lo-que-hay-dentro\/\">Sigue leyendo <span class=\"meta-nav\">&rarr;<\/span><\/a><\/p>\n","protected":false},"author":386,"featured_media":0,"comment_status":"open","ping_status":"open","sticky":false,"template":"","format":"standard","meta":{"footnotes":""},"categories":[1],"tags":[],"class_list":["post-3517","post","type-post","status-publish","format-standard","hentry","category-publicaciones-blog"],"_links":{"self":[{"href":"https:\/\/blogs.deusto.es\/magis\/wp-json\/wp\/v2\/posts\/3517","targetHints":{"allow":["GET"]}}],"collection":[{"href":"https:\/\/blogs.deusto.es\/magis\/wp-json\/wp\/v2\/posts"}],"about":[{"href":"https:\/\/blogs.deusto.es\/magis\/wp-json\/wp\/v2\/types\/post"}],"author":[{"embeddable":true,"href":"https:\/\/blogs.deusto.es\/magis\/wp-json\/wp\/v2\/users\/386"}],"replies":[{"embeddable":true,"href":"https:\/\/blogs.deusto.es\/magis\/wp-json\/wp\/v2\/comments?post=3517"}],"version-history":[{"count":1,"href":"https:\/\/blogs.deusto.es\/magis\/wp-json\/wp\/v2\/posts\/3517\/revisions"}],"predecessor-version":[{"id":3519,"href":"https:\/\/blogs.deusto.es\/magis\/wp-json\/wp\/v2\/posts\/3517\/revisions\/3519"}],"wp:attachment":[{"href":"https:\/\/blogs.deusto.es\/magis\/wp-json\/wp\/v2\/media?parent=3517"}],"wp:term":[{"taxonomy":"category","embeddable":true,"href":"https:\/\/blogs.deusto.es\/magis\/wp-json\/wp\/v2\/categories?post=3517"},{"taxonomy":"post_tag","embeddable":true,"href":"https:\/\/blogs.deusto.es\/magis\/wp-json\/wp\/v2\/tags?post=3517"}],"curies":[{"name":"wp","href":"https:\/\/api.w.org\/{rel}","templated":true}]}}