{"id":3520,"date":"2022-10-12T09:17:18","date_gmt":"2022-10-12T07:17:18","guid":{"rendered":"https:\/\/preblogs.deusto.es\/magis\/?p=3520"},"modified":"2022-10-12T09:17:18","modified_gmt":"2022-10-12T07:17:18","slug":"el-pilar","status":"publish","type":"post","link":"https:\/\/blogs.deusto.es\/magis\/el-pilar\/","title":{"rendered":"El pilar"},"content":{"rendered":"\n<p><a href=\"https:\/\/www.misadecadadia.es\/read.html\">12  de octubre, Mi\u00e9rcoles XXVIII del tiempo ordinario<\/a>. Bienaventurada Virgen Mar\u00eda del Pilar<\/p>\n\n\n\n<p>\u00bfCu\u00e1les son los pilares que sostienen nuestra vida? En tiempos que podemos calificar como vol\u00e1tiles y en vidas que cada vez son m\u00e1s n\u00f3madas necesitamos de un fundamento, de un pilar a partir del cu\u00e1l orientar el resto de la vida. La oraci\u00f3n de la misa de hoy nos puede dar una pista: fortaleza en la fe, seguridad en la esperanza y constancia en el amor.<\/p>\n\n\n\n<p>El fundamento de Jes\u00fas, adem\u00e1s de su vinculaci\u00f3n al padre, es su madre. Sin ella esto no hubiera funcionado y con el s\u00ed de Mar\u00eda encontramos el s\u00ed de Dios a la humanidad. Hoy el Evangelio une a Mar\u00eda y al disc\u00edpulo que escucha y cumple la palabra de Jes\u00fas.<\/p>\n\n\n\n<p>Hoy puede ser un d\u00eda para indagar en neustros cimientos personales. Es un d\u00eda para reconocer cu\u00e1l es el pilar que nos sostiene y sobre todo puede ser un d\u00eda para agradecerlo. Igual no nos encontramos cosas aparentemente s\u00f3lidas, sino lo suficientemente fuertes como son la fe, la esperanza y el amor. Feliz mi\u00e9rcoles.<\/p>\n\n\n\n<figure class=\"wp-block-image size-full\"><a href=\"https:\/\/blogs.deusto.es\/alumni\/wp-content\/uploads\/sites\/26\/2022\/10\/image-9.png\"><img fetchpriority=\"high\" decoding=\"async\" width=\"960\" height=\"720\" src=\"https:\/\/blogs.deusto.es\/alumni\/wp-content\/uploads\/sites\/26\/2022\/10\/image-9.png\" alt=\"\" class=\"wp-image-3521\" srcset=\"https:\/\/blogs.deusto.es\/wp-content\/uploads\/sites\/26\/2022\/10\/image-9.png 960w, https:\/\/blogs.deusto.es\/wp-content\/uploads\/sites\/26\/2022\/10\/image-9-300x225.png 300w, https:\/\/blogs.deusto.es\/wp-content\/uploads\/sites\/26\/2022\/10\/image-9-768x576.png 768w\" sizes=\"(max-width: 960px) 100vw, 960px\" \/><\/a><\/figure>\n","protected":false},"excerpt":{"rendered":"<p>12 de octubre, Mi\u00e9rcoles XXVIII del tiempo ordinario. Bienaventurada Virgen Mar\u00eda del Pilar \u00bfCu\u00e1les son los pilares que sostienen nuestra vida? En tiempos que podemos calificar como vol\u00e1tiles y en vidas que cada vez son m\u00e1s n\u00f3madas necesitamos de un &hellip; <a href=\"https:\/\/blogs.deusto.es\/magis\/el-pilar\/\">Sigue leyendo <span class=\"meta-nav\">&rarr;<\/span><\/a><\/p>\n","protected":false},"author":386,"featured_media":0,"comment_status":"open","ping_status":"open","sticky":false,"template":"","format":"standard","meta":{"footnotes":""},"categories":[1],"tags":[],"class_list":["post-3520","post","type-post","status-publish","format-standard","hentry","category-publicaciones-blog"],"_links":{"self":[{"href":"https:\/\/blogs.deusto.es\/magis\/wp-json\/wp\/v2\/posts\/3520","targetHints":{"allow":["GET"]}}],"collection":[{"href":"https:\/\/blogs.deusto.es\/magis\/wp-json\/wp\/v2\/posts"}],"about":[{"href":"https:\/\/blogs.deusto.es\/magis\/wp-json\/wp\/v2\/types\/post"}],"author":[{"embeddable":true,"href":"https:\/\/blogs.deusto.es\/magis\/wp-json\/wp\/v2\/users\/386"}],"replies":[{"embeddable":true,"href":"https:\/\/blogs.deusto.es\/magis\/wp-json\/wp\/v2\/comments?post=3520"}],"version-history":[{"count":1,"href":"https:\/\/blogs.deusto.es\/magis\/wp-json\/wp\/v2\/posts\/3520\/revisions"}],"predecessor-version":[{"id":3522,"href":"https:\/\/blogs.deusto.es\/magis\/wp-json\/wp\/v2\/posts\/3520\/revisions\/3522"}],"wp:attachment":[{"href":"https:\/\/blogs.deusto.es\/magis\/wp-json\/wp\/v2\/media?parent=3520"}],"wp:term":[{"taxonomy":"category","embeddable":true,"href":"https:\/\/blogs.deusto.es\/magis\/wp-json\/wp\/v2\/categories?post=3520"},{"taxonomy":"post_tag","embeddable":true,"href":"https:\/\/blogs.deusto.es\/magis\/wp-json\/wp\/v2\/tags?post=3520"}],"curies":[{"name":"wp","href":"https:\/\/api.w.org\/{rel}","templated":true}]}}