{"id":3533,"date":"2022-10-16T08:40:16","date_gmt":"2022-10-16T06:40:16","guid":{"rendered":"https:\/\/preblogs.deusto.es\/magis\/?p=3533"},"modified":"2022-10-16T08:40:16","modified_gmt":"2022-10-16T06:40:16","slug":"es-necesario-orar","status":"publish","type":"post","link":"https:\/\/blogs.deusto.es\/magis\/es-necesario-orar\/","title":{"rendered":"Es necesario orar"},"content":{"rendered":"\n<p><a href=\"https:\/\/www.misadecadadia.es\/read.html\">16  de octubre, Domingo XXIX del tiempo ordinario<\/a><\/p>\n\n\n\n<p>En un mundo tecnol\u00f3gicamente interconectado nos sentimos a veces desconectados. Nos desonectamos de Dios, de los dem\u00e1s e incluso de la naturaleza. Nos hacemos nuestra propia burbuja que modo de pompa de jab\u00f3n hay un momento en la que nos explota.<\/p>\n\n\n\n<p>En la vida de Jes\u00fas la oraci\u00f3n es algo muy importante. Jes\u00fas reza en momentos y lugares se\u00f1alados como al amanecer y apartado de ordinario. Jes\u00fas entiende que es la oraci\u00f3n la que fortalece el v\u00ednculo con su Padre y ense\u00f1a aquello que vive,<\/p>\n\n\n\n<p>Hoy podr\u00edamos dedicarle un rato a orar. Es una ocasi\u00f3n de reconectarnos a la vida que nos regala el Padre, es una ocasi\u00f3n para pedir por tanta gente que lo necesita y es una ocasi\u00f3n para sentirnos de nuevo conectados con nuestro mundo. Feliz domingo.<\/p>\n\n\n\n<figure class=\"wp-block-image size-large\"><a href=\"https:\/\/blogs.deusto.es\/alumni\/wp-content\/uploads\/sites\/26\/2022\/10\/image-14.png\"><img fetchpriority=\"high\" decoding=\"async\" width=\"1024\" height=\"683\" src=\"https:\/\/blogs.deusto.es\/alumni\/wp-content\/uploads\/sites\/26\/2022\/10\/image-14-1024x683.png\" alt=\"\" class=\"wp-image-3534\" srcset=\"https:\/\/blogs.deusto.es\/wp-content\/uploads\/sites\/26\/2022\/10\/image-14-1024x683.png 1024w, https:\/\/blogs.deusto.es\/wp-content\/uploads\/sites\/26\/2022\/10\/image-14-300x200.png 300w, https:\/\/blogs.deusto.es\/wp-content\/uploads\/sites\/26\/2022\/10\/image-14-768x512.png 768w, https:\/\/blogs.deusto.es\/wp-content\/uploads\/sites\/26\/2022\/10\/image-14.png 1125w\" sizes=\"(max-width: 1024px) 100vw, 1024px\" \/><\/a><\/figure>\n","protected":false},"excerpt":{"rendered":"<p>16 de octubre, Domingo XXIX del tiempo ordinario En un mundo tecnol\u00f3gicamente interconectado nos sentimos a veces desconectados. Nos desonectamos de Dios, de los dem\u00e1s e incluso de la naturaleza. Nos hacemos nuestra propia burbuja que modo de pompa de &hellip; <a href=\"https:\/\/blogs.deusto.es\/magis\/es-necesario-orar\/\">Sigue leyendo <span class=\"meta-nav\">&rarr;<\/span><\/a><\/p>\n","protected":false},"author":386,"featured_media":0,"comment_status":"open","ping_status":"open","sticky":false,"template":"","format":"standard","meta":{"footnotes":""},"categories":[1],"tags":[],"class_list":["post-3533","post","type-post","status-publish","format-standard","hentry","category-publicaciones-blog"],"_links":{"self":[{"href":"https:\/\/blogs.deusto.es\/magis\/wp-json\/wp\/v2\/posts\/3533","targetHints":{"allow":["GET"]}}],"collection":[{"href":"https:\/\/blogs.deusto.es\/magis\/wp-json\/wp\/v2\/posts"}],"about":[{"href":"https:\/\/blogs.deusto.es\/magis\/wp-json\/wp\/v2\/types\/post"}],"author":[{"embeddable":true,"href":"https:\/\/blogs.deusto.es\/magis\/wp-json\/wp\/v2\/users\/386"}],"replies":[{"embeddable":true,"href":"https:\/\/blogs.deusto.es\/magis\/wp-json\/wp\/v2\/comments?post=3533"}],"version-history":[{"count":1,"href":"https:\/\/blogs.deusto.es\/magis\/wp-json\/wp\/v2\/posts\/3533\/revisions"}],"predecessor-version":[{"id":3535,"href":"https:\/\/blogs.deusto.es\/magis\/wp-json\/wp\/v2\/posts\/3533\/revisions\/3535"}],"wp:attachment":[{"href":"https:\/\/blogs.deusto.es\/magis\/wp-json\/wp\/v2\/media?parent=3533"}],"wp:term":[{"taxonomy":"category","embeddable":true,"href":"https:\/\/blogs.deusto.es\/magis\/wp-json\/wp\/v2\/categories?post=3533"},{"taxonomy":"post_tag","embeddable":true,"href":"https:\/\/blogs.deusto.es\/magis\/wp-json\/wp\/v2\/tags?post=3533"}],"curies":[{"name":"wp","href":"https:\/\/api.w.org\/{rel}","templated":true}]}}