{"id":3545,"date":"2022-10-20T08:11:40","date_gmt":"2022-10-20T06:11:40","guid":{"rendered":"https:\/\/preblogs.deusto.es\/magis\/?p=3545"},"modified":"2022-10-20T08:11:40","modified_gmt":"2022-10-20T06:11:40","slug":"traer-fuego-a-la-tierra","status":"publish","type":"post","link":"https:\/\/blogs.deusto.es\/magis\/traer-fuego-a-la-tierra\/","title":{"rendered":"Traer fuego a la tierra"},"content":{"rendered":"\n<p><a href=\"https:\/\/www.misadecadadia.es\/read.html\">20  de octubre, Jueves XXIX del tiempo ordinario<\/a><\/p>\n\n\n\n<p>En la serie Juego de Tronos se emplea el t\u00e9rmino \u00abDracarys\u00bb para decir al drag\u00f3n que eche fuego. El fuego se utiliza como imagen de muerte y destrucci\u00f3n, pero tambi\u00e9n como poder. Las guerras de hoy nos hablan de c\u00f3mo se puede traer fuego del cielo para destruir y matar.<\/p>\n\n\n\n<p>En el Evangelio el fuego que trae Jes\u00fas trae la destrucci\u00f3n sobre un modo de vida, sobre una estructura pol\u00edtico religiosa social que quita la libertad al ser humano. Cada uno de nosotros debemos destruir esas ataduras para caminar en la libertad del Evangelio.<\/p>\n\n\n\n<p>Hoy podr\u00edamos preguntarnos que si fueramos Danaris Targarian y ordenaramos al drag\u00f3n echar fuego, sobre qu\u00e9 lo echar\u00edamos. A veces necesitamos tambi\u00e9n nosotros quemar alguna cosa para vivir en mayor libertad. Feliz jueves.<\/p>\n\n\n\n<figure class=\"wp-block-image size-large\"><a href=\"https:\/\/blogs.deusto.es\/alumni\/wp-content\/uploads\/sites\/26\/2022\/10\/image-18.png\"><img fetchpriority=\"high\" decoding=\"async\" width=\"1024\" height=\"631\" src=\"https:\/\/blogs.deusto.es\/alumni\/wp-content\/uploads\/sites\/26\/2022\/10\/image-18-1024x631.png\" alt=\"\" class=\"wp-image-3546\" srcset=\"https:\/\/blogs.deusto.es\/wp-content\/uploads\/sites\/26\/2022\/10\/image-18-1024x631.png 1024w, https:\/\/blogs.deusto.es\/wp-content\/uploads\/sites\/26\/2022\/10\/image-18-300x185.png 300w, https:\/\/blogs.deusto.es\/wp-content\/uploads\/sites\/26\/2022\/10\/image-18-768x474.png 768w, https:\/\/blogs.deusto.es\/wp-content\/uploads\/sites\/26\/2022\/10\/image-18.png 1200w\" sizes=\"(max-width: 1024px) 100vw, 1024px\" \/><\/a><\/figure>\n","protected":false},"excerpt":{"rendered":"<p>20 de octubre, Jueves XXIX del tiempo ordinario En la serie Juego de Tronos se emplea el t\u00e9rmino \u00abDracarys\u00bb para decir al drag\u00f3n que eche fuego. El fuego se utiliza como imagen de muerte y destrucci\u00f3n, pero tambi\u00e9n como poder. &hellip; <a href=\"https:\/\/blogs.deusto.es\/magis\/traer-fuego-a-la-tierra\/\">Sigue leyendo <span class=\"meta-nav\">&rarr;<\/span><\/a><\/p>\n","protected":false},"author":386,"featured_media":0,"comment_status":"open","ping_status":"open","sticky":false,"template":"","format":"standard","meta":{"footnotes":""},"categories":[1],"tags":[],"class_list":["post-3545","post","type-post","status-publish","format-standard","hentry","category-publicaciones-blog"],"_links":{"self":[{"href":"https:\/\/blogs.deusto.es\/magis\/wp-json\/wp\/v2\/posts\/3545","targetHints":{"allow":["GET"]}}],"collection":[{"href":"https:\/\/blogs.deusto.es\/magis\/wp-json\/wp\/v2\/posts"}],"about":[{"href":"https:\/\/blogs.deusto.es\/magis\/wp-json\/wp\/v2\/types\/post"}],"author":[{"embeddable":true,"href":"https:\/\/blogs.deusto.es\/magis\/wp-json\/wp\/v2\/users\/386"}],"replies":[{"embeddable":true,"href":"https:\/\/blogs.deusto.es\/magis\/wp-json\/wp\/v2\/comments?post=3545"}],"version-history":[{"count":1,"href":"https:\/\/blogs.deusto.es\/magis\/wp-json\/wp\/v2\/posts\/3545\/revisions"}],"predecessor-version":[{"id":3547,"href":"https:\/\/blogs.deusto.es\/magis\/wp-json\/wp\/v2\/posts\/3545\/revisions\/3547"}],"wp:attachment":[{"href":"https:\/\/blogs.deusto.es\/magis\/wp-json\/wp\/v2\/media?parent=3545"}],"wp:term":[{"taxonomy":"category","embeddable":true,"href":"https:\/\/blogs.deusto.es\/magis\/wp-json\/wp\/v2\/categories?post=3545"},{"taxonomy":"post_tag","embeddable":true,"href":"https:\/\/blogs.deusto.es\/magis\/wp-json\/wp\/v2\/tags?post=3545"}],"curies":[{"name":"wp","href":"https:\/\/api.w.org\/{rel}","templated":true}]}}