{"id":3548,"date":"2022-10-21T08:51:48","date_gmt":"2022-10-21T06:51:48","guid":{"rendered":"https:\/\/preblogs.deusto.es\/magis\/?p=3548"},"modified":"2022-10-21T08:51:48","modified_gmt":"2022-10-21T06:51:48","slug":"interpretar-el-tiempo-presente-2","status":"publish","type":"post","link":"https:\/\/blogs.deusto.es\/magis\/interpretar-el-tiempo-presente-2\/","title":{"rendered":"Interpretar el tiempo presente"},"content":{"rendered":"\n<p><a href=\"https:\/\/www.misadecadadia.es\/read.html\">21  de octubre, Viernes  XXIX del tiempo ordinario<\/a><\/p>\n\n\n\n<p>Interpretar el tiempo presente significa saber correctamente donde estamos, adonde vamos, qui\u00e9nes somos, \u2026 se trata de tener bien afinado  el GPS que gu\u00eda nuestra ruta vital.<\/p>\n\n\n\n<p>En la lectura de hoy Jes\u00fas nos plantea la cuesti\u00f3n de reconocer este tiempo presente, que tiene que ver con la justicia, que tiene que ver con la reconciliaci\u00f3n y que en definitiva tiene que ver con el saber vivir juntos .<\/p>\n\n\n\n<p>hoy podr\u00edamos mirar los ajustes de nuestro GPS, si est\u00e1 muy fino o nos despista mucho, se trata de ver c\u00f3mo avanz\u00f3 en el mapa de mi vida . para ello podemos agradecer los referentes importantes de nuestra vida que nos han servido como se\u00f1ales y d\u00edas en el camino recorrido hasta hoy. Feliz viernes .<\/p>\n\n\n\n<figure class=\"wp-block-image size-large\"><a href=\"https:\/\/blogs.deusto.es\/alumni\/wp-content\/uploads\/sites\/26\/2022\/10\/image-2.jpeg\"><img fetchpriority=\"high\" decoding=\"async\" width=\"1024\" height=\"768\" src=\"https:\/\/blogs.deusto.es\/alumni\/wp-content\/uploads\/sites\/26\/2022\/10\/image-2-1024x768.jpeg\" alt=\"\" class=\"wp-image-3549\" srcset=\"https:\/\/blogs.deusto.es\/wp-content\/uploads\/sites\/26\/2022\/10\/image-2-1024x768.jpeg 1024w, https:\/\/blogs.deusto.es\/wp-content\/uploads\/sites\/26\/2022\/10\/image-2-300x225.jpeg 300w, https:\/\/blogs.deusto.es\/wp-content\/uploads\/sites\/26\/2022\/10\/image-2-768x576.jpeg 768w, https:\/\/blogs.deusto.es\/wp-content\/uploads\/sites\/26\/2022\/10\/image-2.jpeg 1280w\" sizes=\"(max-width: 1024px) 100vw, 1024px\" \/><\/a><\/figure>\n","protected":false},"excerpt":{"rendered":"<p>21 de octubre, Viernes XXIX del tiempo ordinario Interpretar el tiempo presente significa saber correctamente donde estamos, adonde vamos, qui\u00e9nes somos, \u2026 se trata de tener bien afinado el GPS que gu\u00eda nuestra ruta vital. En la lectura de hoy &hellip; <a href=\"https:\/\/blogs.deusto.es\/magis\/interpretar-el-tiempo-presente-2\/\">Sigue leyendo <span class=\"meta-nav\">&rarr;<\/span><\/a><\/p>\n","protected":false},"author":386,"featured_media":0,"comment_status":"open","ping_status":"open","sticky":false,"template":"","format":"standard","meta":{"footnotes":""},"categories":[1],"tags":[],"class_list":["post-3548","post","type-post","status-publish","format-standard","hentry","category-publicaciones-blog"],"_links":{"self":[{"href":"https:\/\/blogs.deusto.es\/magis\/wp-json\/wp\/v2\/posts\/3548","targetHints":{"allow":["GET"]}}],"collection":[{"href":"https:\/\/blogs.deusto.es\/magis\/wp-json\/wp\/v2\/posts"}],"about":[{"href":"https:\/\/blogs.deusto.es\/magis\/wp-json\/wp\/v2\/types\/post"}],"author":[{"embeddable":true,"href":"https:\/\/blogs.deusto.es\/magis\/wp-json\/wp\/v2\/users\/386"}],"replies":[{"embeddable":true,"href":"https:\/\/blogs.deusto.es\/magis\/wp-json\/wp\/v2\/comments?post=3548"}],"version-history":[{"count":1,"href":"https:\/\/blogs.deusto.es\/magis\/wp-json\/wp\/v2\/posts\/3548\/revisions"}],"predecessor-version":[{"id":3550,"href":"https:\/\/blogs.deusto.es\/magis\/wp-json\/wp\/v2\/posts\/3548\/revisions\/3550"}],"wp:attachment":[{"href":"https:\/\/blogs.deusto.es\/magis\/wp-json\/wp\/v2\/media?parent=3548"}],"wp:term":[{"taxonomy":"category","embeddable":true,"href":"https:\/\/blogs.deusto.es\/magis\/wp-json\/wp\/v2\/categories?post=3548"},{"taxonomy":"post_tag","embeddable":true,"href":"https:\/\/blogs.deusto.es\/magis\/wp-json\/wp\/v2\/tags?post=3548"}],"curies":[{"name":"wp","href":"https:\/\/api.w.org\/{rel}","templated":true}]}}