{"id":3551,"date":"2022-10-22T09:14:08","date_gmt":"2022-10-22T07:14:08","guid":{"rendered":"https:\/\/preblogs.deusto.es\/magis\/?p=3551"},"modified":"2022-10-22T09:14:08","modified_gmt":"2022-10-22T07:14:08","slug":"paciencia","status":"publish","type":"post","link":"https:\/\/blogs.deusto.es\/magis\/paciencia\/","title":{"rendered":"Paciencia"},"content":{"rendered":"\n<p><a href=\"https:\/\/www.misadecadadia.es\/read.html\">22  de octubre, S\u00e1bado  XXIX del tiempo ordinario<\/a><\/p>\n\n\n\n<p>En tiempos en que todo lo queremos instant\u00e1neamente vamos perdiendo capacidad de paciencia para los procesos que la misma vida nos pide.Necesitamos tiempo para madurar, para pensar, para escuchar, para pensar, para cuidarnos,&#8230;.s\u00f3lo despu\u00e9s vendr\u00e1n los frutos.<\/p>\n\n\n\n<p>El Evangelio es la llamada a la conversi\u00f3n, sabiendo que eso tambi\u00e9n lleva tiempo. Pero es un tiempo que tiene que ir ya cargado de la voluntad de cambio, cargado de la voluntad de conversi\u00f3n porque sino la cosa no funciona.<\/p>\n\n\n\n<p>Hoy podr\u00edamos aprender a perder tiempo para ganarlo. Un tiempo que surge de la paciencia consigo mismo y que consiste en hacer la nada productiva. Hab\u00eda un compa\u00f1ero que llamaba espacio verde a ese tiempo de pasear, escuchar m\u00fasica, leer, estar tirado en el sof\u00e1, orar,&#8230;. Los frutos de este tiempo son sabrosos. Feliz s\u00e1bado.<\/p>\n\n\n\n<figure class=\"wp-block-image size-large\"><a href=\"https:\/\/blogs.deusto.es\/alumni\/wp-content\/uploads\/sites\/26\/2022\/10\/image-19.png\"><img fetchpriority=\"high\" decoding=\"async\" width=\"1024\" height=\"680\" src=\"https:\/\/blogs.deusto.es\/alumni\/wp-content\/uploads\/sites\/26\/2022\/10\/image-19-1024x680.png\" alt=\"\" class=\"wp-image-3552\" srcset=\"https:\/\/blogs.deusto.es\/wp-content\/uploads\/sites\/26\/2022\/10\/image-19-1024x680.png 1024w, https:\/\/blogs.deusto.es\/wp-content\/uploads\/sites\/26\/2022\/10\/image-19-300x199.png 300w, https:\/\/blogs.deusto.es\/wp-content\/uploads\/sites\/26\/2022\/10\/image-19-768x510.png 768w, https:\/\/blogs.deusto.es\/wp-content\/uploads\/sites\/26\/2022\/10\/image-19.png 1280w\" sizes=\"(max-width: 1024px) 100vw, 1024px\" \/><\/a><\/figure>\n","protected":false},"excerpt":{"rendered":"<p>22 de octubre, S\u00e1bado XXIX del tiempo ordinario En tiempos en que todo lo queremos instant\u00e1neamente vamos perdiendo capacidad de paciencia para los procesos que la misma vida nos pide.Necesitamos tiempo para madurar, para pensar, para escuchar, para pensar, para &hellip; <a href=\"https:\/\/blogs.deusto.es\/magis\/paciencia\/\">Sigue leyendo <span class=\"meta-nav\">&rarr;<\/span><\/a><\/p>\n","protected":false},"author":386,"featured_media":0,"comment_status":"open","ping_status":"open","sticky":false,"template":"","format":"standard","meta":{"footnotes":""},"categories":[1],"tags":[],"class_list":["post-3551","post","type-post","status-publish","format-standard","hentry","category-publicaciones-blog"],"_links":{"self":[{"href":"https:\/\/blogs.deusto.es\/magis\/wp-json\/wp\/v2\/posts\/3551","targetHints":{"allow":["GET"]}}],"collection":[{"href":"https:\/\/blogs.deusto.es\/magis\/wp-json\/wp\/v2\/posts"}],"about":[{"href":"https:\/\/blogs.deusto.es\/magis\/wp-json\/wp\/v2\/types\/post"}],"author":[{"embeddable":true,"href":"https:\/\/blogs.deusto.es\/magis\/wp-json\/wp\/v2\/users\/386"}],"replies":[{"embeddable":true,"href":"https:\/\/blogs.deusto.es\/magis\/wp-json\/wp\/v2\/comments?post=3551"}],"version-history":[{"count":1,"href":"https:\/\/blogs.deusto.es\/magis\/wp-json\/wp\/v2\/posts\/3551\/revisions"}],"predecessor-version":[{"id":3553,"href":"https:\/\/blogs.deusto.es\/magis\/wp-json\/wp\/v2\/posts\/3551\/revisions\/3553"}],"wp:attachment":[{"href":"https:\/\/blogs.deusto.es\/magis\/wp-json\/wp\/v2\/media?parent=3551"}],"wp:term":[{"taxonomy":"category","embeddable":true,"href":"https:\/\/blogs.deusto.es\/magis\/wp-json\/wp\/v2\/categories?post=3551"},{"taxonomy":"post_tag","embeddable":true,"href":"https:\/\/blogs.deusto.es\/magis\/wp-json\/wp\/v2\/tags?post=3551"}],"curies":[{"name":"wp","href":"https:\/\/api.w.org\/{rel}","templated":true}]}}