{"id":3557,"date":"2022-10-24T08:15:10","date_gmt":"2022-10-24T06:15:10","guid":{"rendered":"https:\/\/preblogs.deusto.es\/magis\/?p=3557"},"modified":"2022-10-24T08:15:10","modified_gmt":"2022-10-24T06:15:10","slug":"abochornados","status":"publish","type":"post","link":"https:\/\/blogs.deusto.es\/magis\/abochornados\/","title":{"rendered":"Abochornados"},"content":{"rendered":"\n<p><a href=\"https:\/\/www.misadecadadia.es\/read.html\">24  de octubre, Lunes XXX del tiempo ordinario<\/a><\/p>\n\n\n\n<p>Hace no tanto tiempo hab\u00eda una serie que se titulaba Verg\u00fcenza ajena. En ella se planteaban situaciones de bochorno general. Por desgracia, demasiadas veces nos vemos ante situaciones de bochorno planteadas por l\u00edderes sociales al plantar situaciones y respuestas ante el dolor de la gente.<\/p>\n\n\n\n<p>El Evangelio denuncia los sistemas en que se pierde la perspectiva humana en favor de otra supuestamente teologal. Jes\u00fas evidencia ante la gente que estos sistemas que se olvidan  de la gente hacen que tambi\u00e9n se olviden de Dios.<\/p>\n\n\n\n<p>\u00bfCu\u00e1ndo ha sido la \u00faltima vez que me he sentido abochornado? A veces vamos perdiendo capacidad de asombro, capacidad de verg\u00fcenza como modo de ir normalizando lo que no se puede normalizar. Feliz lunes.<\/p>\n\n\n\n<figure class=\"wp-block-image size-full\"><a href=\"https:\/\/blogs.deusto.es\/alumni\/wp-content\/uploads\/sites\/26\/2022\/10\/image-21.png\"><img fetchpriority=\"high\" decoding=\"async\" width=\"960\" height=\"638\" src=\"https:\/\/blogs.deusto.es\/alumni\/wp-content\/uploads\/sites\/26\/2022\/10\/image-21.png\" alt=\"\" class=\"wp-image-3558\" srcset=\"https:\/\/blogs.deusto.es\/wp-content\/uploads\/sites\/26\/2022\/10\/image-21.png 960w, https:\/\/blogs.deusto.es\/wp-content\/uploads\/sites\/26\/2022\/10\/image-21-300x199.png 300w, https:\/\/blogs.deusto.es\/wp-content\/uploads\/sites\/26\/2022\/10\/image-21-768x510.png 768w\" sizes=\"(max-width: 960px) 100vw, 960px\" \/><\/a><\/figure>\n","protected":false},"excerpt":{"rendered":"<p>24 de octubre, Lunes XXX del tiempo ordinario Hace no tanto tiempo hab\u00eda una serie que se titulaba Verg\u00fcenza ajena. En ella se planteaban situaciones de bochorno general. Por desgracia, demasiadas veces nos vemos ante situaciones de bochorno planteadas por &hellip; <a href=\"https:\/\/blogs.deusto.es\/magis\/abochornados\/\">Sigue leyendo <span class=\"meta-nav\">&rarr;<\/span><\/a><\/p>\n","protected":false},"author":386,"featured_media":0,"comment_status":"open","ping_status":"open","sticky":false,"template":"","format":"standard","meta":{"footnotes":""},"categories":[1],"tags":[],"class_list":["post-3557","post","type-post","status-publish","format-standard","hentry","category-publicaciones-blog"],"_links":{"self":[{"href":"https:\/\/blogs.deusto.es\/magis\/wp-json\/wp\/v2\/posts\/3557","targetHints":{"allow":["GET"]}}],"collection":[{"href":"https:\/\/blogs.deusto.es\/magis\/wp-json\/wp\/v2\/posts"}],"about":[{"href":"https:\/\/blogs.deusto.es\/magis\/wp-json\/wp\/v2\/types\/post"}],"author":[{"embeddable":true,"href":"https:\/\/blogs.deusto.es\/magis\/wp-json\/wp\/v2\/users\/386"}],"replies":[{"embeddable":true,"href":"https:\/\/blogs.deusto.es\/magis\/wp-json\/wp\/v2\/comments?post=3557"}],"version-history":[{"count":1,"href":"https:\/\/blogs.deusto.es\/magis\/wp-json\/wp\/v2\/posts\/3557\/revisions"}],"predecessor-version":[{"id":3559,"href":"https:\/\/blogs.deusto.es\/magis\/wp-json\/wp\/v2\/posts\/3557\/revisions\/3559"}],"wp:attachment":[{"href":"https:\/\/blogs.deusto.es\/magis\/wp-json\/wp\/v2\/media?parent=3557"}],"wp:term":[{"taxonomy":"category","embeddable":true,"href":"https:\/\/blogs.deusto.es\/magis\/wp-json\/wp\/v2\/categories?post=3557"},{"taxonomy":"post_tag","embeddable":true,"href":"https:\/\/blogs.deusto.es\/magis\/wp-json\/wp\/v2\/tags?post=3557"}],"curies":[{"name":"wp","href":"https:\/\/api.w.org\/{rel}","templated":true}]}}