{"id":3569,"date":"2022-10-28T08:13:17","date_gmt":"2022-10-28T06:13:17","guid":{"rendered":"https:\/\/preblogs.deusto.es\/magis\/?p=3569"},"modified":"2022-10-28T08:13:17","modified_gmt":"2022-10-28T06:13:17","slug":"apostoles","status":"publish","type":"post","link":"https:\/\/blogs.deusto.es\/magis\/apostoles\/","title":{"rendered":"Ap\u00f3stoles"},"content":{"rendered":"\n<p><a href=\"https:\/\/www.misadecadadia.es\/read.html\">28 de octubre, Viernes XXX del tiempo ordinario<\/a> San Simon y San Judas, Ap\u00f3stoles<\/p>\n\n\n\n<p>A veces se nos olvida que eso de que la Iglesia es apost\u00f3lica. Adem\u00e1s de ser enunciado dle credo signfica un dinamismo propio de los que siguen a Jes\u00fas. Es una din\u00e1mica que nos pone en marcha, nos pone en misi\u00f3n, nos pone las pilas para vivir y anunciar el Evangelio.<\/p>\n\n\n\n<p>En el Evangelio vemos una primera lista de ap\u00f3stoles, aquellos a quienes Jes\u00fas escogi\u00f3 para que le acompa\u00f1aran y continuen su misi\u00f3n. Los ap\u00f3stoles son muy normalitos, pero lo importante, es su relaci\u00f3n con Jes\u00fas para hacer las cosas grandes que luego har\u00e1n.<\/p>\n\n\n\n<p>\u00bfSoy ap\u00f3stol? \u00bfEntiendo que en alg\u00fan modo he sido elegido por Jes\u00fas para hacer algo? \u00bfEntiendo que mi vida tiene una dimensi\u00f3n de misi\u00f3n? Hoy se trata de ver hasta qu\u00e9 punto me vivo desde m\u00ed o me vivio de la misi\u00f3n recibida en el Evangelio. Feliz viernes.<\/p>\n\n\n\n<figure class=\"wp-block-image size-large\"><a href=\"https:\/\/blogs.deusto.es\/alumni\/wp-content\/uploads\/sites\/26\/2022\/10\/image-25.png\"><img fetchpriority=\"high\" decoding=\"async\" width=\"1024\" height=\"683\" src=\"https:\/\/blogs.deusto.es\/alumni\/wp-content\/uploads\/sites\/26\/2022\/10\/image-25-1024x683.png\" alt=\"\" class=\"wp-image-3570\" srcset=\"https:\/\/blogs.deusto.es\/wp-content\/uploads\/sites\/26\/2022\/10\/image-25-1024x683.png 1024w, https:\/\/blogs.deusto.es\/wp-content\/uploads\/sites\/26\/2022\/10\/image-25-300x200.png 300w, https:\/\/blogs.deusto.es\/wp-content\/uploads\/sites\/26\/2022\/10\/image-25-768x512.png 768w, https:\/\/blogs.deusto.es\/wp-content\/uploads\/sites\/26\/2022\/10\/image-25.png 1125w\" sizes=\"(max-width: 1024px) 100vw, 1024px\" \/><\/a><\/figure>\n","protected":false},"excerpt":{"rendered":"<p>28 de octubre, Viernes XXX del tiempo ordinario San Simon y San Judas, Ap\u00f3stoles A veces se nos olvida que eso de que la Iglesia es apost\u00f3lica. Adem\u00e1s de ser enunciado dle credo signfica un dinamismo propio de los que &hellip; <a href=\"https:\/\/blogs.deusto.es\/magis\/apostoles\/\">Sigue leyendo <span class=\"meta-nav\">&rarr;<\/span><\/a><\/p>\n","protected":false},"author":386,"featured_media":0,"comment_status":"open","ping_status":"open","sticky":false,"template":"","format":"standard","meta":{"footnotes":""},"categories":[1],"tags":[],"class_list":["post-3569","post","type-post","status-publish","format-standard","hentry","category-publicaciones-blog"],"_links":{"self":[{"href":"https:\/\/blogs.deusto.es\/magis\/wp-json\/wp\/v2\/posts\/3569","targetHints":{"allow":["GET"]}}],"collection":[{"href":"https:\/\/blogs.deusto.es\/magis\/wp-json\/wp\/v2\/posts"}],"about":[{"href":"https:\/\/blogs.deusto.es\/magis\/wp-json\/wp\/v2\/types\/post"}],"author":[{"embeddable":true,"href":"https:\/\/blogs.deusto.es\/magis\/wp-json\/wp\/v2\/users\/386"}],"replies":[{"embeddable":true,"href":"https:\/\/blogs.deusto.es\/magis\/wp-json\/wp\/v2\/comments?post=3569"}],"version-history":[{"count":1,"href":"https:\/\/blogs.deusto.es\/magis\/wp-json\/wp\/v2\/posts\/3569\/revisions"}],"predecessor-version":[{"id":3571,"href":"https:\/\/blogs.deusto.es\/magis\/wp-json\/wp\/v2\/posts\/3569\/revisions\/3571"}],"wp:attachment":[{"href":"https:\/\/blogs.deusto.es\/magis\/wp-json\/wp\/v2\/media?parent=3569"}],"wp:term":[{"taxonomy":"category","embeddable":true,"href":"https:\/\/blogs.deusto.es\/magis\/wp-json\/wp\/v2\/categories?post=3569"},{"taxonomy":"post_tag","embeddable":true,"href":"https:\/\/blogs.deusto.es\/magis\/wp-json\/wp\/v2\/tags?post=3569"}],"curies":[{"name":"wp","href":"https:\/\/api.w.org\/{rel}","templated":true}]}}