{"id":3575,"date":"2022-10-30T09:11:52","date_gmt":"2022-10-30T07:11:52","guid":{"rendered":"https:\/\/preblogs.deusto.es\/magis\/?p=3575"},"modified":"2022-10-30T09:11:52","modified_gmt":"2022-10-30T07:11:52","slug":"me-quedo-en-tu-casa","status":"publish","type":"post","link":"https:\/\/blogs.deusto.es\/magis\/me-quedo-en-tu-casa\/","title":{"rendered":"Me quedo en tu casa"},"content":{"rendered":"\n<p><a href=\"https:\/\/www.misadecadadia.es\/read.html\">30 de octubre, Domingo XXXI del tiempo ordinario<\/a><\/p>\n\n\n\n<p>\u00bfQu\u00e9 pasar\u00eda si Jes\u00fas se quedar\u00e1 en nuestra casa? \u00bfEn qu\u00e9 medida cambiar\u00edamos nuestra vida? Hay veces que necesitamos de revulsivos que nos transformen. Un ejemplo es un jesuita que era un gru\u00f1\u00f3n y vino a la comundiad de acogida una mujer y su ni\u00f1a. La presencia de la ni\u00f1a transform\u00f3 al gru\u00f1\u00f3n en un pedazo de az\u00facar.<\/p>\n\n\n\n<p>Zaqueo transforma su vida de manera radical a partir de la presencia de Jes\u00fas en su casa. Tras robar todo lo posible como recaudador, ahora vende todo lo que tiene. Es un cambio que s\u00f3lo se entiende por la rpesencia de Jes\u00fas.<\/p>\n\n\n\n<p>\u00bfHasta qu\u00e9 punto estamos abiertos a la presencia de Jes\u00fas? Hay veces que nos blindamos y no dejamos que entre de ninguna manera. Hoy, domingo, puede ser una ocasi\u00f3n para que abramos, al menos un poco, la puerta a Jes\u00fas, a ver qu\u00e9 pasa. Feliz domingo.<\/p>\n\n\n\n<figure class=\"wp-block-image size-large\"><a href=\"https:\/\/blogs.deusto.es\/alumni\/wp-content\/uploads\/sites\/26\/2022\/10\/image-27.png\"><img fetchpriority=\"high\" decoding=\"async\" width=\"1024\" height=\"683\" src=\"https:\/\/blogs.deusto.es\/alumni\/wp-content\/uploads\/sites\/26\/2022\/10\/image-27-1024x683.png\" alt=\"\" class=\"wp-image-3576\" srcset=\"https:\/\/blogs.deusto.es\/wp-content\/uploads\/sites\/26\/2022\/10\/image-27-1024x683.png 1024w, https:\/\/blogs.deusto.es\/wp-content\/uploads\/sites\/26\/2022\/10\/image-27-300x200.png 300w, https:\/\/blogs.deusto.es\/wp-content\/uploads\/sites\/26\/2022\/10\/image-27-768x512.png 768w, https:\/\/blogs.deusto.es\/wp-content\/uploads\/sites\/26\/2022\/10\/image-27.png 1125w\" sizes=\"(max-width: 1024px) 100vw, 1024px\" \/><\/a><\/figure>\n","protected":false},"excerpt":{"rendered":"<p>30 de octubre, Domingo XXXI del tiempo ordinario \u00bfQu\u00e9 pasar\u00eda si Jes\u00fas se quedar\u00e1 en nuestra casa? \u00bfEn qu\u00e9 medida cambiar\u00edamos nuestra vida? Hay veces que necesitamos de revulsivos que nos transformen. Un ejemplo es un jesuita que era un &hellip; <a href=\"https:\/\/blogs.deusto.es\/magis\/me-quedo-en-tu-casa\/\">Sigue leyendo <span class=\"meta-nav\">&rarr;<\/span><\/a><\/p>\n","protected":false},"author":386,"featured_media":0,"comment_status":"open","ping_status":"open","sticky":false,"template":"","format":"standard","meta":{"footnotes":""},"categories":[1],"tags":[],"class_list":["post-3575","post","type-post","status-publish","format-standard","hentry","category-publicaciones-blog"],"_links":{"self":[{"href":"https:\/\/blogs.deusto.es\/magis\/wp-json\/wp\/v2\/posts\/3575","targetHints":{"allow":["GET"]}}],"collection":[{"href":"https:\/\/blogs.deusto.es\/magis\/wp-json\/wp\/v2\/posts"}],"about":[{"href":"https:\/\/blogs.deusto.es\/magis\/wp-json\/wp\/v2\/types\/post"}],"author":[{"embeddable":true,"href":"https:\/\/blogs.deusto.es\/magis\/wp-json\/wp\/v2\/users\/386"}],"replies":[{"embeddable":true,"href":"https:\/\/blogs.deusto.es\/magis\/wp-json\/wp\/v2\/comments?post=3575"}],"version-history":[{"count":1,"href":"https:\/\/blogs.deusto.es\/magis\/wp-json\/wp\/v2\/posts\/3575\/revisions"}],"predecessor-version":[{"id":3577,"href":"https:\/\/blogs.deusto.es\/magis\/wp-json\/wp\/v2\/posts\/3575\/revisions\/3577"}],"wp:attachment":[{"href":"https:\/\/blogs.deusto.es\/magis\/wp-json\/wp\/v2\/media?parent=3575"}],"wp:term":[{"taxonomy":"category","embeddable":true,"href":"https:\/\/blogs.deusto.es\/magis\/wp-json\/wp\/v2\/categories?post=3575"},{"taxonomy":"post_tag","embeddable":true,"href":"https:\/\/blogs.deusto.es\/magis\/wp-json\/wp\/v2\/tags?post=3575"}],"curies":[{"name":"wp","href":"https:\/\/api.w.org\/{rel}","templated":true}]}}