{"id":3578,"date":"2022-10-31T09:03:31","date_gmt":"2022-10-31T07:03:31","guid":{"rendered":"https:\/\/preblogs.deusto.es\/magis\/?p=3578"},"modified":"2022-10-31T09:03:31","modified_gmt":"2022-10-31T07:03:31","slug":"el-banquete-del-reino","status":"publish","type":"post","link":"https:\/\/blogs.deusto.es\/magis\/el-banquete-del-reino\/","title":{"rendered":"El banquete del Reino"},"content":{"rendered":"\n<p><a href=\"https:\/\/www.misadecadadia.es\/read.html\">31 de octubre, Lunes XXXI del tiempo ordinario<\/a>. San Alonso Rodr\u00edguez<\/p>\n\n\n\n<p>Dice la RAE que el banquete es una comida espl\u00e9ndida o una comida para celebrar alg\u00fan acontecimiento. En nuestra tierra no faltan ocasiones de banquetes entendidads como comida espl\u00e9ndida y celebraci\u00f3n. El asunto es qu\u00e9 celebramos y sobre todo con qui\u00e9n celebramos.<\/p>\n\n\n\n<p>En el Evangelio de Lucas la imagen del banquete es fundamental, y apunta al banquete del Reino. Se trata de un tipo de banquete al que tambi\u00e9n se invitan a los tradicionalmente excluidos: pobres, lisiados, cojos y ciegos. Adem\u00e1s en el banquete del Reino se celebra la propia presencia de Jes\u00fas.<\/p>\n\n\n\n<p>\u00bfCon qui\u00e9n celebramos la vida? Es otro modo de preguntarnos con qui\u00e9n compartimos la vida. Hoy puede ser un d\u00eda apra caer en la cuenta de que aquellos que nos acompa\u00f1an en la vida, y que ellos mismos tal vez nos inviten a romper nuestras propias burbujas relacionales. Feliz lunes.<\/p>\n\n\n\n<figure class=\"wp-block-image size-full\"><a href=\"https:\/\/blogs.deusto.es\/alumni\/wp-content\/uploads\/sites\/26\/2022\/10\/image-28.png\"><img fetchpriority=\"high\" decoding=\"async\" width=\"501\" height=\"750\" src=\"https:\/\/blogs.deusto.es\/alumni\/wp-content\/uploads\/sites\/26\/2022\/10\/image-28.png\" alt=\"\" class=\"wp-image-3579\" srcset=\"https:\/\/blogs.deusto.es\/wp-content\/uploads\/sites\/26\/2022\/10\/image-28.png 501w, https:\/\/blogs.deusto.es\/wp-content\/uploads\/sites\/26\/2022\/10\/image-28-200x300.png 200w\" sizes=\"(max-width: 501px) 100vw, 501px\" \/><\/a><\/figure>\n","protected":false},"excerpt":{"rendered":"<p>31 de octubre, Lunes XXXI del tiempo ordinario. San Alonso Rodr\u00edguez Dice la RAE que el banquete es una comida espl\u00e9ndida o una comida para celebrar alg\u00fan acontecimiento. En nuestra tierra no faltan ocasiones de banquetes entendidads como comida espl\u00e9ndida &hellip; <a href=\"https:\/\/blogs.deusto.es\/magis\/el-banquete-del-reino\/\">Sigue leyendo <span class=\"meta-nav\">&rarr;<\/span><\/a><\/p>\n","protected":false},"author":386,"featured_media":0,"comment_status":"open","ping_status":"open","sticky":false,"template":"","format":"standard","meta":{"footnotes":""},"categories":[1],"tags":[],"class_list":["post-3578","post","type-post","status-publish","format-standard","hentry","category-publicaciones-blog"],"_links":{"self":[{"href":"https:\/\/blogs.deusto.es\/magis\/wp-json\/wp\/v2\/posts\/3578","targetHints":{"allow":["GET"]}}],"collection":[{"href":"https:\/\/blogs.deusto.es\/magis\/wp-json\/wp\/v2\/posts"}],"about":[{"href":"https:\/\/blogs.deusto.es\/magis\/wp-json\/wp\/v2\/types\/post"}],"author":[{"embeddable":true,"href":"https:\/\/blogs.deusto.es\/magis\/wp-json\/wp\/v2\/users\/386"}],"replies":[{"embeddable":true,"href":"https:\/\/blogs.deusto.es\/magis\/wp-json\/wp\/v2\/comments?post=3578"}],"version-history":[{"count":1,"href":"https:\/\/blogs.deusto.es\/magis\/wp-json\/wp\/v2\/posts\/3578\/revisions"}],"predecessor-version":[{"id":3580,"href":"https:\/\/blogs.deusto.es\/magis\/wp-json\/wp\/v2\/posts\/3578\/revisions\/3580"}],"wp:attachment":[{"href":"https:\/\/blogs.deusto.es\/magis\/wp-json\/wp\/v2\/media?parent=3578"}],"wp:term":[{"taxonomy":"category","embeddable":true,"href":"https:\/\/blogs.deusto.es\/magis\/wp-json\/wp\/v2\/categories?post=3578"},{"taxonomy":"post_tag","embeddable":true,"href":"https:\/\/blogs.deusto.es\/magis\/wp-json\/wp\/v2\/tags?post=3578"}],"curies":[{"name":"wp","href":"https:\/\/api.w.org\/{rel}","templated":true}]}}