{"id":3584,"date":"2022-11-02T08:59:51","date_gmt":"2022-11-02T06:59:51","guid":{"rendered":"https:\/\/preblogs.deusto.es\/magis\/?p=3584"},"modified":"2022-11-02T08:59:51","modified_gmt":"2022-11-02T06:59:51","slug":"benditos-de-mi-padre-2","status":"publish","type":"post","link":"https:\/\/blogs.deusto.es\/magis\/benditos-de-mi-padre-2\/","title":{"rendered":"Benditos de mi Padre"},"content":{"rendered":"\n<p><a href=\"https:\/\/www.misadecadadia.es\/read.html\">2 de noviembre, Mi\u00e9rcoles, Conmemoraci\u00f3n de todos los fieles difuntos<\/a><\/p>\n\n\n\n<p>A pesar de la creciente vanalizaci\u00f3n de Halloween, el ser humano siempre ha tenido un tiempo para recordar a sus difuntos. Es un tiempo en el que de manera especial nos sentimos un \u00abnosotros\u00bb m\u00e1s amplio que el que nos vemos habitualmente.<\/p>\n\n\n\n<p>En este texto del Evangelio se nos recuerda la continuidad que hay entre la vida y la muerte. Esos actos que hayamos hecho en lo que llamamos vida, tiene continuidad en adelante. En este caso se utiliza la imagen del juicio para que tengamos precisamente este juicio ahora y atendamos a los que tienen hambre, sed, sean forasteros o est\u00e9n enfermos o presos.<\/p>\n\n\n\n<p>Hoy podr\u00edamos hacer m\u00e1s fuerte el sentimiento de unidad con los nuestros. Con aquellos que se nos han ido, y que son parte de nuestra identidad compartida, y con aquellos que est\u00e1n con nosotros. Se trata de hacer comuni\u00f3n. Feliz mi\u00e9rcoles.<\/p>\n\n\n\n<figure class=\"wp-block-image size-full\"><a href=\"https:\/\/blogs.deusto.es\/alumni\/wp-content\/uploads\/sites\/26\/2022\/11\/image-1.png\"><img fetchpriority=\"high\" decoding=\"async\" width=\"900\" height=\"600\" src=\"https:\/\/blogs.deusto.es\/alumni\/wp-content\/uploads\/sites\/26\/2022\/11\/image-1.png\" alt=\"\" class=\"wp-image-3585\" srcset=\"https:\/\/blogs.deusto.es\/wp-content\/uploads\/sites\/26\/2022\/11\/image-1.png 900w, https:\/\/blogs.deusto.es\/wp-content\/uploads\/sites\/26\/2022\/11\/image-1-300x200.png 300w, https:\/\/blogs.deusto.es\/wp-content\/uploads\/sites\/26\/2022\/11\/image-1-768x512.png 768w\" sizes=\"(max-width: 900px) 100vw, 900px\" \/><\/a><\/figure>\n","protected":false},"excerpt":{"rendered":"<p>2 de noviembre, Mi\u00e9rcoles, Conmemoraci\u00f3n de todos los fieles difuntos A pesar de la creciente vanalizaci\u00f3n de Halloween, el ser humano siempre ha tenido un tiempo para recordar a sus difuntos. Es un tiempo en el que de manera especial &hellip; <a href=\"https:\/\/blogs.deusto.es\/magis\/benditos-de-mi-padre-2\/\">Sigue leyendo <span class=\"meta-nav\">&rarr;<\/span><\/a><\/p>\n","protected":false},"author":386,"featured_media":0,"comment_status":"open","ping_status":"open","sticky":false,"template":"","format":"standard","meta":{"footnotes":""},"categories":[1],"tags":[],"class_list":["post-3584","post","type-post","status-publish","format-standard","hentry","category-publicaciones-blog"],"_links":{"self":[{"href":"https:\/\/blogs.deusto.es\/magis\/wp-json\/wp\/v2\/posts\/3584","targetHints":{"allow":["GET"]}}],"collection":[{"href":"https:\/\/blogs.deusto.es\/magis\/wp-json\/wp\/v2\/posts"}],"about":[{"href":"https:\/\/blogs.deusto.es\/magis\/wp-json\/wp\/v2\/types\/post"}],"author":[{"embeddable":true,"href":"https:\/\/blogs.deusto.es\/magis\/wp-json\/wp\/v2\/users\/386"}],"replies":[{"embeddable":true,"href":"https:\/\/blogs.deusto.es\/magis\/wp-json\/wp\/v2\/comments?post=3584"}],"version-history":[{"count":1,"href":"https:\/\/blogs.deusto.es\/magis\/wp-json\/wp\/v2\/posts\/3584\/revisions"}],"predecessor-version":[{"id":3586,"href":"https:\/\/blogs.deusto.es\/magis\/wp-json\/wp\/v2\/posts\/3584\/revisions\/3586"}],"wp:attachment":[{"href":"https:\/\/blogs.deusto.es\/magis\/wp-json\/wp\/v2\/media?parent=3584"}],"wp:term":[{"taxonomy":"category","embeddable":true,"href":"https:\/\/blogs.deusto.es\/magis\/wp-json\/wp\/v2\/categories?post=3584"},{"taxonomy":"post_tag","embeddable":true,"href":"https:\/\/blogs.deusto.es\/magis\/wp-json\/wp\/v2\/tags?post=3584"}],"curies":[{"name":"wp","href":"https:\/\/api.w.org\/{rel}","templated":true}]}}