{"id":4100,"date":"2023-04-19T08:07:00","date_gmt":"2023-04-19T06:07:00","guid":{"rendered":"https:\/\/preblogs.deusto.es\/magis\/?p=4100"},"modified":"2023-04-19T08:07:00","modified_gmt":"2023-04-19T06:07:00","slug":"salvar-el-mundo","status":"publish","type":"post","link":"https:\/\/blogs.deusto.es\/magis\/salvar-el-mundo\/","title":{"rendered":"Salvar el mundo"},"content":{"rendered":"\n<p><a href=\"https:\/\/www.misadecadadia.es\/read.html\">19 de abril, Mi\u00e9rcoles II de Pascua<\/a><\/p>\n\n\n\n<p>En nuestra cultura podemos entender que esto de salvar el mundo es cosa de super h\u00e9roes. Una especie de semidioses con superpoderes que luchan contra los enemigos del mundo. El asunto se sit\u00faa en que ahora el mayor peligro de la tierra es el mismo ser humano y su modo social de vivir.<\/p>\n\n\n\n<p>Jes\u00fas establece el camino del amor como el camino de salvaci\u00f3n. Es el superpoder del amor de Dios el que es capaz de curar, reconciliar, acoger y proyectar un futuro esperanzador. Es a luz de ese amor donde se da la salvaci\u00f3n.<\/p>\n\n\n\n<p>Hoy necesitamos super h\u00e9roes del amor. Personas que sean capaces de amar al modo de Dios para remontar y salvar este mundo en el que vivimos. Necesitamos gente que a trav\u00e9s del amor, al modo de Jes\u00fas, sea caapz de curar, reconciliar, acoger y esperanzar. \u00bfTe animas? Feliz mi\u00e9rcoles.<\/p>\n\n\n\n<figure class=\"wp-block-image size-full\"><a href=\"https:\/\/blogs.deusto.es\/alumni\/wp-content\/uploads\/sites\/26\/2023\/04\/image-21.png\"><img fetchpriority=\"high\" decoding=\"async\" width=\"477\" height=\"720\" src=\"https:\/\/blogs.deusto.es\/alumni\/wp-content\/uploads\/sites\/26\/2023\/04\/image-21.png\" alt=\"\" class=\"wp-image-4101\" srcset=\"https:\/\/blogs.deusto.es\/wp-content\/uploads\/sites\/26\/2023\/04\/image-21.png 477w, https:\/\/blogs.deusto.es\/wp-content\/uploads\/sites\/26\/2023\/04\/image-21-199x300.png 199w\" sizes=\"(max-width: 477px) 100vw, 477px\" \/><\/a><\/figure>\n","protected":false},"excerpt":{"rendered":"<p>19 de abril, Mi\u00e9rcoles II de Pascua En nuestra cultura podemos entender que esto de salvar el mundo es cosa de super h\u00e9roes. Una especie de semidioses con superpoderes que luchan contra los enemigos del mundo. El asunto se sit\u00faa &hellip; <a href=\"https:\/\/blogs.deusto.es\/magis\/salvar-el-mundo\/\">Sigue leyendo <span class=\"meta-nav\">&rarr;<\/span><\/a><\/p>\n","protected":false},"author":386,"featured_media":0,"comment_status":"open","ping_status":"open","sticky":false,"template":"","format":"standard","meta":{"footnotes":""},"categories":[1],"tags":[],"class_list":["post-4100","post","type-post","status-publish","format-standard","hentry","category-publicaciones-blog"],"_links":{"self":[{"href":"https:\/\/blogs.deusto.es\/magis\/wp-json\/wp\/v2\/posts\/4100","targetHints":{"allow":["GET"]}}],"collection":[{"href":"https:\/\/blogs.deusto.es\/magis\/wp-json\/wp\/v2\/posts"}],"about":[{"href":"https:\/\/blogs.deusto.es\/magis\/wp-json\/wp\/v2\/types\/post"}],"author":[{"embeddable":true,"href":"https:\/\/blogs.deusto.es\/magis\/wp-json\/wp\/v2\/users\/386"}],"replies":[{"embeddable":true,"href":"https:\/\/blogs.deusto.es\/magis\/wp-json\/wp\/v2\/comments?post=4100"}],"version-history":[{"count":1,"href":"https:\/\/blogs.deusto.es\/magis\/wp-json\/wp\/v2\/posts\/4100\/revisions"}],"predecessor-version":[{"id":4102,"href":"https:\/\/blogs.deusto.es\/magis\/wp-json\/wp\/v2\/posts\/4100\/revisions\/4102"}],"wp:attachment":[{"href":"https:\/\/blogs.deusto.es\/magis\/wp-json\/wp\/v2\/media?parent=4100"}],"wp:term":[{"taxonomy":"category","embeddable":true,"href":"https:\/\/blogs.deusto.es\/magis\/wp-json\/wp\/v2\/categories?post=4100"},{"taxonomy":"post_tag","embeddable":true,"href":"https:\/\/blogs.deusto.es\/magis\/wp-json\/wp\/v2\/tags?post=4100"}],"curies":[{"name":"wp","href":"https:\/\/api.w.org\/{rel}","templated":true}]}}