{"id":5509,"date":"2024-07-24T08:12:24","date_gmt":"2024-07-24T06:12:24","guid":{"rendered":"https:\/\/blogs.deusto.es\/magis\/?p=5509"},"modified":"2024-07-24T08:12:24","modified_gmt":"2024-07-24T06:12:24","slug":"tierra-buena","status":"publish","type":"post","link":"https:\/\/blogs.deusto.es\/magis\/tierra-buena\/","title":{"rendered":"Tierra buena"},"content":{"rendered":"\n<p><a href=\"https:\/\/www.misadecadadia.es\/read.html\">24 de julio. Mi\u00e9rcoles de la XVI semana del tiempo ordinario<\/a>.<\/p>\n\n\n\n<p>Adolfo Nicol\u00e1s nos dec\u00eda que vivimos distra\u00eddos. En la sociedad de la distracci\u00f3n en la que todo el mundo demanda nuestra atenci\u00f3n se hace muy dificil cultivar nuestra vida interior,  una vida que choca contra la prisa, el ajetreo y la superficialidad.<\/p>\n\n\n\n<p>La par\u00e1bola del sembrador es una llamada a cultivar nuestra vida como tierra buena.  La palabra no entra autom\u00e1ticamente, sino que encesita de un contexto, necesita de una tierra para que fructifique.<\/p>\n\n\n\n<p>En este tiempo de mucha dispersi\u00f3n podr\u00edamos disponernos a centrarnos un poco m\u00e1s en la vida. Se trata de prepar, de cuidar que nuestra vida sea capaz de acoger la propuesta del Evangelio y se nos despiste lo que realmente es buena noticia. Feliz mi\u00e9rcoles.<\/p>\n\n\n\n<figure class=\"wp-block-image size-full\"><a href=\"https:\/\/blogs.deusto.es\/wp-content\/uploads\/sites\/26\/2024\/07\/image-21.png\"><img fetchpriority=\"high\" decoding=\"async\" width=\"400\" height=\"267\" src=\"https:\/\/blogs.deusto.es\/wp-content\/uploads\/sites\/26\/2024\/07\/image-21.png\" alt=\"\" class=\"wp-image-5510\" srcset=\"https:\/\/blogs.deusto.es\/wp-content\/uploads\/sites\/26\/2024\/07\/image-21.png 400w, https:\/\/blogs.deusto.es\/wp-content\/uploads\/sites\/26\/2024\/07\/image-21-300x200.png 300w\" sizes=\"(max-width: 400px) 100vw, 400px\" \/><\/a><\/figure>\n","protected":false},"excerpt":{"rendered":"<p>24 de julio. Mi\u00e9rcoles de la XVI semana del tiempo ordinario. Adolfo Nicol\u00e1s nos dec\u00eda que vivimos distra\u00eddos. En la sociedad de la distracci\u00f3n en la que todo el mundo demanda nuestra atenci\u00f3n se hace muy dificil cultivar nuestra vida &hellip; <a href=\"https:\/\/blogs.deusto.es\/magis\/tierra-buena\/\">Sigue leyendo <span class=\"meta-nav\">&rarr;<\/span><\/a><\/p>\n","protected":false},"author":386,"featured_media":0,"comment_status":"open","ping_status":"open","sticky":false,"template":"","format":"standard","meta":{"footnotes":""},"categories":[1],"tags":[],"class_list":["post-5509","post","type-post","status-publish","format-standard","hentry","category-publicaciones-blog"],"_links":{"self":[{"href":"https:\/\/blogs.deusto.es\/magis\/wp-json\/wp\/v2\/posts\/5509","targetHints":{"allow":["GET"]}}],"collection":[{"href":"https:\/\/blogs.deusto.es\/magis\/wp-json\/wp\/v2\/posts"}],"about":[{"href":"https:\/\/blogs.deusto.es\/magis\/wp-json\/wp\/v2\/types\/post"}],"author":[{"embeddable":true,"href":"https:\/\/blogs.deusto.es\/magis\/wp-json\/wp\/v2\/users\/386"}],"replies":[{"embeddable":true,"href":"https:\/\/blogs.deusto.es\/magis\/wp-json\/wp\/v2\/comments?post=5509"}],"version-history":[{"count":1,"href":"https:\/\/blogs.deusto.es\/magis\/wp-json\/wp\/v2\/posts\/5509\/revisions"}],"predecessor-version":[{"id":5511,"href":"https:\/\/blogs.deusto.es\/magis\/wp-json\/wp\/v2\/posts\/5509\/revisions\/5511"}],"wp:attachment":[{"href":"https:\/\/blogs.deusto.es\/magis\/wp-json\/wp\/v2\/media?parent=5509"}],"wp:term":[{"taxonomy":"category","embeddable":true,"href":"https:\/\/blogs.deusto.es\/magis\/wp-json\/wp\/v2\/categories?post=5509"},{"taxonomy":"post_tag","embeddable":true,"href":"https:\/\/blogs.deusto.es\/magis\/wp-json\/wp\/v2\/tags?post=5509"}],"curies":[{"name":"wp","href":"https:\/\/api.w.org\/{rel}","templated":true}]}}